{"id":15854,"date":"2021-12-29T12:08:52","date_gmt":"2021-12-29T09:08:52","guid":{"rendered":"http:\/\/akdenizolaygazetesi.com\/?p=15854"},"modified":"2021-12-29T12:08:52","modified_gmt":"2021-12-29T09:08:52","slug":"baris-mahallesinde-hak-sahipleriyle-anlasma-yuzde-90i-asti","status":"publish","type":"post","link":"https:\/\/akdenizolaygazetesi.com\/?p=15854","title":{"rendered":"BARI\u015e MAHALLES\u0130\u2019NDE HAK SAH\u0130PLER\u0130YLE ANLA\u015eMA Y\u00dcZDE 90\u2019I A\u015eTI"},"content":{"rendered":"<p>Mersin kent merkezinde yer alan Bar\u0131\u015f Mahallesi\u2019nde ba\u015flayan yerinde kentsel d\u00f6n\u00fc\u015f\u00fcm projesinde b\u00fcy\u00fck bir yol al\u0131nd\u0131. Mahalle sakinleri ile devam eden g\u00f6r\u00fc\u015fmeler sonucu, arsa alan\u0131 \u00fczerinden hak sahiplerinin y\u00fczde 90,64\u2019\u00fc ile anla\u015fma sa\u011fland\u0131. Anla\u015f\u0131lan hak sahiplerinin y\u00fczde 80.46\u2019s\u0131n\u0131n da tapu devir i\u015flemleri tamamland\u0131.<br \/>\nBar\u0131\u015f Mahallesi\u2019nde yeni ve modern bir ya\u015fam alan\u0131 y\u00fckselecek<br \/>\nMersin\u2019in de\u011fi\u015fim ve d\u00f6n\u00fc\u015f\u00fcm\u00fcn\u00fcn, Akdeniz\u2019in de\u011fi\u015fiminden ge\u00e7ti\u011finin alt\u0131n\u0131 her f\u0131rsatta \u00e7izen Akdeniz Belediye Ba\u015fkan\u0131 M. Mustafa G\u00fcltak, Bar\u0131\u015f Mahallesi&#8217;nde ger\u00e7ekle\u015fen yerinde kentsel d\u00f6n\u00fc\u015f\u00fcm projesine ili\u015fkin bir de\u011ferlendirme yapt\u0131. \u00d6rnek proje ile kent merkezinde yepyeni, modern ve g\u00fcvenli yap\u0131lar\u0131n bulundu\u011fu bir mahallenin y\u00fckselece\u011fini vurgulayan Ba\u015fkan G\u00fcltak; \u201c\u00c7ay Mahallesi\u2019nin ard\u0131ndan Akdeniz\u2019i de\u011fi\u015ftirecek olan ikinci proje olan Bar\u0131\u015f Mahallesi Yerinde Kentsel D\u00f6n\u00fc\u015f\u00fcm Projesi\u2019nde, arsa alan\u0131 \u00fczerinden hak sahiplerinin y\u00fczde 90,64\u2019\u00fc ile anla\u015fma sa\u011fland\u0131. Anla\u015fma yap\u0131lan hak sahiplerinin de y\u00fczde 80.46\u2019s\u0131n\u0131n tapu devir i\u015flemleri tamamland\u0131\u201d dedi.<br \/>\n415 konut, 45 i\u015fyeri, k\u00fclt\u00fcr merkezi, cami, kre\u015f ve spor alanlar\u0131<br \/>\nBa\u015fkan Mustafa G\u00fcltak; her y\u00f6n\u00fcyle modern ve kent ya\u015fam\u0131n\u0131n gerektirdi\u011fi t\u00fcm sosyal ve k\u00fclt\u00fcrel donat\u0131 alanlar\u0131n\u0131n yer alaca\u011f\u0131 bir mahallenin in\u015fa edilece\u011fi Bar\u0131\u015f\u2019ta, \u00f6n\u00fcm\u00fczdeki haftalar i\u00e7inde temel atma i\u015finin ba\u015flayaca\u011f\u0131n\u0131 da belirterek; \u201cProjede 415 konut, 45 i\u015fyeri, 1 cami, 1 kre\u015f 1 de k\u00fclt\u00fcr evimiz var. Ayr\u0131ca otoparklar\u0131, peyzaj alanlar\u0131, spor alanlar\u0131 ile kent merkezinde yepyeni bir mahalle y\u00fckselecek\u201d diye konu\u015ftu.<br \/>\nBa\u015fkan G\u00fcltak; \u201cKentimizin de\u011fi\u015fimi i\u00e7in her t\u00fcrl\u00fc siyasi riski ald\u0131k\u201d<br \/>\nS\u00f6zlerini; \u201cAkdeniz il\u00e7emiz, Mersin&#8217;in kalbi diyoruz. Fakat \u015fehrimiz y\u0131llard\u0131r de\u011fi\u015fmemi\u015fti ancak art\u0131k de\u011fi\u015fim ve d\u00f6n\u00fc\u015f\u00fcm ba\u015flad\u0131\u201d \u015feklinde s\u00fcrd\u00fcren Ba\u015fkan G\u00fcltak; \u201cUzun u\u011fra\u015flar sonucu 1 y\u0131l i\u00e7inde bu noktaya geldik. Bar\u0131\u015f Mahallesi\u2019nde ya\u015fayan vatanda\u015flar\u0131m\u0131z\u0131n memnuniyet ve heyecan\u0131, do\u011fru bir yol \u00fczerinde oldu\u011fumuzu g\u00f6steriyor. Tabi bu i\u015fleri yapabilmek kolay de\u011fil. Zira belediye ba\u015fkanlar\u0131 i\u00e7in siyasi riskler ta\u015f\u0131r. Ancak biz, il\u00e7emizin ve nihayetinde kentimizin de\u011fi\u015fimi ve yenilenmesi amac\u0131yla bu risklerin t\u00fcm\u00fcn\u00fc ald\u0131k\u201d ifadelerini kulland\u0131.<br \/>\n\u201cKent merkezini de\u011fi\u015ftirecek devrim niteli\u011finde bir proje\u201d<br \/>\nBa\u015fkan G\u00fcltak; kentsel d\u00f6n\u00fc\u015f\u00fcm projesi kapsam\u0131nda eski evlerin y\u0131k\u0131m\u0131na ba\u015flanan Bar\u0131\u015f Mahallesi\u2019ni ziyaret etti\u011fini, \u00e7al\u0131\u015fmalar\u0131 inceleyip mahalle sakinleri ile sohbet etti\u011fini de hat\u0131rlatt\u0131. Tapu devirlerinin ard\u0131ndan vatanda\u015flara kira bedellerinin \u00f6denmeye devam etti\u011fini belirten Ba\u015fkan G\u00fcltak; Akdeniz\u2019i kapsayan devrim niteli\u011findeki de\u011fi\u015fim hareketinin t\u00fcm Mersin\u2019i ve il\u00e7elerini kapsamas\u0131 gerekti\u011finin de alt\u0131n\u0131 \u00e7izdi.<br \/>\n\u201cKentimizin t\u00fcm sivil dinamiklerinin deste\u011fi ile bu de\u011fi\u015fim hareketinin, zaman i\u00e7inde t\u00fcm \u015fehrimizi kapsamas\u0131n\u0131 diliyorum\u201d diyen Ba\u015fkan G\u00fcltak; \u201cYak\u0131n zaman i\u00e7inde bu alanda modern ve planl\u0131 \u015fehircilik anlay\u0131\u015f\u0131n\u0131 her y\u00f6n\u00fcyle g\u00f6receksiniz. Park ve otoparklar, sportif mek\u00e2nlar, d\u00fczenli cadde ve sokaklar, \u00e7ocuklar\u0131n oynayabilece\u011fi alanlar olacak. Bu da hem mahalleye hem Akdeniz&#8217;in marka de\u011ferinde art\u0131\u015f sa\u011flayacak. Bu anlamda, k\u0131ymetli desteklerini esirgemeyen Cumhurba\u015fkan\u0131m\u0131z Say\u0131n Recep Tayyip Erdo\u011fan&#8217;a, Eski Hazine ve Maliye Bakan\u0131m\u0131z Say\u0131n L\u00fctfi Elvan ile \u00c7evre ve \u015eehircilik Bakan\u0131m\u0131z Say\u0131n Murat Kurum\u2019a, TOK\u0130 yetkililerine, Meclis \u00fcyelerimiz ve b\u00fcrokratlar\u0131m\u0131za te\u015fekk\u00fcr ediyor, Akdeniz ve Mersin\u2019e hay\u0131rl\u0131 olmas\u0131n\u0131 diliyorum\u201d \u015feklinde konu\u015ftu.<br \/>\nBar\u0131\u015f sakinleri, mahalleyi de\u011fi\u015ftirecek projeden memnun<br \/>\nBu arada, b\u00f6lgeyi kapsayan yerinde kentsel d\u00f6n\u00fc\u015f\u00fcm projesi ile ilgili duygu ve d\u00fc\u015f\u00fcncelerini anlatan Bar\u0131\u015f Mahallesi sakinleri; ya\u015fad\u0131klar\u0131 \u00e7evreyi tamamen de\u011fi\u015ftirip g\u00fczelle\u015ftirecek olan projeye ili\u015fkin memnuniyetlerini dile getirdi. Bir\u00e7ok evin art\u0131k ya\u015fan\u0131lamaz hale geldi\u011fini ifade ederek, mahallenin kentsel d\u00f6n\u00fc\u015f\u00fcme acil ihtiyac\u0131 oldu\u011funu ifade eden vatanda\u015flar, projenin hayata ge\u00e7mesinde b\u00fcy\u00fck eme\u011fi olan Akdeniz Belediye Ba\u015fkan\u0131 M. Mustafa G\u00fcltak\u2019a da te\u015fekk\u00fcr etti&#8230;<br \/>\nTurgut Reis Mahallesi\u2026<br \/>\nYine kent merkezinde yer alan ve zaman i\u00e7inde adeta \u00e7\u00f6k\u00fcnt\u00fc b\u00f6lgesine d\u00f6n\u00fc\u015fen Turgut Reis Mahallesi\u2019ni kapsayan yerinde kentsel d\u00f6n\u00fc\u015f\u00fcm projesinde de yasal prosed\u00fcrlerin s\u00fcrd\u00fc\u011f\u00fcn\u00fc kaydeden Ba\u015fkan Mustafa G\u00fcltak, mahalle ile ilgili s\u00fcrecin 2022 y\u0131l\u0131 i\u00e7inde netle\u015fece\u011fini s\u00f6zlerine ekledi.<\/p>\n","protected":false},"excerpt":{"rendered":"<p>Mersin kent merkezinde yer alan Bar\u0131\u015f Mahallesi\u2019nde ba\u015flayan yerinde kentsel d\u00f6n\u00fc\u015f\u00fcm projesinde b\u00fcy\u00fck bir yol al\u0131nd\u0131. Mahalle sakinleri ile devam eden g\u00f6r\u00fc\u015fmeler sonucu, arsa alan\u0131 \u00fczerinden hak sahiplerinin y\u00fczde 90,64\u2019\u00fc &hellip; <a href=\"https:\/\/akdenizolaygazetesi.com\/?p=15854\" class=\"more-link\">Devam\u0131n\u0131 Oku&#8230;<\/a><\/p>\n","protected":false},"author":2,"featured_media":15855,"comment_status":"open","ping_status":"open","sticky":false,"template":"","format":"standard","meta":[],"categories":[8,2,3,5],"tags":[],"_links":{"self":[{"href":"https:\/\/akdenizolaygazetesi.com\/index.php?rest_route=\/wp\/v2\/posts\/15854"}],"collection":[{"href":"https:\/\/akdenizolaygazetesi.com\/index.php?rest_route=\/wp\/v2\/posts"}],"about":[{"href":"https:\/\/akdenizolaygazetesi.com\/index.php?rest_route=\/wp\/v2\/types\/post"}],"author":[{"embeddable":true,"href":"https:\/\/akdenizolaygazetesi.com\/index.php?rest_route=\/wp\/v2\/users\/2"}],"replies":[{"embeddable":true,"href":"https:\/\/akdenizolaygazetesi.com\/index.php?rest_route=%2Fwp%2Fv2%2Fcomments&post=15854"}],"version-history":[{"count":1,"href":"https:\/\/akdenizolaygazetesi.com\/index.php?rest_route=\/wp\/v2\/posts\/15854\/revisions"}],"predecessor-version":[{"id":15856,"href":"https:\/\/akdenizolaygazetesi.com\/index.php?rest_route=\/wp\/v2\/posts\/15854\/revisions\/15856"}],"wp:featuredmedia":[{"embeddable":true,"href":"https:\/\/akdenizolaygazetesi.com\/index.php?rest_route=\/wp\/v2\/media\/15855"}],"wp:attachment":[{"href":"https:\/\/akdenizolaygazetesi.com\/index.php?rest_route=%2Fwp%2Fv2%2Fmedia&parent=15854"}],"wp:term":[{"taxonomy":"category","embeddable":true,"href":"https:\/\/akdenizolaygazetesi.com\/index.php?rest_route=%2Fwp%2Fv2%2Fcategories&post=15854"},{"taxonomy":"post_tag","embeddable":true,"href":"https:\/\/akdenizolaygazetesi.com\/index.php?rest_route=%2Fwp%2Fv2%2Ftags&post=15854"}],"curies":[{"name":"wp","href":"https:\/\/api.w.org\/{rel}","templated":true}]}}