{"id":15857,"date":"2021-12-29T12:10:44","date_gmt":"2021-12-29T09:10:44","guid":{"rendered":"http:\/\/akdenizolaygazetesi.com\/?p=15857"},"modified":"2021-12-29T12:10:44","modified_gmt":"2021-12-29T09:10:44","slug":"3-ocak-coskusu-toroslari-sardi","status":"publish","type":"post","link":"https:\/\/akdenizolaygazetesi.com\/?p=15857","title":{"rendered":"&#8220;3 OCAK CO\u015eKUSU TOROSLAR&#8217;I SARDI&#8221;"},"content":{"rendered":"<p>Toroslar Belediyesi, 3 Ocak Mersin&#8217;in D\u00fc\u015fman \u0130\u015fgalinden Kurtulu\u015fu&#8217;nun 100&#8217;\u00fcnc\u00fc y\u0131l d\u00f6n\u00fcm\u00fcnde organize edece\u011fi &#8220;Geleneksel 3 Ocak Zafer Y\u00fcr\u00fcy\u00fc\u015f\u00fc&#8221; ve etkinliklere haz\u0131rlan\u0131yor.<\/p>\n<p>Mersin&#8217;in sembol\u00fc haline gelen Zafer Y\u00fcr\u00fcy\u00fc\u015f\u00fc&#8217;nde bu y\u0131l da birlik ve beraberli\u011fin en g\u00fczel foto\u011fraf karesi verilecek.<\/p>\n<p>Toroslar Belediye Ba\u015fkan\u0131 Ats\u0131z Af\u015f\u0131n Y\u0131lmaz; &#8220;Kentimizin D\u00fc\u015fman \u0130\u015fgali&#8217;nden Kurtulu\u015fu&#8217;nun 100. y\u0131l d\u00f6n\u00fcm\u00fcn\u00fc kutlamak \u00fczere, milli m\u00fccadele ruhu ve gururuyla 3 Ocak Pazartesi g\u00fcn\u00fc saat 08.00&#8217;da 3 Ocak Zafer Y\u00fcr\u00fcy\u00fc\u015f\u00fcm\u00fczde bir araya geliyoruz&#8221; dedi.<\/p>\n<p>&#8220;B\u00fcy\u00fck Bir Co\u015fku ve Heyecan \u0130\u00e7erisindeyiz&#8221;<\/p>\n<p>Ba\u015fkan Y\u0131lmaz; &#8220;Ge\u00e7ti\u011fimiz y\u0131l 3 Ocak&#8217;ta pandemi nedeniyle bir arada olamad\u0131k. Bu y\u0131l hem\u015fehrilerimizle omuz omuza vererek zaferimizi ta\u00e7land\u0131raca\u011f\u0131z. 3 Ocak 2022 Pazartesi g\u00fcn\u00fc sabah\u0131 saat 08.00&#8217;da Toroslar Belediyemiz \u00f6n\u00fcnden ba\u015flayacak olan 3 Ocak Zafer Y\u00fcr\u00fcy\u00fc\u015f\u00fc&#8217;nde herkesi tek y\u00fcrek, tek nefes olmaya davet ediyoruz. Mar\u015flar ve mehteran e\u015fli\u011finde Cumhuriyet Meydan\u0131&#8217;na kadar hep birlikte y\u00fcr\u00fcyece\u011fiz&#8221;  ifadelerini kulland\u0131.<\/p>\n<p>KUVAY\u0130 M\u0130LL\u0130YE KARARG\u00c2HI, 2 OCAK&#8217;TA A\u00c7ILIYOR<\/p>\n<p>Kentlilik bilinciyle \u00e7al\u0131\u015fmalar\u0131n\u0131 s\u00fcrd\u00fcren ve yeni nesle tarih bilincini a\u015f\u0131lamay\u0131 hedefleyen Toroslar Belediye Ba\u015fkan\u0131 Ats\u0131z Af\u015f\u0131n Y\u0131lmaz&#8217;\u0131n \u00f6nemli projelerinden biri olan Buluklu Mahallesi&#8217;ndeki eski konak &#8220;Kuvayi Milliye Kararg\u00e2h\u0131&#8221; olarak restore edildi.<\/p>\n<p>Kuvayi Milliye Kararg\u00e2h\u0131&#8217;n\u0131n a\u00e7\u0131l\u0131\u015f\u0131 ise kurtulu\u015fun 100&#8217;\u00fcnc\u00fc y\u0131l d\u00f6n\u00fcm\u00fc kutlamalar\u0131 kapsam\u0131nda 2 Ocak 2022 Pazar g\u00fcn\u00fc saat 14.00&#8217;da ger\u00e7ekle\u015ftirilecek.<\/p>\n<p>T\u00fcrkiye Cumhuriyeti tarihinin alt\u0131n sayfalar\u0131na yaz\u0131lan Kurtulu\u015f Sava\u015f\u0131&#8217;nda Mersin m\u00fccadelesinin \u00f6nemli bir yeri oldu\u011funa dikkat \u00e7eken Ba\u015fkan Y\u0131lmaz, &#8220;3 Ocak, destans\u0131 bir m\u00fccadelenin sonucunda elde edilen b\u00fcy\u00fck bir zaferdir. Nice zorluklara kahramanca g\u00f6\u011f\u00fcs germi\u015f, hi\u00e7bir ko\u015ful alt\u0131nda vatan\u0131n\u0131 terk etmemi\u015f ve kan\u0131n\u0131n son damlas\u0131na kadar m\u00fccadele etmi\u015f olan atalar\u0131m\u0131z\u0131n miras\u0131n\u0131, bug\u00fcn dahi, gururla omuzlar\u0131m\u0131zda ta\u015f\u0131yoruz. Ulu \u00d6nderimiz Gazi Mustafa Kemal Atat\u00fcrk&#8217;\u00fcn &#8216;Mersinliler Mersin&#8217;e sahip \u00e7\u0131k\u0131n\u0131z&#8217; s\u00f6z\u00fcnden hareketle milli m\u00fccadelemizin destans\u0131 hikayesini, \u015fehit ve gazilerimizin an\u0131s\u0131na, t\u00fcm detaylar\u0131yla tek bir \u00e7at\u0131 alt\u0131nda bir araya getiriyoruz. Milli m\u00fccadele kahramanlar\u0131m\u0131zdan devrald\u0131\u011f\u0131m\u0131z inan\u00e7 ve heyecanla, 3 Ocak Mersin&#8217;in Kurtulu\u015fu&#8217;nun 100. y\u0131l d\u00f6n\u00fcm\u00fcnde Kuvayi Milliye Karargah\u0131m\u0131z\u0131n a\u00e7\u0131l\u0131\u015f\u0131n\u0131 ger\u00e7ekle\u015ftiriyoruz. T\u00fcm halk\u0131m\u0131z\u0131, bu de\u011ferli g\u00fcn\u00fcn bir par\u00e7as\u0131 olmak \u00fczere a\u00e7\u0131l\u0131\u015f\u0131m\u0131za bekliyoruz&#8221; diye konu\u015ftu.<\/p>\n<p>3 OCAK \u015e\u0130\u0130R YARI\u015eMASI&#8217;NIN \u00d6D\u00dcLLER\u0130 SAH\u0130PLER\u0130N\u0130 BULACAK<\/p>\n<p>Toroslar Belediyesi&#8217;nin, Mersin&#8217;in D\u00fc\u015fman \u0130\u015fgalinden Kurtulu\u015fu&#8217;nun y\u0131l d\u00f6n\u00fcm\u00fcnde d\u00fczenleyece\u011fi Geleneksel 3 Ocak Zafer Y\u00fcr\u00fcy\u00fc\u015f\u00fc, etkinliklerle de ta\u00e7lan\u0131yor.<\/p>\n<p>3 Ocak 2022 Pazartesi g\u00fcn\u00fc yap\u0131lacak Zafer Y\u00fcr\u00fcy\u00fc\u015f\u00fc&#8217;n\u00fcn ard\u0131ndan kutlamalar, saat 15.00&#8217;da Yunus Emre K\u00fclt\u00fcr Merkezi&#8217;nde d\u00fczenlenecek Akdeniz B\u00f6lge ve Garnizon Komutanl\u0131\u011f\u0131 Bando Tak\u0131m\u0131n\u0131n g\u00f6sterisiyle devam edecek.<\/p>\n<p>Toroslar Belediyesi ile Mersin Yazarlar Derne\u011fi&#8217;nin (MEYAD) birlikte d\u00fczenledi\u011fi &#8216;3 Ocak Mersin&#8217;in Kurtulu\u015fu&#8217; konulu \u015fiir yar\u0131\u015fmas\u0131n\u0131n \u00f6d\u00fcl t\u00f6reni de yine ayn\u0131 g\u00fcn saat 18.00&#8217;da Yunus Emre K\u00fclt\u00fcr Merkezi&#8217;nde ger\u00e7ekle\u015ftirilecek.<\/p>\n<p>3 Ocak \u015eiir Dinletisi&#8217;nin ard\u0131ndan, T\u00fcrkiye&#8217;nin 14 ilinden toplam 58 eserin kat\u0131ld\u0131\u011f\u0131 yar\u0131\u015fmada dereceye giren \u015fairlere \u00f6d\u00fclleri takdim edilecek.<\/p>\n<p>Kutlamalar; MTSO Anadolu Lisesi ve Toroslar \u015eifa Hatun Mesleki ve Teknik Anadolu Lisesi \u00f6\u011frencilerinin birlikte haz\u0131rlad\u0131\u011f\u0131, 6 Ocak Per\u015fembe g\u00fcn\u00fc saat 11.00&#8217;da Yunus Emre K\u00fclt\u00fcr Merkezi&#8217;nde Mersinlilere sunaca\u011f\u0131 &#8216;3 Ocak Oratoryo ve Drama G\u00f6sterisi&#8221; ile son bulacak.<\/p>\n","protected":false},"excerpt":{"rendered":"<p>Toroslar Belediyesi, 3 Ocak Mersin&#8217;in D\u00fc\u015fman \u0130\u015fgalinden Kurtulu\u015fu&#8217;nun 100&#8217;\u00fcnc\u00fc y\u0131l d\u00f6n\u00fcm\u00fcnde organize edece\u011fi &#8220;Geleneksel 3 Ocak Zafer Y\u00fcr\u00fcy\u00fc\u015f\u00fc&#8221; ve etkinliklere haz\u0131rlan\u0131yor. Mersin&#8217;in sembol\u00fc haline gelen Zafer Y\u00fcr\u00fcy\u00fc\u015f\u00fc&#8217;nde bu y\u0131l da &hellip; <a href=\"https:\/\/akdenizolaygazetesi.com\/?p=15857\" class=\"more-link\">Devam\u0131n\u0131 Oku&#8230;<\/a><\/p>\n","protected":false},"author":2,"featured_media":15858,"comment_status":"open","ping_status":"open","sticky":false,"template":"","format":"standard","meta":[],"categories":[2,3,5],"tags":[],"_links":{"self":[{"href":"https:\/\/akdenizolaygazetesi.com\/index.php?rest_route=\/wp\/v2\/posts\/15857"}],"collection":[{"href":"https:\/\/akdenizolaygazetesi.com\/index.php?rest_route=\/wp\/v2\/posts"}],"about":[{"href":"https:\/\/akdenizolaygazetesi.com\/index.php?rest_route=\/wp\/v2\/types\/post"}],"author":[{"embeddable":true,"href":"https:\/\/akdenizolaygazetesi.com\/index.php?rest_route=\/wp\/v2\/users\/2"}],"replies":[{"embeddable":true,"href":"https:\/\/akdenizolaygazetesi.com\/index.php?rest_route=%2Fwp%2Fv2%2Fcomments&post=15857"}],"version-history":[{"count":1,"href":"https:\/\/akdenizolaygazetesi.com\/index.php?rest_route=\/wp\/v2\/posts\/15857\/revisions"}],"predecessor-version":[{"id":15859,"href":"https:\/\/akdenizolaygazetesi.com\/index.php?rest_route=\/wp\/v2\/posts\/15857\/revisions\/15859"}],"wp:featuredmedia":[{"embeddable":true,"href":"https:\/\/akdenizolaygazetesi.com\/index.php?rest_route=\/wp\/v2\/media\/15858"}],"wp:attachment":[{"href":"https:\/\/akdenizolaygazetesi.com\/index.php?rest_route=%2Fwp%2Fv2%2Fmedia&parent=15857"}],"wp:term":[{"taxonomy":"category","embeddable":true,"href":"https:\/\/akdenizolaygazetesi.com\/index.php?rest_route=%2Fwp%2Fv2%2Fcategories&post=15857"},{"taxonomy":"post_tag","embeddable":true,"href":"https:\/\/akdenizolaygazetesi.com\/index.php?rest_route=%2Fwp%2Fv2%2Ftags&post=15857"}],"curies":[{"name":"wp","href":"https:\/\/api.w.org\/{rel}","templated":true}]}}