{"id":1586,"date":"2020-11-04T18:22:09","date_gmt":"2020-11-04T15:22:09","guid":{"rendered":"http:\/\/mersinekonomipolitikagazetesi.com\/?p=1586"},"modified":"2020-11-04T18:22:09","modified_gmt":"2020-11-04T15:22:09","slug":"carsida-gosteris-havuzu-coplerle-dolu","status":"publish","type":"post","link":"https:\/\/akdenizolaygazetesi.com\/?p=1586","title":{"rendered":"\u00c7AR\u015eI\u2019DA G\u00d6STER\u0130\u015e HAVUZU \u00c7\u00d6PLERLE DOLU"},"content":{"rendered":"<p>Mersin\u2019in merkezinde g\u00f6steri\u015f ve sahile renk katmas\u0131 i\u00e7in yap\u0131lan havuz \u00e7\u00f6p alan\u0131 izlenimi veriyor.<\/p>\n<div id=\":4\">\n<div id=\":2\">\n<div role=\"main\">\n<table cellpadding=\"0\" role=\"presentation\" style=\"width:1630px;\">\n<tbody>\n<tr>\n<td>\n<div role=\"list\">\n<div role=\"listitem\" style=\"clear:both;\" tabindex=\"-1\">\n<div id=\":1f0\">\n<div data-legacy-message-id=\"1624ced53c591fcf\" data-message-id=\"1624ced53c591fcf\">\n<div style=\"margin-left:44px;\">\n<div id=\":1fe\">\n<div id=\":1fd\">\n<div dir=\"auto\">\n<blockquote type=\"cite\">\n<div dir=\"ltr\">\n<p><span style=\"font-size:16px;\">Mersin sahilini iyile\u015ftirme planlamalar\u0131 sonucu \u00e7ar\u015f\u0131ya renk katmak i\u00e7in yap\u0131lan havuz faaliyet g\u00f6stermedi\u011fi gibi havuzun i\u00e7i \u00e7\u00f6plerle dolmu\u015f ve k\u00f6t\u00fc bir g\u00f6r\u00fcnt\u00fcye neden oluyor.<\/span><\/p>\n<p>\u00a0<\/p>\n<p><span style=\"font-family: sans-serif, Arial, Verdana, 'Trebuchet MS'; font-size: 16px; line-height: 1.6em;\">Sahilde temizlik \u00e7al\u0131\u015fmalar\u0131 devam ederken havuzun i\u00e7ine at\u0131lan \u00e7\u00f6plerin g\u00f6z ard\u0131 edildi\u011fi izlenimi, havuzun i\u00e7inde kalan suyun da kirden ve \u00e7\u00f6plerden etrafa kokular salarak havuza yakla\u015fan vatanda\u015f\u0131 rahats\u0131z etti\u011fi belirtildi.<\/span><\/p>\n<\/p><\/div>\n<\/blockquote>\n<blockquote type=\"cite\">\n<div dir=\"ltr\">\n<p><span style=\"font-size:16px;\">Havuzun i\u00e7inde bulunan po\u015fetler, bo\u015f bardaklar, cam \u015fi\u015feler v.b. \u00e7\u00f6pler yer al\u0131rken adeta bir \u00e7\u00f6pl\u00fck alan\u0131 haline geldi\u011fi g\u00f6zlemleniyor.\u00a0<\/span><\/p>\n<\/p><\/div>\n<\/blockquote>\n<blockquote type=\"cite\"><p>\u00a0<\/p><\/blockquote><\/div>\n<\/p><\/div>\n<\/p><\/div>\n<\/p><\/div>\n<\/p><\/div>\n<\/p><\/div>\n<\/p><\/div>\n<\/p><\/div>\n<\/td>\n<\/tr>\n<\/tbody>\n<\/table>\n<div style=\"clear:both;\">\u00a0<\/div>\n<\/div>\n<\/div>\n<\/div>\n","protected":false},"excerpt":{"rendered":"<p>Mersin\u2019in merkezinde g\u00f6steri\u015f ve sahile renk katmas\u0131 i\u00e7in yap\u0131lan havuz \u00e7\u00f6p alan\u0131 izlenimi veriyor. Mersin sahilini iyile\u015ftirme planlamalar\u0131 sonucu \u00e7ar\u015f\u0131ya renk katmak i\u00e7in yap\u0131lan havuz faaliyet g\u00f6stermedi\u011fi gibi havuzun i\u00e7i &hellip; <a href=\"https:\/\/akdenizolaygazetesi.com\/?p=1586\" class=\"more-link\">Devam\u0131n\u0131 Oku&#8230;<\/a><\/p>\n","protected":false},"author":1,"featured_media":0,"comment_status":"open","ping_status":"open","sticky":false,"template":"","format":"standard","meta":[],"categories":[],"tags":[],"_links":{"self":[{"href":"https:\/\/akdenizolaygazetesi.com\/index.php?rest_route=\/wp\/v2\/posts\/1586"}],"collection":[{"href":"https:\/\/akdenizolaygazetesi.com\/index.php?rest_route=\/wp\/v2\/posts"}],"about":[{"href":"https:\/\/akdenizolaygazetesi.com\/index.php?rest_route=\/wp\/v2\/types\/post"}],"author":[{"embeddable":true,"href":"https:\/\/akdenizolaygazetesi.com\/index.php?rest_route=\/wp\/v2\/users\/1"}],"replies":[{"embeddable":true,"href":"https:\/\/akdenizolaygazetesi.com\/index.php?rest_route=%2Fwp%2Fv2%2Fcomments&post=1586"}],"version-history":[{"count":0,"href":"https:\/\/akdenizolaygazetesi.com\/index.php?rest_route=\/wp\/v2\/posts\/1586\/revisions"}],"wp:attachment":[{"href":"https:\/\/akdenizolaygazetesi.com\/index.php?rest_route=%2Fwp%2Fv2%2Fmedia&parent=1586"}],"wp:term":[{"taxonomy":"category","embeddable":true,"href":"https:\/\/akdenizolaygazetesi.com\/index.php?rest_route=%2Fwp%2Fv2%2Fcategories&post=1586"},{"taxonomy":"post_tag","embeddable":true,"href":"https:\/\/akdenizolaygazetesi.com\/index.php?rest_route=%2Fwp%2Fv2%2Ftags&post=1586"}],"curies":[{"name":"wp","href":"https:\/\/api.w.org\/{rel}","templated":true}]}}