{"id":15860,"date":"2021-12-29T12:12:32","date_gmt":"2021-12-29T09:12:32","guid":{"rendered":"http:\/\/akdenizolaygazetesi.com\/?p=15860"},"modified":"2021-12-29T12:12:32","modified_gmt":"2021-12-29T09:12:32","slug":"devlet-bizimle-arasina-ciddi-bir-mesafe-koymus","status":"publish","type":"post","link":"https:\/\/akdenizolaygazetesi.com\/?p=15860","title":{"rendered":"&#8220;DEVLET B\u0130Z\u0130MLE ARASINA C\u0130DD\u0130 B\u0130R MESAFE KOYMU\u015e&#8221;"},"content":{"rendered":"<p>Mersin B\u00fcy\u00fck\u015fehir Belediye Ba\u015fkan\u0131 Vahap Se\u00e7er, KRT TV&#8217;de yay\u0131nlanan &#8216;Ankara Saati&#8217; program\u0131n\u0131n canl\u0131 yay\u0131n konu\u011fu oldu. Se\u00e7er, Elif Do\u011fan \u015eent\u00fcrk&#8217;\u00fcn g\u00fcndeme ili\u015fkin sorular\u0131n\u0131 yan\u0131tlad\u0131. 3 Ocak Mersin&#8217;in kurtulu\u015funun 100. y\u0131l\u0131nda CHP Genel Ba\u015fkan\u0131 Kemal K\u0131l\u0131\u00e7daro\u011flu ve \u0130Y\u0130 Parti Genel Ba\u015fkan\u0131 Meral Ak\u015fener&#8217;in kat\u0131l\u0131m\u0131yla Mersin Metrosu&#8217;nun temelini atacaklar\u0131n\u0131 s\u00f6yleyen Ba\u015fkan Se\u00e7er, &#8220;Mersin&#8217;de rayl\u0131 sistemler d\u00f6nemi ba\u015flayacak&#8221; dedi.<br \/>\n&#8220;Halk\u0131n sorunlar\u0131na e\u011filen, onlarla hemhal olan bir belediyecilik anlay\u0131\u015f\u0131 var&#8221;<br \/>\nElif Do\u011fan \u015eent\u00fcrk&#8217;\u00fcn sorusu \u00fczerine, \u0130\u00e7i\u015fleri Bakanl\u0131\u011f\u0131&#8217;n\u0131n \u0130stanbul B\u00fcy\u00fck\u015fehir Belediyesi&#8217;ne y\u00f6nelik &#8216;ter\u00f6r&#8217; tefti\u015fi hakk\u0131nda de\u011ferlendirmelerde bulunan Ba\u015fkan Se\u00e7er, &#8220;\u00c7al\u0131\u015fmalar\u0131m\u0131zdan, toplum kar\u015f\u0131s\u0131nda geldi\u011fimiz noktadan rahats\u0131zl\u0131k duyuluyor. Toplumda bir kar\u015f\u0131l\u0131\u011f\u0131m\u0131z var, bunu g\u00f6rmek laz\u0131m. \u00d6zellikle pandemi s\u00fcreci, pandemi s\u00fcreci devam ederken ekonomik kriz s\u00fcreci i\u00e7erisinde Millet \u0130ttifak\u0131&#8217;na mensup belediyelerin icraatlar\u0131 ortada. Halk\u0131n sorunlar\u0131na e\u011filen, onlarla hemhal olan sosyal belediyecilik anlay\u0131\u015f\u0131 var. Toplumda kar\u015f\u0131l\u0131\u011f\u0131 var. Her Belediye Ba\u015fkan\u0131 soka\u011fa \u00e7ok rahat \u00e7\u0131kabiliyor, insanlar\u0131n i\u00e7inde gezebiliyor. Bu da baz\u0131 kesimlere rahats\u0131zl\u0131k verebiliyor. Gereksiz, sudan sebeplerle, referanslarla i\u015fte b\u00f6yle karalama kampanyalar\u0131 ve bu ne yaz\u0131k ki devlet eliyle oluyor, devletin imk\u00e2nlar\u0131yla oluyor, devletin makamlar\u0131 kullan\u0131larak oluyor. Bu da bize fazlas\u0131yla \u00fcz\u00fcnt\u00fc veriyor. \u0130stanbul Belediye Ba\u015fkan\u0131m\u0131za y\u00f6nelik sald\u0131r\u0131lar da bunlar\u0131n bir par\u00e7as\u0131&#8221; dedi.<br \/>\n&#8220;Devlet bizimle aras\u0131na ciddi bir mesafe koymu\u015f&#8221;<br \/>\n\u0130nan\u0131lmaz bir adaletsizlik, hukuksuzluk, ayr\u0131mc\u0131l\u0131k ve \u00f6tekile\u015ftirme s\u00fcreci ya\u015fand\u0131\u011f\u0131ndan s\u00f6z eden Ba\u015fkan Se\u00e7er, \u015funlar\u0131 s\u00f6yledi:<br \/>\n&#8220;Cumhuriyet Halk Partili ya da Millet \u0130ttifak\u0131&#8217;na mensup Belediye Ba\u015fkanlar\u0131 ile Cumhur \u0130ttifak\u0131&#8217;na mensup Belediye Ba\u015fkanlar\u0131n\u0131n imk\u00e2nlar\u0131 bir de\u011fil ya da devlet imk\u00e2nlar\u0131ndan, devlet kurumlar\u0131ndan yararlanma imk\u00e2nlar\u0131 ya da f\u0131rsatlar\u0131 bir de\u011fil. Devlet bizimle aras\u0131na ciddi bir mesafe koymu\u015f. Oysa bir mesafenin olmamas\u0131 gerekiyor, ayn\u0131 mesafede olmas\u0131 gerekiyor en az\u0131ndan. Maalesef b\u00f6yle bir durumla kar\u015f\u0131 kar\u015f\u0131yay\u0131z. Finansmana eri\u015fimden, Hazine&#8217;ye ait arsalarda ya da arazilerde ya da baz\u0131 ta\u015f\u0131nmazlarda belediyelere tahsisinde sa\u011flanan f\u0131rsatlar Cumhur \u0130ttifak\u0131&#8217;na sa\u011fland\u0131\u011f\u0131 kadar Millet \u0130ttifak\u0131&#8217;na mensup belediye ba\u015fkanlar\u0131na sa\u011flanm\u0131yor. Millet \u0130ttifak\u0131&#8217;na mensup belediye ba\u015fkanlar\u0131, \u0130stanbul, Ankara, Adana, Mersin ve Antalya gibi \u00e7ok b\u00fcy\u00fck illeri 31 Mart se\u00e7imlerinde kazand\u0131 ve iyi ya da k\u00f6t\u00fc bir y\u00fck devrald\u0131. Farkl\u0131 bir y\u00f6netim anlay\u0131\u015f\u0131ndan belediyeler \u015fimdi bizim y\u00f6netim anlay\u0131\u015f\u0131m\u0131za evrildi. Ortada \u00e7ok b\u00fcy\u00fck tahribatlar\u0131n oldu\u011fu alanlar da var. Biz \u015fu anki mevcut yasalardan kaynakl\u0131 imk\u00e2nlar\u0131m\u0131zla, gelirlerimizle hem bir yandan o tahribat\u0131 ortadan kald\u0131rmaya \u00e7al\u0131\u015f\u0131yoruz hem de vatanda\u015fa hizmet g\u00f6t\u00fcrmeye, yeni yat\u0131r\u0131mlar yapmaya, pandemi s\u00fcrecinde bu yeni olu\u015fan \u015fartlarda onlar\u0131n hayat\u0131n\u0131 kolayla\u015ft\u0131rmaya, ekonomik krizde karn\u0131n\u0131n a\u00e7l\u0131\u011f\u0131ndan k\u0131\u015f\u0131n so\u011fukta yakacak sorununa kadar her \u015feye yeti\u015fmeye \u00e7al\u0131\u015f\u0131yoruz. Tablo bu.&#8221;<br \/>\n&#8220;Bir engeli a\u015f\u0131yorsunuz, kar\u015f\u0131n\u0131za farkl\u0131 bir engel \u00e7\u0131k\u0131yor&#8221;<br \/>\nBor\u00e7lanma yetkisi alma konusunda ya\u015fan\u0131lan s\u0131k\u0131nt\u0131lara da de\u011finen Se\u00e7er, mahkeme s\u00fcrecini anlatarak, &#8220;Siz mutlaka Meclis olarak karar alabilirsiniz ama bu karar\u0131n\u0131z\u0131 keyfi olarak alamazs\u0131n\u0131z. Bir hukuki dayana\u011f\u0131 olmas\u0131 gerekiyor, diyor. Siz Belediye Meclisi olarak idarenin yani belediyenin belde halk\u0131na g\u00f6t\u00fcrece\u011fi hizmetleri engelleyemezsiniz, onlar\u0131 erteletemezsiniz, bu k\u0131s\u0131tlamay\u0131 yapamazs\u0131n\u0131z diye zaten mahkeme karar\u0131n\u0131n gerek\u00e7esinde bunu a\u00e7\u0131k se\u00e7ik Yarg\u0131 oraya yazm\u0131\u015f. Biz b\u00f6yle bir karar ald\u0131k biliyorsunuz. Ge\u00e7ti\u011fimiz haftalarda da Meclis&#8217;in g\u00fcndemine ta\u015f\u0131d\u0131k ve bunun uygulanmas\u0131 y\u00f6n\u00fcnde Meclis&#8217;ten karar \u00e7\u0131kartt\u0131k. Nihayetinde \u00f6yle olmak zorunda. Yoksa e\u011fer uygulanmas\u0131 y\u00f6n\u00fcnde olumlu karar \u00e7\u0131kmasayd\u0131, Meclis g\u00f6revini k\u00f6t\u00fcye kullanm\u0131\u015f olurdu. Bu anlamda tabi bir engeli a\u015f\u0131yorsunuz, kar\u015f\u0131n\u0131za farkl\u0131 bir engel \u00e7\u0131k\u0131yor. \u015eimdi y\u0131l\u0131n sonunda b\u00f6yle bir karar\u0131 ald\u0131n\u0131z. Bu hafta sonu yeni y\u0131la giriyoruz. Bor\u00e7lanma yapamad\u0131k \u015fu ana kadar&#8221; ifadelerini kulland\u0131.<br \/>\n&#8220;Cumhur \u0130ttifak\u0131&#8217;na mensup belediyeler \u00e7ok daha iyi imk\u00e2nlarla finansman buluyor&#8221;<br \/>\nKamu bankalar\u0131n\u0131n kendilerine finans sa\u011flamad\u0131\u011f\u0131n\u0131, bor\u00e7 vermedi\u011fini s\u00f6zlerine ekleyen Ba\u015fkan Se\u00e7er, &#8220;\u00d6zel bankalara gidiyorsunuz, onlar da k\u0131rk dereden su getiriyor. \u015eimdi ekonomik durumu getirip \u00f6n\u00fcn\u00fcze koyuyor, faiz oranlar\u0131nda abuk sabuk rakamlarla geliyor. &#8216;Git \u0130ller Bankas\u0131&#8217;ndan Teminat Mektubu getir&#8217; diyor. \u0130ller Bankas\u0131 da siyasi iradenin emrinde. Zaten Millet \u0130ttifak\u0131&#8217;na mensup kap\u0131lar\u0131 kapam\u0131\u015f. Mutlaka \u00e7ok zaruri ko\u015fullarda, art\u0131k ka\u00e7amayaca\u011f\u0131 noktalarda bize baz\u0131 imk\u00e2nlar sa\u011fl\u0131yor gibi g\u00f6r\u00fcn\u00fcyor ama genel anlamda bakt\u0131\u011f\u0131m\u0131z zaman bir\u00e7ok i\u015fimiz \u0130ller Bankas\u0131&#8217;nda da g\u00f6r\u00fclm\u00fcyor. T\u00fcrkiye Belediyeler Birli\u011fi&#8217;nde de bu b\u00f6yle. B\u00f6lge kalk\u0131nma ajanslar\u0131nda da b\u00f6yle. T\u00fcrkiye Belediyeler Birli\u011fi&#8217;nin kayna\u011f\u0131n\u0131 belediyeler sa\u011fl\u0131yor, kalk\u0131nma ajanslar\u0131n\u0131n kayna\u011f\u0131n\u0131n \u00f6nemli bir k\u0131sm\u0131n\u0131 belediyeler sa\u011fl\u0131yor. \u0130ller Bankas\u0131&#8217;ndan, kurulu\u015f sebebi bu ama bak\u0131yorsunuz belediyeler aras\u0131nda inan\u0131lmaz bir ayr\u0131m yap\u0131yor. Cumhur \u0130ttifak\u0131&#8217;na mensup belediyeler g\u00f6rece olarak Millet \u0130ttifak\u0131&#8217;na mensup belediyelere g\u00f6re \u00e7ok daha iyi imk\u00e2nlarla finansman buluyor, ara\u00e7 yard\u0131m\u0131 al\u0131yor ya da farkl\u0131 alanlarda hibeler al\u0131yor. \u015eehircilik Bakanl\u0131\u011f\u0131 da b\u00f6yle. Bizim belediyelerimiz bu imk\u00e2nlardan yararlanam\u0131yor&#8221; diye konu\u015ftu.<br \/>\n&#8220;3 Ocak&#8217;ta Mersin Metrosu&#8217;nun temelini ataca\u011f\u0131z&#8221;<br \/>\n3 Ocak&#8217;ta Mersin&#8217;in 100. kurtulu\u015f y\u0131l d\u00f6n\u00fcm\u00fcnde Mersin Metrosu&#8217;nun temelini atacaklar\u0131n\u0131 duyuran Ba\u015fkan Se\u00e7er, &#8220;Mersin&#8217;de rayl\u0131 sistemler d\u00f6nemi ba\u015flayacak. Hem partimizin Say\u0131n Genel Ba\u015fkan\u0131 Kemal K\u0131l\u0131\u00e7daro\u011flu hem de \u0130Y\u0130 Parti Genel Ba\u015fkan\u0131 Say\u0131n Meral Ak\u015fener bu temel atma t\u00f6reninde bizleri onurland\u0131racaklar. T\u00fcm halk\u0131m\u0131zla beraber, Mersinlilerle beraber bu \u00f6nemli g\u00fcnde, 3 Ocak&#8217;ta, Mersin&#8217;de saat 15.00&#8217;da Cumhuriyet Alan\u0131&#8217;nda Mersin Metrosu&#8217;nun temelini ataca\u011f\u0131z. Onun da Cumhurba\u015fkanl\u0131\u011f\u0131 Strateji Daire Ba\u015fkanl\u0131\u011f\u0131&#8217;nda imzas\u0131 nihayet \u00e7\u0131kt\u0131. O da yakla\u015f\u0131k 1 y\u0131la yak\u0131nd\u0131r bekliyordu. \u015eimdi Maliye ve Hazine Bakanl\u0131\u011f\u0131&#8217;nda. Orada bekliyoruz. \u0130n\u015fallah k\u0131sa s\u00fcrede oradan da imzadan \u00e7\u0131kar da bir an \u00f6nce i\u015flerimize ba\u015flar\u0131z. Ne kadar zaman yitirirsek maliyetler o kadar art\u0131yor. Ne kadar zaman yitirirsek memleket hizmetten geri kal\u0131yor ya da zaman yitirmi\u015f oluyor. B\u00fct\u00fcn bu zorluklar i\u00e7erisinde yine \u00f6nemli i\u015fler yap\u0131yoruz&#8221; dedi.<br \/>\nBa\u015fkan Se\u00e7er, d\u00f6viz kurlar\u0131nda ya\u015fanan dalgalanmalar\u0131n hizmetlere yans\u0131d\u0131\u011f\u0131n\u0131 s\u00f6zlerine ekleyerek, &#8220;Bu y\u0131l\u0131n May\u0131s ay\u0131nda 87 yeni CNG&#8217;li otob\u00fcs\u00fc Mersin halk\u0131na kazand\u0131rd\u0131k. 152 milyon liraya ald\u0131\u011f\u0131m\u0131z 87 otob\u00fcs\u00fc, ayn\u0131 otob\u00fcsleri alsak emin olun ki 350 milyon liraya ancak alabilece\u011fiz. Zaman yitirdi\u011finiz zaman sizin kesenizden \u00e7\u0131k\u0131yor. 1 liraya yapaca\u011f\u0131n\u0131z bir i\u015fi 3 liraya yap\u0131yorsunuz. Zaman kayb\u0131, ekonomik kay\u0131p, parasal kay\u0131p ve kaynak israf\u0131&#8230; \u0130nsanlar bizden hizmet bekliyor. Seri i\u015f yapmam\u0131z\u0131, seri hizmet g\u00f6t\u00fcrmemizi bekliyor. Ama biz zorlan\u0131yoruz&#8221; ifadelerini kulland\u0131.<br \/>\n&#8220;Bu ya\u015fad\u0131\u011f\u0131m\u0131z olaylar, bu tutumlar, bu davran\u0131\u015flar devlet geleneklerine ayk\u0131r\u0131&#8221;<br \/>\n\u0130stanbul B\u00fcy\u00fck\u015fehir Belediyesi&#8217;nde ter\u00f6r \u00f6rg\u00fct\u00fcne mensup ki\u015filerin \u00e7al\u0131\u015ft\u0131r\u0131ld\u0131\u011f\u0131 y\u00f6n\u00fcndeki iddialarla ilgili \u015eent\u00fcrk&#8217;\u00fcn &#8220;Ama\u00e7 acaba siyasi mi, sizi siyasi bir yar\u0131\u015fa m\u0131 \u00e7ekmek istiyorlar?&#8221; sorusuna Ba\u015fkan Se\u00e7er, &#8220;Bu ya\u015fad\u0131\u011f\u0131m\u0131z olaylar, bu tutumlar, bu davran\u0131\u015flar devlet geleneklerine de ayk\u0131r\u0131. Twitter yoluyla soru\u015fturma a\u00e7t\u0131\u011f\u0131n\u0131 s\u00f6yl\u00fcyor, akl\u0131na geleni her ortamda, Meclis&#8217;te ayr\u0131, ba\u015fka toplant\u0131da ayr\u0131; ger\u00e7ekten art\u0131k devlet idaresinin de \u00e7ivisi \u00e7\u0131km\u0131\u015f. Bunlar ciddi i\u015fler, \u00f6nemli konular. Her akl\u0131m\u0131za geleni her ortamda konu\u015fmamam\u0131z gerekiyor. Allah a\u015fk\u0131na biz kendimize g\u00f6re kurallar koyup mu eleman al\u0131yoruz, i\u015f\u00e7i al\u0131yoruz, memur al\u0131yoruz? B\u00f6yle bir \u015fey olabilir mi? Bunun kural\u0131 var. Yasalardan kaynakl\u0131 yapman\u0131z gereken i\u015fler \u00f6n\u00fcn\u00fczde duruyor. Belediyede \u00e7al\u0131\u015fmak istiyorsunuz, ben sizi uygun g\u00f6rd\u00fcm, belediyeye al\u0131nacaks\u0131n\u0131z; sizden baz\u0131 evraklar istenir, adli sicil evrak\u0131 istenir. E\u011fer bir problem yoksa sizi i\u015fe al\u0131r\u0131z&#8221; c\u00fcmleleriyle cevap verdi.<br \/>\n&#8220;\u0130\u015fe alaca\u011f\u0131m\u0131z listelerin Valilik kanal\u0131yla soru\u015fturmalar\u0131n\u0131 istiyoruz&#8221;<br \/>\nPersonel i\u015fe al\u0131m s\u00fcrecinde Valilik kanal\u0131yla bir tak\u0131m prosed\u00fcrler y\u00fcr\u00fct\u00fcld\u00fc\u011f\u00fcn\u00fc hat\u0131rlatan Ba\u015fkan Se\u00e7er, &#8220;Biz i\u015fe alaca\u011f\u0131m\u0131z listeleri Valilik kanal\u0131yla zaten bunun soru\u015fturmalar\u0131n\u0131 istiyoruz, g\u00fcvenlik soru\u015fturmalar\u0131 bize geliyor.  Uygun olmayan bir evrak varsa zaten i\u015fe giremiyorsunuz ama herhangi bir sorununuz yoksa i\u015fe al\u0131n\u0131yorsunuz. Bu Valili\u011fe g\u00f6nderiliyor. Valilik bunu \u0130\u00e7i\u015fleri Bakanl\u0131\u011f\u0131&#8217;ndan soru\u015fturuyor. Size listeyi g\u00f6nderiyor; olumludur, olumsuzdur. Biz de i\u015fe ba\u015flama tarihinden iki ay da ge\u00e7se bir olumsuzluk varsa bunlar\u0131n i\u015fine son veriyoruz&#8221; diye konu\u015ftu.<br \/>\nBa\u015fkan Se\u00e7er, kamu kurumlar\u0131nda \u00e7al\u0131\u015fan veya \u00e7al\u0131\u015facak olan ki\u015filerin adli sicilini kontrol edecek mekanizmalar\u0131n oldu\u011funu, belediyenin b\u00f6yle bir g\u00f6revinin olmad\u0131\u011f\u0131n\u0131 s\u00f6zlerine ekleyerek, &#8220;Bir insan\u0131n herhangi bir ter\u00f6r \u00f6rg\u00fct\u00fcne mensup oldu\u011fu olmad\u0131\u011f\u0131, y\u00fcz k\u0131zart\u0131c\u0131 bir su\u00e7 i\u015fleyip i\u015flemedi\u011fi ya da ceza al\u0131p almad\u0131\u011f\u0131, sab\u0131kal\u0131 olup olmad\u0131\u011f\u0131 benim i\u015fim de\u011fil, belediyenin i\u015fi de\u011fil. Kurumlar var, \u0130\u00e7i\u015fleri Bakanl\u0131\u011f\u0131 var, Adalet Bakanl\u0131\u011f\u0131 var. Bunlar bu konularla ilgili gerekli incelemeleri, soru\u015fturmay\u0131, kovu\u015fturmay\u0131 yaparlar, evrak\u0131 \u00f6n\u00fcm\u00fcze sunarlar, biz onlara g\u00f6re hareket ederiz. Birilerini ter\u00f6rist, su\u00e7lu diye yaftalayacaksak zaten bunu yapacak olan yani bu su\u00e7un sabit oldu\u011funu ya da belediyemizde \u00e7al\u0131\u015fan bu ki\u015filerin ter\u00f6rist olup olmad\u0131\u011f\u0131n\u0131 sorgulayacak olan farkl\u0131 kurumlar. Bizler de\u011filiz&#8221; ifadelerini kulland\u0131.<br \/>\n&#8220;Bizim yapt\u0131\u011f\u0131m\u0131z i\u015flerden, denetlenmekten korkumuz yok&#8221;<br \/>\nCHP Genel Ba\u015fkan\u0131 Kemal K\u0131l\u0131\u00e7daro\u011flu&#8217;nun, &#8220;Belediye Ba\u015fkanlar\u0131m\u0131z\u0131n telefonlar\u0131 dinleniyor&#8221; c\u00fcmlesi ile ilgili y\u00f6neltilen soruya da yan\u0131t veren Ba\u015fkan Se\u00e7er, saklayacak bir \u015feylerinin olmad\u0131\u011f\u0131n\u0131 belirterek \u015funlar\u0131 s\u00f6yledi:<br \/>\n&#8220;Ki\u015fisel olarak a\u00e7\u0131k\u00e7as\u0131 d\u00fc\u015f\u00fcncemi s\u00f6yleyeyim; yap\u0131l\u0131yordur. Bunlar zaman zaman bizlerin kula\u011f\u0131na geliyordu. Bu konuyla ilgili \u00e7al\u0131\u015fan kurumlar\u0131n \u00f6zel ekipler olu\u015fturdu\u011funu, her birimizin takip alt\u0131nda oldu\u011funu; bizim i\u00e7in sorun yok, bunu yasalar \u00e7er\u00e7evesinde yaps\u0131nlar. G\u00f6zler \u00fczerimizde olacakt\u0131r. Herhangi bir yasa d\u0131\u015f\u0131 i\u015fler varsa yarg\u0131 yolu a\u00e7\u0131kt\u0131r. Yarg\u0131 \u00fczerinden mutlaka gere\u011fini yapacaklard\u0131r. Burada esas olan \u015fu; zaten belediyelerden m\u00fcfetti\u015fler \u00e7\u0131km\u0131yor. Bizim yapt\u0131\u011f\u0131m\u0131z i\u015flerden ya da denetlenmekten korkumuz yok, olmas\u0131 gereken bu. &#8216;\u015eeffaf belediyecilik&#8217; diyorsak denetlenmekten de korkmayaca\u011f\u0131z. B\u0131rak\u0131n denetlesinler, hi\u00e7bir sorun yok. Burada bu denetlemeyi ve soru\u015fturmay\u0131 yapacak olan devlet g\u00f6revlilerinin ba\u011f\u0131ms\u0131z ve tarafs\u0131z olmas\u0131. Siyasi iradenin talimatlar\u0131yla, onlar\u0131n ma\u015fas\u0131 \u015feklinde g\u00f6revini yapmamalar\u0131 gerekiyor. Bizim endi\u015femiz buradan. Kas\u0131tl\u0131 ve bilin\u00e7li olarak, hukuk d\u0131\u015f\u0131 baz\u0131 i\u015flemlerin olmas\u0131. Onun i\u00e7in bu bildiride de var; e\u011fer herhangi birimize bu \u015fekilde, hukuk d\u0131\u015f\u0131 bir davran\u0131\u015fla, haks\u0131z yere bir m\u00fcdahale olursa bu hepimize yap\u0131lm\u0131\u015f say\u0131lacak. Onun i\u00e7in bunun alt\u0131n\u0131 \u00e7izerek vurguyu yap\u0131yoruz. Bizim endi\u015femiz bu. Yoksa biz denetlenmekten korkmuyoruz. Bizi milletimiz de ba\u011f\u0131ms\u0131z mahkemeler de kurumlar da denetlesin. Biz bundan bir beis g\u00f6rmeyiz.&#8221;<br \/>\n&#8220;T\u00fcrkiye&#8217;de ekonomik gidi\u015fat art\u0131k buhran noktas\u0131na gelmi\u015f&#8221;<\/p>\n<p>\u0130stanbul B\u00fcy\u00fck\u015fehir Belediyesi ile yarat\u0131lmak istenen g\u00fcndemin vatanda\u015f\u0131n g\u00fcndemi olmad\u0131\u011f\u0131n\u0131 ifade eden Ba\u015fkan Se\u00e7er, &#8220;\u0130stanbul B\u00fcy\u00fck\u015fehir Belediyesi&#8217;nin, Mersin B\u00fcy\u00fck\u015fehir Belediyesi&#8217;nin \u00e7al\u0131\u015fanlar\u0131, onlar\u0131n ge\u00e7mi\u015fi, adli sicil kayd\u0131 kimin g\u00fcndeminde? G\u00fcndem nedir? Yakla\u015f\u0131k 2 y\u0131ld\u0131r ya\u015fanan pandemi; pandeminin getirdi\u011fi olumsuzluklar ve son birka\u00e7 ayd\u0131r da \u00f6zellikle T\u00fcrkiye&#8217;de ekonomik gidi\u015fat art\u0131k buhran noktas\u0131na gelmi\u015f. TL&#8217;nin d\u00f6viz kar\u015f\u0131s\u0131ndaki gidi\u015fat\u0131. Bir anda tepetaklak gitmesi, bir anda kendini toparlamas\u0131&#8221; dedi.<\/p>\n<p>&#8220;T\u00fcrkiye her ge\u00e7en g\u00fcn sorun ya\u015f\u0131yor ve bunlar\u0131n konu\u015fulmamas\u0131 isteniyor&#8221;<\/p>\n<p>Ba\u015fkan Se\u00e7er, T\u00fcrkiye&#8217;de konu\u015fulmas\u0131 gereken g\u00fcndemin \u00fclkenin ekonomik gidi\u015fat\u0131 oldu\u011funa dikkat \u00e7ekerek, \u015fu ifadeleri kulland\u0131:<\/p>\n<p>&#8220;T\u00fcrkiye&#8217;de ekonomik istikrardan bahsedebilir miyiz? D\u00fc\u015f\u00fcnebiliyor musunuz; bir g\u00fcn Dolar, TL kar\u015f\u0131s\u0131ndaki de\u011ferini bir anda %30-%40 kaybediyor ya da tam tersine TL, Dolar kar\u015f\u0131s\u0131nda de\u011fer kazan\u0131yor. Siz bu \u00fclkede istikrardan bahsedebilir misiniz? Bu da \u00f6v\u00fcn\u00e7 kayna\u011f\u0131 oluyor ne yaz\u0131k ki. \u00c7al\u0131\u015fan\u0131n, \u00fcretenin verdi\u011fi vergi ile ranta yatm\u0131\u015f, para sahibi insanlar\u0131n paras\u0131n\u0131n gelece\u011fi garanti alt\u0131na al\u0131n\u0131yor ve bu da bir ekonomik zafer gibi sunuluyor. T\u00fcrkiye&#8217;de bunun konu\u015fulmas\u0131 laz\u0131m. Bir taraftan i\u015f\u00e7i, memur \u00e7al\u0131\u015f\u0131yor; maa\u015f\u0131 cebine girmeden kesilen vergiden; sen \u00e7al\u0131\u015fm\u0131yorsun, \u015fu kadar milyon Dolar paran var,  oturdu\u011fun yerden keyif \u00e7at\u0131yorsun, senin paran\u0131n d\u00f6viz kar\u015f\u0131s\u0131ndaki kur garantisini benim \u00f6deyece\u011fim vergilerle garanti alt\u0131na al\u0131yor devlet. Yani bu kadar abs\u00fcrt ekonomik politikalarla, s\u00f6ylemlerle g\u00fcn\u00fcm\u00fcz ge\u00e7iyor. T\u00fcrkiye her ge\u00e7en g\u00fcn sorun ya\u015f\u0131yor ve bunlar\u0131n konu\u015fulmamas\u0131 isteniyor. Ondan sonra b\u00f6yle suni g\u00fcndemlerle g\u00fcn ge\u00e7iriyoruz.&#8221;<\/p>\n<p>&#8220;Projeler, hizmetler devam edecek&#8221;<\/p>\n<p>Bankac\u0131l\u0131k D\u00fczenleme ve Denetleme Kurumu (BDDK) taraf\u0131ndan ekonomik s\u00fcreci de\u011ferlendiren 26 ki\u015fi hakk\u0131nda su\u00e7 duyurusunda bulunuldu\u011fu y\u00f6n\u00fcnde y\u00f6neltilen soruya Ba\u015fkan Se\u00e7er, &#8220;T\u00fcrkiye&#8217;de maalesef bir konu \u00fczerine ele\u015ftiri yapmak, s\u00f6z s\u00f6ylemek, fikir beyan etmek su\u00e7 ama bunlar ger\u00e7ek. S\u00f6ylemeyelim mi? Mersin&#8217;de 1 TL&#8217;ye biz ekmek sat\u0131yoruz. Y\u00fczlerce insan kul\u00fcbede kuyrukta, bunu s\u00f6ylemeyelim mi? Haber yap\u0131lmas\u0131n m\u0131? Bunu yapanlar bunu reklam ama\u00e7l\u0131 m\u0131 yap\u0131yor? Yani b\u00f6yle bir dezenformasyon da var biliyorsunuz ama b\u00f6yle bir realite var, bunlar\u0131n tabii ki konu\u015fulmas\u0131 laz\u0131m. Demokratik toplumlarda toplumun refleksi budur; g\u00f6rd\u00fc\u011f\u00fcn\u00fc, d\u00fc\u015f\u00fcnd\u00fc\u011f\u00fcn\u00fc, fikrini a\u00e7\u0131k\u00e7a ortaya koyacak, bunu a\u00e7\u0131k\u00e7a beyan edecek&#8221; derken, konu\u015fmas\u0131n\u0131 \u015fu s\u00f6zlerle sonland\u0131rd\u0131:<br \/>\n&#8220;Hayat devam ediyor. Projeler, hizmetler de devam edecek. Elbette ki s\u0131k\u0131nt\u0131lar\u0131m\u0131z, zorluklar\u0131m\u0131z olacak ama bunlar\u0131 a\u015faca\u011f\u0131z. Bu \u00fclke bizim.&#8221;<\/p>\n","protected":false},"excerpt":{"rendered":"<p>Mersin B\u00fcy\u00fck\u015fehir Belediye Ba\u015fkan\u0131 Vahap Se\u00e7er, KRT TV&#8217;de yay\u0131nlanan &#8216;Ankara Saati&#8217; program\u0131n\u0131n canl\u0131 yay\u0131n konu\u011fu oldu. Se\u00e7er, Elif Do\u011fan \u015eent\u00fcrk&#8217;\u00fcn g\u00fcndeme ili\u015fkin sorular\u0131n\u0131 yan\u0131tlad\u0131. 3 Ocak Mersin&#8217;in kurtulu\u015funun 100. y\u0131l\u0131nda &hellip; <a href=\"https:\/\/akdenizolaygazetesi.com\/?p=15860\" class=\"more-link\">Devam\u0131n\u0131 Oku&#8230;<\/a><\/p>\n","protected":false},"author":2,"featured_media":15861,"comment_status":"open","ping_status":"open","sticky":false,"template":"","format":"standard","meta":[],"categories":[8,34,2,3,5],"tags":[],"_links":{"self":[{"href":"https:\/\/akdenizolaygazetesi.com\/index.php?rest_route=\/wp\/v2\/posts\/15860"}],"collection":[{"href":"https:\/\/akdenizolaygazetesi.com\/index.php?rest_route=\/wp\/v2\/posts"}],"about":[{"href":"https:\/\/akdenizolaygazetesi.com\/index.php?rest_route=\/wp\/v2\/types\/post"}],"author":[{"embeddable":true,"href":"https:\/\/akdenizolaygazetesi.com\/index.php?rest_route=\/wp\/v2\/users\/2"}],"replies":[{"embeddable":true,"href":"https:\/\/akdenizolaygazetesi.com\/index.php?rest_route=%2Fwp%2Fv2%2Fcomments&post=15860"}],"version-history":[{"count":1,"href":"https:\/\/akdenizolaygazetesi.com\/index.php?rest_route=\/wp\/v2\/posts\/15860\/revisions"}],"predecessor-version":[{"id":15862,"href":"https:\/\/akdenizolaygazetesi.com\/index.php?rest_route=\/wp\/v2\/posts\/15860\/revisions\/15862"}],"wp:featuredmedia":[{"embeddable":true,"href":"https:\/\/akdenizolaygazetesi.com\/index.php?rest_route=\/wp\/v2\/media\/15861"}],"wp:attachment":[{"href":"https:\/\/akdenizolaygazetesi.com\/index.php?rest_route=%2Fwp%2Fv2%2Fmedia&parent=15860"}],"wp:term":[{"taxonomy":"category","embeddable":true,"href":"https:\/\/akdenizolaygazetesi.com\/index.php?rest_route=%2Fwp%2Fv2%2Fcategories&post=15860"},{"taxonomy":"post_tag","embeddable":true,"href":"https:\/\/akdenizolaygazetesi.com\/index.php?rest_route=%2Fwp%2Fv2%2Ftags&post=15860"}],"curies":[{"name":"wp","href":"https:\/\/api.w.org\/{rel}","templated":true}]}}