{"id":15863,"date":"2021-12-29T12:14:13","date_gmt":"2021-12-29T09:14:13","guid":{"rendered":"http:\/\/akdenizolaygazetesi.com\/?p=15863"},"modified":"2021-12-29T12:14:13","modified_gmt":"2021-12-29T09:14:13","slug":"kariyer-merkezi-is-gucu-piyasasina-destek-sunmayi-surduruyor","status":"publish","type":"post","link":"https:\/\/akdenizolaygazetesi.com\/?p=15863","title":{"rendered":"KAR\u0130YER MERKEZ\u0130, \u0130\u015e G\u00dcC\u00dc P\u0130YASASINA DESTEK SUNMAYI S\u00dcRD\u00dcR\u00dcYOR"},"content":{"rendered":"<p>Mersin B\u00fcy\u00fck\u015fehir Belediyesi Kariyer Merkezi, istihdama katk\u0131 sa\u011flamaya y\u00f6nelik \u00e7al\u0131\u015fmalar\u0131n\u0131 s\u00fcrd\u00fcr\u00fcyor. Ge\u00e7ti\u011fimiz aylarda Mersin \u00c7al\u0131\u015fma ve \u0130\u015f Kurumu \u0130l M\u00fcd\u00fcrl\u00fc\u011f\u00fc ile imzalanan i\u015f birli\u011fi protokol\u00fc ile \u0130\u015eKUR Hizmet Noktas\u0131 yetkisini de alan Kariyer Merkezi, adaylar\u0131n istihdam becerilerini geli\u015ftirecek programlar d\u00fczenliyor.<br \/>\nG\u00fcvenlik g\u00f6revlilerinin istihdam becerilerine katk\u0131 sunuluyor<br \/>\nKongre ve Sergi Saray\u0131&#8217;nda Kariyer Merkezi&#8217;ne kay\u0131tl\u0131 g\u00fcvenlik g\u00f6revlileri ile yap\u0131lan programda; m\u00fclakatta dikkat edilmesi gereken hususlar konusuna de\u011finildi. Ard\u0131ndan g\u00fcvenlik g\u00f6revlileri, Securitas Firmas\u0131 \u0130nsan Kaynaklar\u0131 yetkilileri taraf\u0131ndan m\u00fclakata tabi tutuldu. Yakla\u015f\u0131k 80 aday\u0131n yararland\u0131\u011f\u0131 \u00e7al\u0131\u015fmada; i\u015f arayanlar hem teorik olarak bilgilendirildi hem de ger\u00e7ek zamanl\u0131 m\u00fclakat etkinli\u011finden yararland\u0131. Bundan sonraki a\u015famada; \u00f6n\u00fcm\u00fczdeki s\u00fcre\u00e7te hangi adaylar\u0131n hangi sekt\u00f6r\u00fcn beklentilerini kar\u015f\u0131layarak istihdama kat\u0131lacaklar\u0131 takip edilecek.<br \/>\nDi\u011fer meslek gruplar\u0131 da s\u0131rada<br \/>\nMersin B\u00fcy\u00fck\u015fehir Belediyesi Kariyer Merkezi&#8217;ne kay\u0131tl\u0131 adaylar\u0131n meslek gruplar\u0131na g\u00f6re e\u011fitimlerine ve m\u00fclakatlar\u0131na davet edilerek hem i\u015f arama becerilerine katk\u0131 sunulacak hem de \u00e7al\u0131\u015fabilecekleri potansiyel firmalarla ileti\u015fim s\u00fcrd\u00fcrmeleri sa\u011flanacak.<br \/>\nProtokollerle Kariyer Merkezi&#8217;nin sunaca\u011f\u0131 hizmetler \u00e7e\u015fitleniyor<br \/>\nKariyer Merkezi i\u015f arayanlara, \u00f6\u011frencilere ve i\u015fverenlere y\u00f6nelik rehberlik faaliyetlerinde standartlar\u0131 y\u00fckseltmek ve kurumlar aras\u0131 i\u015f birli\u011fine dayal\u0131 projeleri hayata ge\u00e7irmek \u00fczere ge\u00e7ti\u011fimiz aylarda Mersin \u00c7al\u0131\u015fma ve \u0130\u015f Kurumu \u0130l M\u00fcd\u00fcrl\u00fc\u011f\u00fc ile istihdam konusunda, \u0130l Milli E\u011fitim M\u00fcd\u00fcrl\u00fc\u011f\u00fc ile de mesleki e\u011fitimler konusunda i\u015f birli\u011fi protokolleri imzalad\u0131.<br \/>\nS\u00f6z konusu protokoller Kariyer Merkezi&#8217;nin sunaca\u011f\u0131 hizmetleri hem artt\u0131rd\u0131 hem de \u00e7e\u015fitlendirdi. \u0130\u015eKUR ile imzalanan i\u015f birli\u011fi protokol\u00fc ile adaylar, \u0130\u015eKUR Portal\u0131 \u00fczerinde \u00f6zel sekt\u00f6r\u00fcn vermi\u015f oldu\u011fu a\u00e7\u0131k i\u015flere resmi olarak y\u00f6nlendirilebiliyor. \u0130\u015f arayanlar Kariyer Merkezi&#8217;ne gelerek, merkezde g\u00f6revli personeller arac\u0131l\u0131\u011f\u0131 ile \u0130\u015eKUR&#8217;da yapaca\u011f\u0131 i\u015flemlerin bir\u00e7o\u011funu ger\u00e7ekle\u015ftirebiliyor.<br \/>\nMersin B\u00fcy\u00fck\u015fehir Belediyesi Kariyer Merkezi M\u00fcd\u00fcr\u00fc Serkan \u00d6zada; Kariyer Merkezi olarak pandemi s\u00fcreci ile i\u015f g\u00fcc\u00fc piyasalar\u0131nda ya\u015fanan de\u011fi\u015fime adapte olurken, di\u011fer taraftan hedef kitleye sunulan hizmetleri g\u00fcncelleyerek teknolojik \u00e7\u00f6z\u00fcmlere odakland\u0131klar\u0131n\u0131 vurgulad\u0131.<\/p>\n","protected":false},"excerpt":{"rendered":"<p>Mersin B\u00fcy\u00fck\u015fehir Belediyesi Kariyer Merkezi, istihdama katk\u0131 sa\u011flamaya y\u00f6nelik \u00e7al\u0131\u015fmalar\u0131n\u0131 s\u00fcrd\u00fcr\u00fcyor. Ge\u00e7ti\u011fimiz aylarda Mersin \u00c7al\u0131\u015fma ve \u0130\u015f Kurumu \u0130l M\u00fcd\u00fcrl\u00fc\u011f\u00fc ile imzalanan i\u015f birli\u011fi protokol\u00fc ile \u0130\u015eKUR Hizmet Noktas\u0131 yetkisini &hellip; <a href=\"https:\/\/akdenizolaygazetesi.com\/?p=15863\" class=\"more-link\">Devam\u0131n\u0131 Oku&#8230;<\/a><\/p>\n","protected":false},"author":2,"featured_media":15864,"comment_status":"open","ping_status":"open","sticky":false,"template":"","format":"standard","meta":[],"categories":[1,3,5],"tags":[],"_links":{"self":[{"href":"https:\/\/akdenizolaygazetesi.com\/index.php?rest_route=\/wp\/v2\/posts\/15863"}],"collection":[{"href":"https:\/\/akdenizolaygazetesi.com\/index.php?rest_route=\/wp\/v2\/posts"}],"about":[{"href":"https:\/\/akdenizolaygazetesi.com\/index.php?rest_route=\/wp\/v2\/types\/post"}],"author":[{"embeddable":true,"href":"https:\/\/akdenizolaygazetesi.com\/index.php?rest_route=\/wp\/v2\/users\/2"}],"replies":[{"embeddable":true,"href":"https:\/\/akdenizolaygazetesi.com\/index.php?rest_route=%2Fwp%2Fv2%2Fcomments&post=15863"}],"version-history":[{"count":1,"href":"https:\/\/akdenizolaygazetesi.com\/index.php?rest_route=\/wp\/v2\/posts\/15863\/revisions"}],"predecessor-version":[{"id":15865,"href":"https:\/\/akdenizolaygazetesi.com\/index.php?rest_route=\/wp\/v2\/posts\/15863\/revisions\/15865"}],"wp:featuredmedia":[{"embeddable":true,"href":"https:\/\/akdenizolaygazetesi.com\/index.php?rest_route=\/wp\/v2\/media\/15864"}],"wp:attachment":[{"href":"https:\/\/akdenizolaygazetesi.com\/index.php?rest_route=%2Fwp%2Fv2%2Fmedia&parent=15863"}],"wp:term":[{"taxonomy":"category","embeddable":true,"href":"https:\/\/akdenizolaygazetesi.com\/index.php?rest_route=%2Fwp%2Fv2%2Fcategories&post=15863"},{"taxonomy":"post_tag","embeddable":true,"href":"https:\/\/akdenizolaygazetesi.com\/index.php?rest_route=%2Fwp%2Fv2%2Ftags&post=15863"}],"curies":[{"name":"wp","href":"https:\/\/api.w.org\/{rel}","templated":true}]}}