{"id":15869,"date":"2021-12-30T11:53:05","date_gmt":"2021-12-30T08:53:05","guid":{"rendered":"http:\/\/akdenizolaygazetesi.com\/?p=15869"},"modified":"2021-12-30T11:53:05","modified_gmt":"2021-12-30T08:53:05","slug":"calinmadik-kapi-birakmiyoruz","status":"publish","type":"post","link":"https:\/\/akdenizolaygazetesi.com\/?p=15869","title":{"rendered":"&#8220;\u00c7al\u0131nmad\u0131k Kap\u0131 B\u0131rakm\u0131yoruz&#8221;"},"content":{"rendered":"<p>Toroslar Belediye Ba\u015fkan\u0131 Ats\u0131z Af\u015f\u0131n Y\u0131lmaz, il\u00e7eyi kar\u0131\u015f kar\u0131\u015f gezerek vatanda\u015flarla bir araya gelmeye devam ediyor.<\/p>\n<p>Ba\u015fkan Y\u0131lmaz; &#8220;\u00dclkemizin il\u00e7elerinde var olan en iyi hizmetin daha da iyisinin Toroslar\u0131m\u0131zda olmas\u0131n\u0131 istiyoruz. Bunun i\u00e7in \u00e7abal\u0131yoruz&#8221; dedi.<\/p>\n<p>Haftan\u0131n her g\u00fcn\u00fc esnaf ve mahalle sakinleriyle bulu\u015fan Ba\u015fkan Y\u0131lmaz, talepleri dinliyor, \u00e7al\u0131\u015fmalar\u0131n\u0131 anlat\u0131yor. Ba\u015fkan Y\u0131lmaz&#8217;\u0131n yo\u011fun ilgiyle kar\u015f\u0131land\u0131\u011f\u0131 ziyaretlere birim m\u00fcd\u00fcrleri de e\u015flik ediyor.<\/p>\n<p>Sel\u00e7uklar, Alsancak, \u00c7a\u011fda\u015fkent, Osmaniye, Tozkoparan ve Mevlana Mahallelerinde hem\u015fehrileriyle bir araya gelen Ba\u015fkan Y\u0131lmaz; &#8220;\u0130sti\u015fare bizim k\u00fclt\u00fcr\u00fcm\u00fczde var. Bu bulu\u015fmalarla amac\u0131m\u0131z talepleri birinci a\u011f\u0131zdan dinleyerek, hem\u015fehrilerimizin il\u00e7emizde huzur ve g\u00fcven i\u00e7inde ya\u015famas\u0131na katk\u0131da bulunmak&#8221; dedi.<\/p>\n<p>&#8220;\u00c7al\u0131nmad\u0131k Kap\u0131 B\u0131rakm\u0131yoruz&#8221;<\/p>\n<p>Mahalle ziyaretlerinde en \u00e7ok talep edilen projelerden biri olan Taziye Evleri&#8217;ni de plan ve program dahilinde hayata ge\u00e7ireceklerinin s\u00f6z\u00fcn\u00fc veren Ba\u015fkan Y\u0131lmaz; &#8220;Siz de\u011ferli hem\u015fehrilerimizin deste\u011fiyle \u00f6ne \u00e7\u0131km\u0131\u015f insanlar olarak \u00e7\u00f6z\u00fcme odaklanmam\u0131z gerekiyor. Biz de bu \u015fekilde, m\u00fcmk\u00fcn oldu\u011funca nas\u0131l ileri ad\u0131m atar\u0131z y\u00f6n\u00fcyle \u00e7al\u0131\u015f\u0131yoruz. \u0130leti\u015fim kanallar\u0131m\u0131z\u0131n hep a\u00e7\u0131k olmas\u0131 laz\u0131m. T\u00fcrkiye&#8217;ye, Mersin&#8217;e ve vatanda\u015f\u0131m\u0131za \u00f6yle bak\u0131yoruz. G\u00f6n\u00fcl Ba\u011f\u0131 Projemiz kapsam\u0131nda; \u0130lk Nefes, Kad\u0131n Dan\u0131\u015fma, \u00c7ocuk Dan\u0131\u015fma, Ya\u015fl\u0131 Destek, Engelli Destek, Sokak Hayvanlar\u0131 Destek, \u00c7are Bizde, Gen\u00e7lik Koordinasyon, Tar\u0131m Dan\u0131\u015fma, Esnaf Dayan\u0131\u015fma, Hukuk Dan\u0131\u015fma, Da\u011f\u0131t\u0131m, Taziye, Halkla \u0130li\u015fkiler, Bilgi \u0130\u015flem ve Denetleme ile \u00c7a\u011fr\u0131 Merkezi Birimlerimiz var. \u00c7al\u0131\u015fanlar\u0131m\u0131zla; evde sa\u011fl\u0131k hizmetinden yeni do\u011fan bebekler i\u00e7in bebek bak\u0131m setine, taziye ve psikolojik deste\u011fe kadar her an ihtiya\u00e7 sahibi vatanda\u015flar\u0131m\u0131z\u0131n taleplerini titizlikle de\u011ferlendirerek \u00e7al\u0131nmad\u0131k kap\u0131, kar\u015f\u0131l\u0131ks\u0131z talep b\u0131rakm\u0131yoruz. Bize gelene ve bilgiye g\u00f6re de\u011fil, biz insanlar\u0131m\u0131z\u0131n aya\u011f\u0131na gidip onlar\u0131n ihtiya\u00e7lar\u0131n\u0131 gidermeye \u00e7al\u0131\u015f\u0131yoruz&#8221; diye konu\u015ftu.<\/p>\n<p>&#8220;Yat\u0131r\u0131mc\u0131ya Kap\u0131m\u0131z Her Zaman A\u00e7\u0131k&#8221;<\/p>\n<p>Yeni imar plan\u0131 \u00e7al\u0131\u015fmalar\u0131n\u0131n devam etti\u011finin bilgisini veren Ba\u015fkan Y\u0131lmaz, istihdam\u0131n \u00f6n\u00fcn\u00fc a\u00e7acak sanayi sitesi ve projelerinin fizibilite \u00e7al\u0131\u015fmalar\u0131n\u0131 da yapt\u0131klar\u0131n\u0131 kaydederek; &#8220;\u0130l\u00e7emizdeki eski mahallelerimiz yatay mimari. Yeni imara a\u00e7\u0131lan yerlerde ve eski mahallelerimizdeki uygun olan yerlerde dikey, yani y\u00fcksek katl\u0131 binalar\u0131n yap\u0131lmas\u0131 imkan\u0131n\u0131n verilmesi i\u00e7in \u00e7abal\u0131yoruz. \u0130\u015fsizli\u011fin, istihdam\u0131n \u00e7\u00f6z\u00fcm\u00fc yat\u0131r\u0131m. Yat\u0131r\u0131m i\u00e7in sermaye ve yat\u0131r\u0131mc\u0131 laz\u0131m. Yat\u0131r\u0131mc\u0131 da k\u0131sa s\u00fcrede yat\u0131r\u0131m\u0131n geri d\u00f6nmesini ve g\u00fcven isteyecektir. Bu a\u00e7\u0131dan her platformda s\u00f6yl\u00fcyoruz. &#8220;Gelin Toroslar&#8217;a yat\u0131r\u0131m yap\u0131n, yard\u0131mc\u0131 olal\u0131m&#8221; diye. Ve gelen yat\u0131r\u0131mc\u0131lara yard\u0131mc\u0131 olmaya \u00e7al\u0131\u015f\u0131yoruz&#8221; \u015feklinde konu\u015ftu.<\/p>\n<p>\u0130l\u00e7e esnaf\u0131 ve mahalle sakinleri de Ba\u015fkan Y\u0131lmaz&#8217;a ziyaretlerinden ve hizmetlerinden dolay\u0131 te\u015fekk\u00fcr ederek, \u00e7al\u0131\u015fmalar\u0131nda ba\u015far\u0131lar\u0131n\u0131n devam\u0131n\u0131 diledi.<\/p>\n","protected":false},"excerpt":{"rendered":"<p>Toroslar Belediye Ba\u015fkan\u0131 Ats\u0131z Af\u015f\u0131n Y\u0131lmaz, il\u00e7eyi kar\u0131\u015f kar\u0131\u015f gezerek vatanda\u015flarla bir araya gelmeye devam ediyor. Ba\u015fkan Y\u0131lmaz; &#8220;\u00dclkemizin il\u00e7elerinde var olan en iyi hizmetin daha da iyisinin Toroslar\u0131m\u0131zda olmas\u0131n\u0131 &hellip; <a href=\"https:\/\/akdenizolaygazetesi.com\/?p=15869\" class=\"more-link\">Devam\u0131n\u0131 Oku&#8230;<\/a><\/p>\n","protected":false},"author":2,"featured_media":15870,"comment_status":"open","ping_status":"open","sticky":false,"template":"","format":"standard","meta":[],"categories":[1,2,3],"tags":[],"_links":{"self":[{"href":"https:\/\/akdenizolaygazetesi.com\/index.php?rest_route=\/wp\/v2\/posts\/15869"}],"collection":[{"href":"https:\/\/akdenizolaygazetesi.com\/index.php?rest_route=\/wp\/v2\/posts"}],"about":[{"href":"https:\/\/akdenizolaygazetesi.com\/index.php?rest_route=\/wp\/v2\/types\/post"}],"author":[{"embeddable":true,"href":"https:\/\/akdenizolaygazetesi.com\/index.php?rest_route=\/wp\/v2\/users\/2"}],"replies":[{"embeddable":true,"href":"https:\/\/akdenizolaygazetesi.com\/index.php?rest_route=%2Fwp%2Fv2%2Fcomments&post=15869"}],"version-history":[{"count":1,"href":"https:\/\/akdenizolaygazetesi.com\/index.php?rest_route=\/wp\/v2\/posts\/15869\/revisions"}],"predecessor-version":[{"id":15871,"href":"https:\/\/akdenizolaygazetesi.com\/index.php?rest_route=\/wp\/v2\/posts\/15869\/revisions\/15871"}],"wp:featuredmedia":[{"embeddable":true,"href":"https:\/\/akdenizolaygazetesi.com\/index.php?rest_route=\/wp\/v2\/media\/15870"}],"wp:attachment":[{"href":"https:\/\/akdenizolaygazetesi.com\/index.php?rest_route=%2Fwp%2Fv2%2Fmedia&parent=15869"}],"wp:term":[{"taxonomy":"category","embeddable":true,"href":"https:\/\/akdenizolaygazetesi.com\/index.php?rest_route=%2Fwp%2Fv2%2Fcategories&post=15869"},{"taxonomy":"post_tag","embeddable":true,"href":"https:\/\/akdenizolaygazetesi.com\/index.php?rest_route=%2Fwp%2Fv2%2Ftags&post=15869"}],"curies":[{"name":"wp","href":"https:\/\/api.w.org\/{rel}","templated":true}]}}