{"id":1587,"date":"2020-11-04T18:22:09","date_gmt":"2020-11-04T15:22:09","guid":{"rendered":"http:\/\/mersinekonomipolitikagazetesi.com\/?p=1587"},"modified":"2020-11-04T18:22:09","modified_gmt":"2020-11-04T15:22:09","slug":"emekli-yaslilara-sohbet-evi","status":"publish","type":"post","link":"https:\/\/akdenizolaygazetesi.com\/?p=1587","title":{"rendered":"EMEKL\u0130 YA\u015eLILARA SOHBET EV\u0130"},"content":{"rendered":"<p>Mersin B\u00fcy\u00fck\u015fehir Belediyesi &#8216;\u0130kinci Bahar Emekli Evi&#8217; 55 ya\u015f \u00fcst\u00fc emekliler i\u00e7in hizmete a\u00e7t\u0131. Ya\u015fl\u0131 emekliler zamanlar\u0131n\u0131 bo\u015f yere harcamak yerine birbirleriyle sohbet edebilme f\u0131rsat\u0131 buldu.<\/p>\n<blockquote type=\"cite\">\n<div dir=\"ltr\">\n<p><span style=\"font-size:16px;\">Mersin B\u00fcy\u00fck\u015fehir Belediyesi Yeni\u015fehir B\u00f6lge Park\u0131\u2019nda emekli vatanda\u015flar\u0131n emeklilik s\u00fcre\u00e7lerini daha iyi \u015fartlarda ya\u015fayabilmeleri ve kaliteli vakit ge\u00e7irebilmeleri amac\u0131yla &#8216;\u0130kinci Bahar Emekli Evi\u2019 a\u00e7t\u0131. A\u00e7\u0131l\u0131\u015fa B\u00fcy\u00fck\u015fehir Belediye Ba\u015fkan\u0131 Burhanettin Kocamaz, Tarsus Belediye Ba\u015fkan\u0131 \u015eevket Can, Mersin Aile ve Sosyal Politikalar \u0130l M\u00fcd\u00fcr Vekili Veysel Topkaya, KKTC Mersin Ba\u015fkonsolosu Ay\u015fen Volkan \u0130nan\u0131ro\u011flu, Yeni\u015fehir \u0130l\u00e7e M\u00fcft\u00fcs\u00fc Halil Uzun, MHP Mersin \u0130l Ba\u015fkan\u0131 Zeynel U\u011fur G\u00f6lgeli, Mersin \u00dclk\u00fc Ocaklar\u0131 \u0130l Ba\u015fkan\u0131 G\u00f6khan Demir, MHP Mersin \u0130l Kad\u0131n Kollar\u0131 Ba\u015fkan\u0131 Dilek Uslu Var, T\u00fcrkiye Emekliler Derne\u011fi Mersin \u015eube Ba\u015fkan\u0131 Cemal Akbudak, meclis \u00fcyeleri, dernek ve sivil toplum kurulu\u015flar\u0131n\u0131n temsilcileri ile \u00e7ok say\u0131da Mersinli vatanda\u015f kat\u0131ld\u0131.<\/span><\/p>\n<p><span style=\"font-size:16px;\">A\u00e7\u0131l\u0131\u015f konu\u015fmas\u0131n\u0131 Mersin B\u00fcy\u00fck\u015fehir Belediyesi Ba\u015fkan\u0131 Burhanettin Kocamaz ger\u00e7ekle\u015ftirdi.<\/span><\/p>\n<p>\u00a0<\/p>\n<p><span style=\"font-size:16px;\">\u0130kinci Bahar Emekli Evi&#8217;nde, emekliler an\u0131lar, sevin\u00e7ler ve h\u00fcz\u00fcnlerini payla\u015fabileceklerini, 55 ya\u015f \u00fcst\u00fc emeklilerin faydalanabilece\u011fi \u0130kinci Bahar Emekli Evi&#8217;nde, vatanda\u015flar \u00e7al\u0131\u015fma hayatlar\u0131n\u0131 bitirdikten sonra evde vakit doldurmak ve zamanlar\u0131n\u0131 bo\u015f yere harcamak yerine burada birbirleriyle sohbet edebilme f\u0131rsat\u0131n\u0131 bulaca\u011f\u0131 kaydedildi.<\/span><\/p>\n<p><span style=\"font-size:16px;\">Vatanda\u015flar Emekli Evi&#8217;nde di\u015f taramas\u0131, tansiyon ve \u015feker \u00f6l\u00e7\u00fcm\u00fc gibi sa\u011fl\u0131k hizmetleri de alabilecek ve saz, keman kursu ve m\u00fczikal koro gibi kurslara da kat\u0131labilece\u011fi belirtildi.<\/span><\/p>\n<p>\u00a0<\/p>\n<p><span style=\"font-size:16px;\">\u201cHEM DE B\u0130R VEFA VE \u0130NSAN\u0130 B\u0130R G\u00d6REV OLARAK G\u00d6R\u00dcYORUZ\u201d<\/span><\/p>\n<p>\u00a0<\/p>\n<p><span style=\"font-size:16px;\">Konu\u015fmas\u0131n\u0131 ger\u00e7ekle\u015ftiren Burhanettin Kocamaz: \u201cG\u00f6reve geldi\u011fimiz g\u00fcnden bu yana ge\u00e7en 4 y\u0131ll\u0131k s\u00fcre zarf\u0131nda Mersin\u2019i 7\u2019den 77\u2019ye t\u00fcm vatanda\u015flar\u0131n huzur, g\u00fcven ve refah i\u00e7erisinde ya\u015fayabilecekleri bir kent haline getirmek i\u00e7in \u00e7al\u0131\u015ft\u0131k. Ba\u015fta dezavantajl\u0131 guruplar olmak \u00fczere b\u00fct\u00fcn toplum kesimlerini hi\u00e7bir ay\u0131r\u0131m g\u00f6zetmeksizin ayn\u0131 hasbi duygularla, sevgi ve \u015fefkatle kucakl\u0131yoruz. Mersin\u2019imizi engelli dostu, \u00e7ocuk dostu, kad\u0131n dostu, gen\u00e7 dostu, \u00e7evre dostu ve tabii ki ya\u015fl\u0131 dostu bir kent haline getirmek i\u00e7in dur durak bilmeden \u00e7al\u0131\u015f\u0131yoruz. Bu kapsamda Birle\u015fmi\u015f Milletler D\u00fcnya Sa\u011fl\u0131k Te\u015fkilat\u0131 ile birlikte yo\u011fun bir \u00e7al\u0131\u015fma y\u00fcr\u00fct\u00fcyoruz. Tecr\u00fcbeleriyle yolumuzu ayd\u0131nlatan, hayatlar\u0131n\u0131n en verimli \u00e7a\u011flar\u0131n\u0131 \u00fclkesi ve milletine hizmet ederek ge\u00e7iren ya\u015f alm\u0131\u015flar\u0131m\u0131z\u0131n huzur ve refah\u0131n\u0131 sa\u011flamay\u0131 hem sosyal belediyecilik anlay\u0131\u015f\u0131m\u0131z\u0131n gere\u011fi, hem de bir vefa ve insani bir g\u00f6rev olarak g\u00f6r\u00fcyoruz\u201d ifadelerini kulland\u0131.<\/span><\/p>\n<p>\u00a0<\/p>\n<p><span style=\"font-size:16px;\">\u201cEMEKL\u0130 YA\u015eLILARIMIZ YEN\u0130 DOSTLUKLAR KURACAK\u201d<\/span><\/p>\n<p>\u00a0<\/p>\n<p><span style=\"font-size:16px;\">Ya\u015f alm\u0131\u015flar\u0131n her daim yanlar\u0131nda olduklar\u0131n\u0131 belirten Ba\u015fkan Kocamaz, hayata ge\u00e7irdikleri hizmetlerden de bahsederek, \u201cBug\u00fcn sizlerle birlikte hizmete a\u00e7t\u0131\u011f\u0131m\u0131z \u0130kinci Bahar Emekli Evimiz de emekli vatanda\u015flar\u0131m\u0131z\u0131n ya\u015famlar\u0131n\u0131 daha iyi \u015fartlarda yeni dostluklar kurarak ve kaliteli vakit ge\u00e7irerek s\u00fcrd\u00fcrebilmeleri i\u00e7in hizmet verecektir. 55 ya\u015f \u00fcst\u00fc t\u00fcm emeklilerin faydalanabilece\u011fi evde olu\u015fturdu\u011fumuz k\u00fclt\u00fcr-sanat ortam\u0131nda vatanda\u015flar\u0131m\u0131z \u00e7ay, kahve, su gibi hizmetlerden \u00fccretsiz olarak yararlanacaklard\u0131r. G\u00fcnl\u00fck gazete, \u00e7e\u015fitli konularda dergi ve kitaplar\u0131n yer alaca\u011f\u0131 bir k\u00fct\u00fcphanesi de bulunan bu evden yararlanmak isteyen vatanda\u015flar\u0131m\u0131za birer \u00fcyelik kart\u0131 \u00e7\u0131kartaca\u011f\u0131z. M\u00fcdavimleri i\u00e7in g\u00fcn\u00fcbirlik geziler, \u00e7e\u015fitli sosyal ve k\u00fclt\u00fcrel faaliyetler d\u00fczenleyece\u011fimiz, psiko-sosyal dan\u0131\u015fmanl\u0131k hizmeti verece\u011fimiz Emekli Evimizi ayn\u0131 zamanda nesiller aras\u0131 tecr\u00fcbe aktar\u0131m\u0131n\u0131n \u00f6nemli temas noktalar\u0131ndan biri haline getirmek istiyoruz\u201d \u015feklinde konu\u015ftu.<\/span><\/p>\n<p>\u00a0<\/p>\n<p><span style=\"font-size:16px;\">\u201cBU KONUDA TOPLUMDA VE GEN\u00c7LER\u0130M\u0130ZDE FARKINDALIK OLU\u015eTURACA\u011eIZ\u201d<\/span><\/p>\n<p>\u00a0<\/p>\n<p><span style=\"font-size:16px;\">Ya\u015fl\u0131ya sayg\u0131 bilincinin geli\u015ftirilmesi i\u00e7in \u00e7al\u0131\u015facaklar\u0131n\u0131 dile getiren Kocamaz: \u201c\u0130kinci Bahar Emekli Evi \u00e7at\u0131s\u0131 alt\u0131nda d\u00fczenleyece\u011fimiz \u00e7e\u015fitli organizasyonlarla ya\u015f alm\u0131\u015flar\u0131m\u0131zla gen\u00e7lerimizi bir araya getirece\u011fiz. Ku\u015faklar aras\u0131 dayan\u0131\u015fman\u0131n ve ya\u015fl\u0131ya sayg\u0131 bilincinin geli\u015ftirilmesi i\u00e7in \u00e7al\u0131\u015faca\u011f\u0131z. Bu konuda toplumda ve gen\u00e7lerimizde fark\u0131ndal\u0131k olu\u015fturaca\u011f\u0131z. \u00c7ocuklar\u0131m\u0131z\u0131n milli ve manevi de\u011ferlerine ba\u011fl\u0131, vatan\u0131n\u0131 ve milletini seven, toplum i\u00e7inde sayg\u0131nl\u0131\u011f\u0131 olan bireyler olarak yeti\u015fmelerine bu \u015fekilde katk\u0131 sa\u011flayaca\u011f\u0131z. Kelimenin tam manas\u0131yla umut ile tecr\u00fcbeyi bir araya getirmek suretiyle, ya\u015f alm\u0131\u015flar\u0131m\u0131z\u0131n ve gen\u00e7lerimizin serbest zamanlar\u0131n\u0131n bir k\u0131sm\u0131n\u0131 en iyi \u015fekilde de\u011ferlendirmeleri i\u00e7in g\u00fczel bir zemin olu\u015fturaca\u011f\u0131z. Bir yandan ya\u015f alm\u0131\u015flar\u0131m\u0131z\u0131n hayata kat\u0131lma ve tutunma s\u00fcre\u00e7lerine katk\u0131 sa\u011flarken \u00f6te yandan paha bi\u00e7ilmez tecr\u00fcbelerini gen\u00e7lerimize aktarmalar\u0131 i\u00e7in her t\u00fcrl\u00fc altyap\u0131y\u0131 haz\u0131rlayaca\u011f\u0131z\u201d diye kaydetti.<\/span><\/p>\n<p>\u00a0<\/p>\n<p><span style=\"font-size:16px;\">\u201cONLARA SAYGI VE H\u00dcRMETTE KUSUR ETMEYEN B\u0130R GELENE\u011eE SAH\u0130B\u0130Z\u201d<\/span><\/p>\n<p>\u00a0<\/p>\n<p><span style=\"font-size:16px;\">18-24 Mart tarihleri aras\u0131n\u0131n her y\u0131l Ya\u015fl\u0131lar Haftas\u0131 olarak kutland\u0131\u011f\u0131n\u0131 da de\u011finen Ba\u015fkan Kocamaz,\u00a0 \u201cKadim T\u00fcrk k\u00fclt\u00fcr\u00fc, \u0130slam ahlak ve fazileti, \u00f6\u011fretileri ile yeti\u015fen bizler, sayg\u0131de\u011fer b\u00fcy\u00fcklerimizi y\u00fck de\u011fil \u015fans olarak g\u00f6ren, onlar\u0131n varl\u0131klar\u0131ndan mutluluk duyan, onlara sayg\u0131 ve h\u00fcrmette kusur etmeyen bir gelene\u011fe sahibiz. Bilgi ve tecr\u00fcbelerine her f\u0131rsatta ba\u015fvurdu\u011fumuz, ba\u015f tac\u0131 etti\u011fimiz b\u00fcy\u00fcklerimize g\u00f6sterdi\u011fimiz h\u00fcrmet ve muhabbet, gelecek nesillerimiz i\u00e7in g\u00fczel bir \u00f6rnek olu\u015fturacak, toplumsal birli\u011fimizin g\u00fc\u00e7lenmesine ve gelece\u011fe daha umutlu bakmam\u0131z\u0131 sa\u011flayacakt\u0131r. Bu duygu ve d\u00fc\u015f\u00fcncelerle, Ya\u015fl\u0131lar Haftas\u0131\u2019n\u0131 en kalbi duygular\u0131mla kutluyor, bug\u00fcnlerimizin mimarlar\u0131 olan de\u011ferli b\u00fcy\u00fcklerimize sa\u011fl\u0131kl\u0131, mutlu, huzurlu ve kaliteli uzun \u00f6m\u00fcrler diliyorum. Bug\u00fcn a\u00e7\u0131l\u0131\u015f\u0131n\u0131 yapt\u0131\u011f\u0131m\u0131z \u0130kinci Bahar Emekli Evinin ilimize ve ya\u015f alm\u0131\u015flar\u0131m\u0131za hay\u0131rl\u0131 ve u\u011furlu olmas\u0131n\u0131 diliyorum.\u201d diyerek son c\u00fcmlelerini tamamlad\u0131.<\/span><\/p>\n<\/div>\n<\/blockquote>\n","protected":false},"excerpt":{"rendered":"<p>Mersin B\u00fcy\u00fck\u015fehir Belediyesi &#8216;\u0130kinci Bahar Emekli Evi&#8217; 55 ya\u015f \u00fcst\u00fc emekliler i\u00e7in hizmete a\u00e7t\u0131. Ya\u015fl\u0131 emekliler zamanlar\u0131n\u0131 bo\u015f yere harcamak yerine birbirleriyle sohbet edebilme f\u0131rsat\u0131 buldu. Mersin B\u00fcy\u00fck\u015fehir Belediyesi Yeni\u015fehir &hellip; <a href=\"https:\/\/akdenizolaygazetesi.com\/?p=1587\" class=\"more-link\">Devam\u0131n\u0131 Oku&#8230;<\/a><\/p>\n","protected":false},"author":1,"featured_media":0,"comment_status":"open","ping_status":"open","sticky":false,"template":"","format":"standard","meta":[],"categories":[],"tags":[],"_links":{"self":[{"href":"https:\/\/akdenizolaygazetesi.com\/index.php?rest_route=\/wp\/v2\/posts\/1587"}],"collection":[{"href":"https:\/\/akdenizolaygazetesi.com\/index.php?rest_route=\/wp\/v2\/posts"}],"about":[{"href":"https:\/\/akdenizolaygazetesi.com\/index.php?rest_route=\/wp\/v2\/types\/post"}],"author":[{"embeddable":true,"href":"https:\/\/akdenizolaygazetesi.com\/index.php?rest_route=\/wp\/v2\/users\/1"}],"replies":[{"embeddable":true,"href":"https:\/\/akdenizolaygazetesi.com\/index.php?rest_route=%2Fwp%2Fv2%2Fcomments&post=1587"}],"version-history":[{"count":0,"href":"https:\/\/akdenizolaygazetesi.com\/index.php?rest_route=\/wp\/v2\/posts\/1587\/revisions"}],"wp:attachment":[{"href":"https:\/\/akdenizolaygazetesi.com\/index.php?rest_route=%2Fwp%2Fv2%2Fmedia&parent=1587"}],"wp:term":[{"taxonomy":"category","embeddable":true,"href":"https:\/\/akdenizolaygazetesi.com\/index.php?rest_route=%2Fwp%2Fv2%2Fcategories&post=1587"},{"taxonomy":"post_tag","embeddable":true,"href":"https:\/\/akdenizolaygazetesi.com\/index.php?rest_route=%2Fwp%2Fv2%2Ftags&post=1587"}],"curies":[{"name":"wp","href":"https:\/\/api.w.org\/{rel}","templated":true}]}}