{"id":1588,"date":"2020-11-04T18:22:09","date_gmt":"2020-11-04T15:22:09","guid":{"rendered":"http:\/\/mersinekonomipolitikagazetesi.com\/?p=1588"},"modified":"2020-11-04T18:22:09","modified_gmt":"2020-11-04T15:22:09","slug":"mersinde-dunya-su-gunu-kutlandi","status":"publish","type":"post","link":"https:\/\/akdenizolaygazetesi.com\/?p=1588","title":{"rendered":"Mersin&#8217;de D\u00fcnya Su G\u00fcn\u00fc kutland\u0131"},"content":{"rendered":"<p>Mersin B\u00fcy\u00fck\u015fehir Belediyesi Su ve Kanalizasyon \u0130daresi (MESK\u0130) Genel M\u00fcd\u00fcrl\u00fc\u011f\u00fcnce, &#8217;22 Mart D\u00fcnya Su G\u00fcn\u00fc&#8217; etkinlikleri kapsam\u0131nda yap\u0131lan \u2018\u00d6d\u00fcll\u00fc Resim Yar\u0131\u015fmas\u0131&#8217; ve \u2018Birimler aras\u0131 Futbol Turnuvas\u0131&#8217;n\u0131n \u00f6d\u00fcl t\u00f6reni yap\u0131ld\u0131.<\/p>\n<p><span style=\"font-size:16px;\"><span style=\"font-family: sans-serif; line-height: 20px; text-align: justify; background-color: rgb(242, 244, 245);\">Mersin B\u00fcy\u00fck\u015fehir Belediyesi Kongre ve Sergi Saray\u0131\u2019nda \u00f6d\u00fcl t\u00f6rene, B\u00fcy\u00fck\u015fehir Belediyesi Ba\u015fkan Vekili Hikmet Ko\u00e7, MESK\u0130 Genel M\u00fcd\u00fcr\u00fc Baha G\u00fcnhan G\u00fcng\u00f6rd\u00fc, Davran\u0131\u015f Bilimleri Ara\u015ft\u0131rmac\u0131s\u0131 Mehmet Auf, uzman biyolog Nebi \u015eengezer, \u00f6\u011fretmenler ve \u00e7ok say\u0131da \u00f6\u011frenci kat\u0131ld\u0131. T\u00f6rende konu\u015fan Hikmet Ko\u00e7, d\u00fcnyan\u0131n \u00fc\u00e7te birinin su k\u00fctleleriyle kapl\u0131 oldu\u011funu ve bunun yaln\u0131z binde \u00fc\u00e7\u00fcn\u00fcn kullan\u0131labildi\u011fini kaydederek, d\u00fcnya n\u00fcfusunun y\u00fczde 40\u2019n\u0131n susuzluk s\u0131k\u0131nt\u0131s\u0131 ya\u015fad\u0131\u011f\u0131n\u0131 belirtti. Suyun hayat\u0131n temel iksiri oldu\u011funu ve su kaynaklar\u0131na sahip \u00e7\u0131k\u0131lmad\u0131\u011f\u0131 taktirde T\u00fcrkiye\u2019nin ileride b\u00fcy\u00fck su s\u0131k\u0131nt\u0131s\u0131 \u00e7ekebilece\u011fini aktaran Ko\u00e7, \u201cKom\u015fumuz \u00dcrd\u00fcn\u2019\u00fcn illerinde haftada bir defa su veriliyor. \u0130l\u00e7elerde ise ayda bir defa su veriliyor. Biz d\u00fcnyan\u0131n en \u015fansl\u0131 insanlar\u0131 olarak g\u00fczel bir co\u011frafyan\u0131n \u00fczerinde ya\u015f\u0131yoruz. Toprak, hava ve su hayat\u0131m\u0131z\u0131n de\u011fi\u015fmez \u00fc\u00e7 \u00f6\u011fesidir. Maalesef bug\u00fcn su kaynaklar\u0131m\u0131z\u0131 hoyrat\u00e7a harcayarak, bilin\u00e7sizce kullanarak, geldi\u011fimiz konum ne yaz\u0131k ki i\u00e7ler ac\u0131s\u0131. Bilim adamlar\u0131 verilerine g\u00f6re T\u00fcrkiye, 30 y\u0131l sonra bir susuzluk sorunuyla kar\u015f\u0131 kar\u015f\u0131ya kalacak. Bir bilim adam\u0131 da 21. y\u00fczy\u0131lda en b\u00fcy\u00fck zenginli\u011fin kullan\u0131lmayan su kaynaklar\u0131 ve i\u015flenmeyen toprak olaca\u011f\u0131n\u0131 s\u00f6yl\u00fcyor. Petrol ve alt\u0131nlar\u0131n bir de\u011ferleri olmayacak. Bir bilim adam\u0131 da bundan 50 sene sonra denizlerde bal\u0131klardan \u00e7ok pet \u015fi\u015feleri g\u00f6r\u00fclece\u011fini s\u00f6yl\u00fcyor. Hepimiz daha duyarl\u0131 olmal\u0131y\u0131z. Art\u0131k sulak alanlar\u0131m\u0131z\u0131 daha iyi koruyal\u0131m, \u00e7evremizi daha iyi koruyal\u0131m\u201d dedi.\u00a0<\/span><br style=\"box-sizing: border-box; font-family: sans-serif; font-size: 14px; line-height: 20px; text-align: justify; background-color: rgb(242, 244, 245);\" \/><br \/>\n<span style=\"font-family: sans-serif; line-height: 20px; text-align: justify; background-color: rgb(242, 244, 245);\">MESK\u0130 Genel M\u00fcd\u00fcr\u00fc G\u00fcng\u00f6rd\u00fc ise \u2018D\u00fcnya Su G\u00fcn\u00fc&#8217;n\u00fcn\u2019 1993 y\u0131l\u0131ndan itibaren t\u00fcm d\u00fcnyada her y\u0131l farkl\u0131 temayla kutland\u0131\u011f\u0131n\u0131 belirterek, 2018 y\u0131l\u0131n\u0131n temas\u0131n\u0131n, insanlar\u0131n fark edemedikleri, ufak de\u011fi\u015fikliklerin do\u011fa dengesini bozdu\u011fu ve sarst\u0131\u011f\u0131 oldu\u011funu s\u00f6yledi. T\u00fcrklerin tarih boyunca su kaynaklar\u0131na ve do\u011fal ya\u015famla bar\u0131\u015f\u0131k halde ya\u015fad\u0131\u011f\u0131n\u0131 ifade eden G\u00fcng\u00f6rd\u00fc, \u00f6\u011frencilere su g\u00fcn\u00fc etkinlikleri dolay\u0131s\u0131yla verilmek istenen mesajlar\u0131 \u00e7evrelerine aktarmalar\u0131n\u0131 istedi.\u00a0<\/span><br style=\"box-sizing: border-box; font-family: sans-serif; font-size: 14px; line-height: 20px; text-align: justify; background-color: rgb(242, 244, 245);\" \/><br \/>\n<span style=\"font-family: sans-serif; line-height: 20px; text-align: justify; background-color: rgb(242, 244, 245);\">Konu\u015fmalar\u0131n ard\u0131ndan Nebi \u015eengezer ve Mehmet Auf bir sunum ger\u00e7ekle\u015ftirdi. Ard\u0131ndan resim yar\u0131\u015fmas\u0131nda ve futbol turnuvas\u0131nda derece girenlere \u00f6d\u00fclleri verildi.\u00a0<\/span><\/span><\/p>\n","protected":false},"excerpt":{"rendered":"<p>Mersin B\u00fcy\u00fck\u015fehir Belediyesi Su ve Kanalizasyon \u0130daresi (MESK\u0130) Genel M\u00fcd\u00fcrl\u00fc\u011f\u00fcnce, &#8217;22 Mart D\u00fcnya Su G\u00fcn\u00fc&#8217; etkinlikleri kapsam\u0131nda yap\u0131lan \u2018\u00d6d\u00fcll\u00fc Resim Yar\u0131\u015fmas\u0131&#8217; ve \u2018Birimler aras\u0131 Futbol Turnuvas\u0131&#8217;n\u0131n \u00f6d\u00fcl t\u00f6reni yap\u0131ld\u0131. Mersin &hellip; <a href=\"https:\/\/akdenizolaygazetesi.com\/?p=1588\" class=\"more-link\">Devam\u0131n\u0131 Oku&#8230;<\/a><\/p>\n","protected":false},"author":1,"featured_media":0,"comment_status":"open","ping_status":"open","sticky":false,"template":"","format":"standard","meta":[],"categories":[],"tags":[],"_links":{"self":[{"href":"https:\/\/akdenizolaygazetesi.com\/index.php?rest_route=\/wp\/v2\/posts\/1588"}],"collection":[{"href":"https:\/\/akdenizolaygazetesi.com\/index.php?rest_route=\/wp\/v2\/posts"}],"about":[{"href":"https:\/\/akdenizolaygazetesi.com\/index.php?rest_route=\/wp\/v2\/types\/post"}],"author":[{"embeddable":true,"href":"https:\/\/akdenizolaygazetesi.com\/index.php?rest_route=\/wp\/v2\/users\/1"}],"replies":[{"embeddable":true,"href":"https:\/\/akdenizolaygazetesi.com\/index.php?rest_route=%2Fwp%2Fv2%2Fcomments&post=1588"}],"version-history":[{"count":0,"href":"https:\/\/akdenizolaygazetesi.com\/index.php?rest_route=\/wp\/v2\/posts\/1588\/revisions"}],"wp:attachment":[{"href":"https:\/\/akdenizolaygazetesi.com\/index.php?rest_route=%2Fwp%2Fv2%2Fmedia&parent=1588"}],"wp:term":[{"taxonomy":"category","embeddable":true,"href":"https:\/\/akdenizolaygazetesi.com\/index.php?rest_route=%2Fwp%2Fv2%2Fcategories&post=1588"},{"taxonomy":"post_tag","embeddable":true,"href":"https:\/\/akdenizolaygazetesi.com\/index.php?rest_route=%2Fwp%2Fv2%2Ftags&post=1588"}],"curies":[{"name":"wp","href":"https:\/\/api.w.org\/{rel}","templated":true}]}}