{"id":15884,"date":"2021-12-31T12:09:52","date_gmt":"2021-12-31T09:09:52","guid":{"rendered":"http:\/\/akdenizolaygazetesi.com\/?p=15884"},"modified":"2021-12-31T12:09:52","modified_gmt":"2021-12-31T09:09:52","slug":"gultaktan-yeni-yil-ve-3-ocak-mesaji","status":"publish","type":"post","link":"https:\/\/akdenizolaygazetesi.com\/?p=15884","title":{"rendered":"G\u00dcLTAK\u2019TAN YEN\u0130 YIL VE 3 OCAK MESAJI"},"content":{"rendered":"<p>Akdeniz Belediye Ba\u015fkan\u0131 M. Mustafa G\u00fcltak, yeni y\u0131l ve \u20183 Ocak Mersin\u2019in Kurtulu\u015fu\u2019nun 100\u2019\u00fcnc\u00fc y\u0131ld\u00f6n\u00fcm\u00fc nedeniyle bir mesaj yay\u0131mlad\u0131.<br \/>\nMesaj\u0131nda; \u201cAc\u0131s\u0131yla tatl\u0131s\u0131yla bir y\u0131l\u0131 daha geride b\u0131rak\u0131yoruz\u201d diyen Ba\u015fkan G\u00fcltak, \u201c\u00d6ncelikle, 2019 y\u0131l\u0131 sonlar\u0131nda \u00c7in\u2019de ortaya \u00e7\u0131k\u0131p t\u00fcm d\u00fcnyaya yay\u0131lan, \u00fclkemizi de etkileyip binlerce can\u0131m\u0131z\u0131, sevdiklerimizi yitirmemize sebep olan Koronavir\u00fcs belas\u0131ndan insanl\u0131k ad\u0131na kurtulmay\u0131 diliyorum. Birbirimize, sevdiklerimize eskiden oldu\u011fu gibi korkmadan sar\u0131labildi\u011fimiz, diledi\u011fimizce yan yana gelebildi\u011fimiz o g\u00fczel g\u00fcnlere yeniden kavu\u015fmay\u0131 umut ediyorum\u201d ifadelerini kulland\u0131.<br \/>\nMesaj\u0131nda; yeni y\u0131lda da salg\u0131na kar\u015f\u0131 t\u00fcm \u00fclke vatanda\u015flar\u0131 olarak tedbirleri elden b\u0131rakmamak gerekti\u011finin alt\u0131n\u0131 \u00e7izen Ba\u015fkan G\u00fcltak; \u201cA\u015f\u0131lar\u0131m\u0131z\u0131 eksiksiz olal\u0131m, maske, mesafe ve hijyen kurallar\u0131na toplum olarak da uymaya mutlaka devam edelim. Zira ancak alaca\u011f\u0131m\u0131z bu s\u0131k\u0131 tedbirlerle salg\u0131na kar\u015f\u0131 m\u00fccadeleyi kazanabiliriz\u201d dedi.<br \/>\n\u201cAkdeniz\u2019i de\u011fi\u015ftirmeye devam edece\u011fiz\u201d<br \/>\n \u201cG\u00f6n\u00fcl belediyecili\u011fi ilkesiyle, daha ya\u015fanabilir ve sa\u011fl\u0131kl\u0131 Akdeniz i\u00e7in yeni y\u0131lda da halk\u0131m\u0131za hizmet verecek, yeni projeler \u00fcretip yat\u0131r\u0131mlar\u0131m\u0131z\u0131 artt\u0131rmaya devam edece\u011fiz\u201d diyen Ba\u015fkan G\u00fcltak,  \u015fu ifadeleri kaydetti; \u201cYeni umut ve hayallerle kar\u015f\u0131lad\u0131\u011f\u0131m\u0131z 2022 y\u0131l\u0131n\u0131n; ba\u015fta milletimiz olmak \u00fczere insanl\u0131k ad\u0131na hay\u0131r ve g\u00fczelliklere vesile olmas\u0131n\u0131 temenni eder, sa\u011fl\u0131k, huzur ve esenlikler dilerim. Bu vesileyle; 3 Ocak Mersin\u2019in D\u00fc\u015fman \u0130\u015fgalinden Kurtulu\u015fu\u2019nun 100\u2019\u00fcnc\u00fc y\u0131ld\u00f6n\u00fcm\u00fcn\u00fc de tebrik eder; vatan u\u011fruna topra\u011fa d\u00fc\u015fen aziz \u015fehitlerimizi ve kahraman gazilerimizi sayg\u0131yla y\u00e2d ederim.\u201d<\/p>\n","protected":false},"excerpt":{"rendered":"<p>Akdeniz Belediye Ba\u015fkan\u0131 M. Mustafa G\u00fcltak, yeni y\u0131l ve \u20183 Ocak Mersin\u2019in Kurtulu\u015fu\u2019nun 100\u2019\u00fcnc\u00fc y\u0131ld\u00f6n\u00fcm\u00fc nedeniyle bir mesaj yay\u0131mlad\u0131. Mesaj\u0131nda; \u201cAc\u0131s\u0131yla tatl\u0131s\u0131yla bir y\u0131l\u0131 daha geride b\u0131rak\u0131yoruz\u201d diyen Ba\u015fkan G\u00fcltak, &hellip; <a href=\"https:\/\/akdenizolaygazetesi.com\/?p=15884\" class=\"more-link\">Devam\u0131n\u0131 Oku&#8230;<\/a><\/p>\n","protected":false},"author":2,"featured_media":15885,"comment_status":"open","ping_status":"open","sticky":false,"template":"","format":"standard","meta":[],"categories":[2,3,5],"tags":[],"_links":{"self":[{"href":"https:\/\/akdenizolaygazetesi.com\/index.php?rest_route=\/wp\/v2\/posts\/15884"}],"collection":[{"href":"https:\/\/akdenizolaygazetesi.com\/index.php?rest_route=\/wp\/v2\/posts"}],"about":[{"href":"https:\/\/akdenizolaygazetesi.com\/index.php?rest_route=\/wp\/v2\/types\/post"}],"author":[{"embeddable":true,"href":"https:\/\/akdenizolaygazetesi.com\/index.php?rest_route=\/wp\/v2\/users\/2"}],"replies":[{"embeddable":true,"href":"https:\/\/akdenizolaygazetesi.com\/index.php?rest_route=%2Fwp%2Fv2%2Fcomments&post=15884"}],"version-history":[{"count":1,"href":"https:\/\/akdenizolaygazetesi.com\/index.php?rest_route=\/wp\/v2\/posts\/15884\/revisions"}],"predecessor-version":[{"id":15886,"href":"https:\/\/akdenizolaygazetesi.com\/index.php?rest_route=\/wp\/v2\/posts\/15884\/revisions\/15886"}],"wp:featuredmedia":[{"embeddable":true,"href":"https:\/\/akdenizolaygazetesi.com\/index.php?rest_route=\/wp\/v2\/media\/15885"}],"wp:attachment":[{"href":"https:\/\/akdenizolaygazetesi.com\/index.php?rest_route=%2Fwp%2Fv2%2Fmedia&parent=15884"}],"wp:term":[{"taxonomy":"category","embeddable":true,"href":"https:\/\/akdenizolaygazetesi.com\/index.php?rest_route=%2Fwp%2Fv2%2Fcategories&post=15884"},{"taxonomy":"post_tag","embeddable":true,"href":"https:\/\/akdenizolaygazetesi.com\/index.php?rest_route=%2Fwp%2Fv2%2Ftags&post=15884"}],"curies":[{"name":"wp","href":"https:\/\/api.w.org\/{rel}","templated":true}]}}