{"id":15888,"date":"2021-12-31T12:12:13","date_gmt":"2021-12-31T09:12:13","guid":{"rendered":"http:\/\/akdenizolaygazetesi.com\/?p=15888"},"modified":"2021-12-31T12:12:13","modified_gmt":"2021-12-31T09:12:13","slug":"ptt-pulundan-3-ocak-davetiyesi","status":"publish","type":"post","link":"https:\/\/akdenizolaygazetesi.com\/?p=15888","title":{"rendered":"&#8220;PTT Pulu&#8217;ndan 3 Ocak Davetiyesi&#8221;"},"content":{"rendered":"<p>Toroslar Belediyesi&#8217;nin, 3 Ocak Mersin&#8217;in D\u00fc\u015fman \u0130\u015fgalinden Kurtulu\u015fu&#8217;nun 100. y\u0131l d\u00f6n\u00fcm\u00fcnde d\u00fczenleyece\u011fi &#8220;Geleneksel 3 Ocak Zafer Y\u00fcr\u00fcy\u00fc\u015f\u00fc&#8217;n\u00fcn&#8221;  heyecan\u0131 Mersin&#8217;i sard\u0131.<\/p>\n<p>Toroslar Belediye Ba\u015fkan\u0131 Ats\u0131z Af\u015f\u0131n Y\u0131lmaz, Mersin Valisi Ali \u0130hsan Su ba\u015fta olmak \u00fczere Mersin protokol\u00fcn\u00fc, kurum m\u00fcd\u00fcrlerini, sivil toplum kurulu\u015flar\u0131n\u0131n temsilcilerini ve esnaf\u0131 tek tek ziyaret ederek, Zafer Y\u00fcr\u00fcy\u00fc\u015f\u00fc&#8217;n\u00fcn ve kurtulu\u015f etkinliklerinin davetiyesini takdim etti.<\/p>\n<p>&#8220;PTT Pulu&#8217;ndan 3 Ocak Davetiyesi&#8221;<\/p>\n<p>Kurtulu\u015f&#8217;un 100. y\u0131l an\u0131s\u0131na \u00f6zel olarak pul \u015feklinde haz\u0131rlanan, \u00fczerinde Ulu \u00d6nderimiz Gazi Mustafa Kemal Atat\u00fcrk&#8217;\u00fcn resminin bulundu\u011fu davetiye ise takdir toplad\u0131.<\/p>\n<p>3 Ocak 2022 Pazartesi g\u00fcn\u00fc saat 08.00&#8217;da Toroslar Belediyesi hizmet binas\u0131 \u00f6n\u00fcnden ba\u015flayarak Kuvayi Milliye Caddesi, Hastane Caddesi, \u0130stiklal Caddesi ve Sakarya Caddesi g\u00fczergah\u0131ndan Cumhuriyet Meydan\u0131&#8217;na kadar s\u00fcrecek olan y\u00fcr\u00fcy\u00fc\u015fte temsili Elif&#8217;in Ka\u011fn\u0131s\u0131 ve s\u0131rt\u0131nda cepheye mermi ta\u015f\u0131yan Nene Hatunlar da tarihi yeniden canland\u0131racak.<\/p>\n<p>Ba\u015fkan Y\u0131lmaz: &#8220;3 Ocak&#8217;a ve Mersinimize Sahip \u00c7\u0131kaca\u011f\u0131z&#8221;<\/p>\n<p>Toroslar Belediye Ba\u015fkan\u0131 Ats\u0131z Af\u015f\u0131n Y\u0131lmaz, 3 Ocak Mersin&#8217;in D\u00fc\u015fman \u0130\u015fgalinden Kurtulu\u015fu&#8217;nun 100. y\u0131l d\u00f6n\u00fcm\u00fcn\u00fc bu y\u0131l da b\u00fcy\u00fck bir gurur ve co\u015fkuyla kutlayacaklar\u0131n\u0131 s\u00f6yledi.<\/p>\n<p>Her y\u0131l geleneksel olarak d\u00fczenledikleri bu y\u00fcr\u00fcy\u00fc\u015fle t\u00fcm T\u00fcrkiye&#8217;ye birlik ve beraberli\u011fin en g\u00fczel mesaj\u0131n\u0131 verdiklerini s\u00f6yleyen Ba\u015fkan Y\u0131lmaz; &#8220;Mersin&#8217;in ortak de\u011ferlerle ilerlemesini istiyoruz. Toplum olarak, vatan\u0131m\u0131z, bayra\u011f\u0131m\u0131z, \u0130stiklal Mar\u015f\u0131m\u0131z bizim ortak de\u011ferlerimiz. Yerel olarak ortak de\u011ferimiz ise 3 Ocak Mersin&#8217;in kurtulu\u015fudur. Bunu \u00f6nemsiyoruz ve \u00e7ocuklar\u0131m\u0131z taraf\u0131ndan daha iyi anla\u015f\u0131lmas\u0131n\u0131 istiyoruz. Ulu \u00d6nderimiz Gazi Mustafa Kemal Atat\u00fcrk&#8217;\u00fcn &#8220;Mersin&#8217;e sahip \u00e7\u0131k\u0131n\u0131z!&#8221; diyerek seslendi\u011fi bu cennet \u015fehri birlik, beraberlik i\u00e7erisinde devrald\u0131\u011f\u0131m\u0131z noktadan daha yukar\u0131lara \u00e7\u0131karaca\u011f\u0131z&#8221; diye konu\u015ftu.<\/p>\n<p>&#8220;Milli M\u00fccadelenin Simgesi Kalpaklar\u0131m\u0131z Haz\u0131r&#8221;<\/p>\n<p>&#8220;Bu y\u0131l da kurtulu\u015f ruhunun aziz miras\u0131na yak\u0131\u015f\u0131r \u015fekilde tek y\u00fcrek olaca\u011f\u0131z&#8221; diyen Ba\u015fkan Y\u0131lmaz; &#8220;3 Ocak kutlamalar\u0131 kapsam\u0131nda Toroslar Belediyesi olarak bu y\u0131l da dolu dolu bir etkinlik haz\u0131rlad\u0131k. Milli m\u00fccadelenin simgesi kalpaklar\u0131m\u0131z haz\u0131r. Bayraklar\u0131m\u0131z\u0131 alaca\u011f\u0131z ve hep birlikte 3 Ocak&#8217;\u0131n ruhuna yara\u015f\u0131r bir y\u00fcr\u00fcy\u00fc\u015f ger\u00e7ekle\u015ftirece\u011fiz. Her zaman yan\u0131m\u0131zda olan, y\u00fcr\u00fcy\u00fc\u015f\u00fcm\u00fcze destek veren t\u00fcm hem\u015fehrilerime \u015fimdiden te\u015fekk\u00fcr ediyorum&#8221; \u015feklinde konu\u015ftu.<\/p>\n<p>&#8220;Atalar\u0131m\u0131z\u0131n Miras\u0131n\u0131, Kuvayi Milliye Kararg\u00e2h\u0131&#8217;nda Ya\u015fataca\u011f\u0131z&#8221;<\/p>\n<p>Ba\u015fkan Y\u0131lmaz, Kurtulu\u015f&#8217;un 100. y\u0131l d\u00f6n\u00fcm\u00fcnde Buluklu Mahallesi&#8217;nde haz\u0131rlad\u0131klar\u0131 &#8220;Kuvayi Milliye Kararg\u00e2h\u0131&#8217;n\u0131n&#8221; a\u00e7\u0131l\u0131\u015f\u0131n\u0131 da yapacaklar\u0131n\u0131 belirterek; &#8220;Milli m\u00fccadelemizin destans\u0131 hikayesini, \u015fehit ve gazilerimizin an\u0131s\u0131na, t\u00fcm detaylar\u0131yla tek bir \u00e7at\u0131 alt\u0131nda bir araya getirdik. Milli m\u00fccadele kahramanlar\u0131m\u0131zdan devrald\u0131\u011f\u0131m\u0131z inan\u00e7 ve heyecanla, Kuvayi Milliye Kararg\u00e2h\u0131m\u0131z\u0131n a\u00e7\u0131l\u0131\u015f\u0131n\u0131, 02 Ocak Pazar g\u00fcn\u00fc saat 14.00&#8217;da ger\u00e7ekle\u015ftiriyoruz. T\u00fcm halk\u0131m\u0131z\u0131, bu de\u011ferli g\u00fcn\u00fcn bir par\u00e7as\u0131 olmak \u00fczere a\u00e7\u0131l\u0131\u015f\u0131m\u0131za bekliyoruz&#8221; ifadelerini kulland\u0131.<\/p>\n","protected":false},"excerpt":{"rendered":"<p>Toroslar Belediyesi&#8217;nin, 3 Ocak Mersin&#8217;in D\u00fc\u015fman \u0130\u015fgalinden Kurtulu\u015fu&#8217;nun 100. y\u0131l d\u00f6n\u00fcm\u00fcnde d\u00fczenleyece\u011fi &#8220;Geleneksel 3 Ocak Zafer Y\u00fcr\u00fcy\u00fc\u015f\u00fc&#8217;n\u00fcn&#8221; heyecan\u0131 Mersin&#8217;i sard\u0131. Toroslar Belediye Ba\u015fkan\u0131 Ats\u0131z Af\u015f\u0131n Y\u0131lmaz, Mersin Valisi Ali \u0130hsan &hellip; <a href=\"https:\/\/akdenizolaygazetesi.com\/?p=15888\" class=\"more-link\">Devam\u0131n\u0131 Oku&#8230;<\/a><\/p>\n","protected":false},"author":2,"featured_media":15889,"comment_status":"open","ping_status":"open","sticky":false,"template":"","format":"standard","meta":[],"categories":[2,3,5],"tags":[],"_links":{"self":[{"href":"https:\/\/akdenizolaygazetesi.com\/index.php?rest_route=\/wp\/v2\/posts\/15888"}],"collection":[{"href":"https:\/\/akdenizolaygazetesi.com\/index.php?rest_route=\/wp\/v2\/posts"}],"about":[{"href":"https:\/\/akdenizolaygazetesi.com\/index.php?rest_route=\/wp\/v2\/types\/post"}],"author":[{"embeddable":true,"href":"https:\/\/akdenizolaygazetesi.com\/index.php?rest_route=\/wp\/v2\/users\/2"}],"replies":[{"embeddable":true,"href":"https:\/\/akdenizolaygazetesi.com\/index.php?rest_route=%2Fwp%2Fv2%2Fcomments&post=15888"}],"version-history":[{"count":1,"href":"https:\/\/akdenizolaygazetesi.com\/index.php?rest_route=\/wp\/v2\/posts\/15888\/revisions"}],"predecessor-version":[{"id":15890,"href":"https:\/\/akdenizolaygazetesi.com\/index.php?rest_route=\/wp\/v2\/posts\/15888\/revisions\/15890"}],"wp:featuredmedia":[{"embeddable":true,"href":"https:\/\/akdenizolaygazetesi.com\/index.php?rest_route=\/wp\/v2\/media\/15889"}],"wp:attachment":[{"href":"https:\/\/akdenizolaygazetesi.com\/index.php?rest_route=%2Fwp%2Fv2%2Fmedia&parent=15888"}],"wp:term":[{"taxonomy":"category","embeddable":true,"href":"https:\/\/akdenizolaygazetesi.com\/index.php?rest_route=%2Fwp%2Fv2%2Fcategories&post=15888"},{"taxonomy":"post_tag","embeddable":true,"href":"https:\/\/akdenizolaygazetesi.com\/index.php?rest_route=%2Fwp%2Fv2%2Ftags&post=15888"}],"curies":[{"name":"wp","href":"https:\/\/api.w.org\/{rel}","templated":true}]}}