{"id":1589,"date":"2020-11-04T18:22:09","date_gmt":"2020-11-04T15:22:09","guid":{"rendered":"http:\/\/mersinekonomipolitikagazetesi.com\/?p=1589"},"modified":"2020-11-04T18:22:09","modified_gmt":"2020-11-04T15:22:09","slug":"taseron-iscilere-ayrimsiz-sartsiz-kadro-istiyoruz","status":"publish","type":"post","link":"https:\/\/akdenizolaygazetesi.com\/?p=1589","title":{"rendered":"\u201cTA\u015eERON \u0130\u015e\u00c7\u0130LERE AYRIMSIZ \u015eARTSIZ KADRO \u0130ST\u0130YORUZ\u201d"},"content":{"rendered":"<p>D\u0130SK\u2019e ba\u011fl\u0131 Genel \u0130\u015f Sendikas\u0131, kadro verilecek ta\u015feron i\u015f\u00e7ilerin i\u015flerinden de olmamas\u0131 y\u00f6n\u00fcnde i\u015f\u00e7ilerle bir araya gelerek i\u015flerine geri getirilmesini istedi.<\/p>\n<div>\n<div>\n<div>\n<div>\n<div>\n<div>\n<div>\n<div>\n<div>\n<div>\n<div>\n<div id=\":4\">\n<div id=\":2\">\n<div>\n<div role=\"main\">\n<table cellpadding=\"0\" role=\"presentation\" style=\"width:1630px;\">\n<tbody>\n<tr>\n<td>\n<div>\n<div>\n<div>\n<div role=\"list\">\n<div role=\"listitem\" style=\"clear:both;\" tabindex=\"-1\">\n<div>\n<div>\n<div id=\":ki\">\n<div data-legacy-message-id=\"16252e1e1c7a5ae1\" data-message-id=\"16252e1e1c7a5ae1\">\n<div style=\"margin-left:44px;\">\n<div id=\":kl\">\n<div id=\":kk\">\n<div dir=\"auto\">\n<blockquote type=\"cite\">\n<div>\n<div dir=\"ltr\">\n<p><span style=\"font-size:16px;\">Belediyelerde ta\u015feron i\u015f\u00e7ilere kadro verilece\u011fi m\u00fcjdesinin verilmesinin ard\u0131ndan g\u00fcvenlik yasas\u0131na da tabi tutuldu. Kadroya al\u0131nmak i\u00e7in talepte bulunan i\u015f\u00e7iler g\u00fcvenlik soru\u015fturmas\u0131ndan ge\u00e7erek kadro d\u0131\u015f\u0131nda kald\u0131.<\/span><\/p>\n<p><span style=\"font-size:16px;\">\u0130tirazlar\u0131n\u0131 dile getirmek i\u00e7in i\u015f\u00e7iler, D\u0130SK\u2019e ba\u011fl\u0131 Genel \u0130\u015f Sendikas\u0131 \u00f6nc\u00fcl\u00fc\u011f\u00fcnde \u00d6zg\u00fcr \u00c7ocuk Park\u0131\u2019nda bir araya gelerek yap\u0131lan yasal d\u00fczenlemeye kar\u015f\u0131 olduklar\u0131n\u0131 ve i\u015flerini geri istedikleri belirtti.<\/span><\/p>\n<p><span style=\"font-size:16px;\">\u0130\u015f\u00e7ilerin i\u015flerine geri getirilmesi ve kadro verilmesi ad\u0131na D\u0130SK\u2019e ba\u011fl\u0131 Genel \u0130\u015f \u015eube Ba\u015fkan\u0131 Kemal G\u00f6ksoy a\u00e7\u0131klamada bulundu.<\/span><\/p>\n<p><span style=\"font-size:16px;\">A\u00e7\u0131klama konu\u015fmas\u0131ndan \u00f6nce i\u015f\u00e7iler hep beraber \u015fu \u015fekilde sloganlar att\u0131: \u201c\u0130\u015f\u00e7iler birli\u011fi sermayeyi yenecek. Zafer direnen emek\u00e7i olacak. Kadro haklar\u0131m\u0131z engellenemez, Direne direne kazanaca\u011f\u0131z, Kadro evimiz bizi i\u015ften ettiniz\u201d<\/span><\/p>\n<p>\u00a0<\/p>\n<p><span style=\"font-size:16px;\">G\u00f6ksoy, yap\u0131lan t\u00fcm sorunlar\u0131n h\u00fck\u00fcmetin sorumlulu\u011fu oldu\u011funa dikkat \u00e7ekerek bu sorunlara \u00e7\u00f6z\u00fcm getirmesinin de zorunlu oldu\u011funu belirtti.<\/span><\/p>\n<div>\n<div aria-label=\"Geni\u015fletilen i\u00e7eri\u011fi gizleyin\" data-tooltip=\"Geni\u015fletilen i\u00e7eri\u011fi gizleyin\" id=\":lf\" role=\"button\" style=\"clear:both;\" tabindex=\"0\"><span style=\"font-size:16px;\"><img src=\"https:\/\/ssl.gstatic.com\/ui\/v1\/icons\/mail\/images\/cleardot.gif\" style=\"height:8px;width:20px;\" \/><\/span><\/div>\n<\/p><\/div>\n<div>\n<p><span style=\"font-size:16px;\">Konu\u015fmas\u0131na devam eden G\u00f6ksoy, cezaevinde yatm\u0131\u015f olan bir ki\u015finin cezas\u0131n\u0131 \u00e7ekerek tekrardan toplum kazand\u0131rmak yerine i\u015f verilmedi\u011fini vurgulad\u0131.<\/span><\/p>\n<p>\u00a0<\/p>\n<p><span style=\"font-size:16px;\">\u201cBU ANAYASANIN E\u015e\u0130TL\u0130K \u0130LKES\u0130NE AYKIRIDIR\u201d<\/span><\/p>\n<p>\u00a0<\/p>\n<p><span style=\"font-size:16px;\">Genel \u0130\u015f Sendikas\u0131 i\u015f\u00e7i s\u0131n\u0131f\u0131n\u0131n en de\u011ferli sendikal g\u00fcc\u00fc oldu\u011funu belirten G\u00f6ksoy: \u201cSendikam\u0131z ba\u015f e\u011fmeden, mazlumu yaln\u0131z b\u0131rakmadan, i\u015f\u00e7ileri aldatmadan, siyasette, iktidar\u0131 ve sermayeye boyun e\u011fmeden bug\u00fcnlere geldi yar\u0131nlara da b\u00f6yle gidecektir. Daha \u00f6nce s\u00f6yledik bir kere daha tekrar ediyoruz. H\u00fck\u00fcmet se\u00e7imlerinde verdi\u011fi kadro vaadini e\u015fitsiz ve eksiksiz bir \u015fekilde hayata ge\u00e7irdi. Merkezi idarede ta\u015feron i\u015f\u00e7ilere tan\u0131d\u0131\u011f\u0131 kamu i\u015f\u00e7ili\u011fi hakk\u0131n\u0131 yerel y\u00f6netimlerdeki i\u015f\u00e7ilere tan\u0131mayarak b\u00fcy\u00fck bir ayr\u0131mc\u0131l\u0131\u011fa ve e\u015fitsizli\u011fe yol a\u00e7t\u0131. Belediye i\u015f\u00e7ilerine kadro verilmedi. Bu anayasan\u0131n e\u015fitlik ilkesine ayk\u0131r\u0131d\u0131r. Bu ayr\u0131mc\u0131l\u0131k giderilene kadar m\u00fccadele etmeye devam edece\u011fiz.\u201d diye kaydetti.<\/span><\/p>\n<p>\u00a0<\/p>\n<p><span style=\"font-size:16px;\">\u201cB\u0130NLERCE TA\u015eERON \u015e\u0130RKET \u0130\u015e\u00c7\u0130S\u0130 HUKUK DI\u015eI B\u0130R DURUMLA KAR\u015eI KAR\u015eIYADIR\u201d<\/span><\/p>\n<p>\u00a0<\/p>\n<p><span style=\"font-size:16px;\">T\u00fcm e\u015fitsizli\u011fe ra\u011fmen gelinen bu \u00f6nemli a\u015fama i\u015f\u00e7i s\u0131n\u0131f\u0131n\u0131n, on y\u0131llard\u0131r canla ba\u015fla s\u00fcrd\u00fcrd\u00fc\u011f\u00fc insanca ya\u015fama, insanca \u00e7al\u0131\u015fma m\u00fccadelesinin bir kazan\u0131m\u0131 oldu\u011funu dile getiren G\u00f6ksoy, getirilen d\u00fczenleme ile g\u00fcvenlik soru\u015fturmas\u0131 gerek\u00e7e g\u00f6sterildi\u011fini 19 arkada\u015flar\u0131n\u0131n daha i\u015flerinden edildi\u011fini belirtti.<\/span><\/p>\n<\/p><\/div>\n<\/p><\/div>\n<div>\u00a0<\/div>\n<\/p><\/div>\n<div>\u00a0<\/div>\n<\/blockquote>\n<div>\n<blockquote type=\"cite\">\n<div dir=\"ltr\">\n<p><span style=\"font-size:16px;\">G\u00f6ksoy: \u201d696 say\u0131l\u0131 KHK ile ta\u015feronlarda \u00e7al\u0131\u015ft\u0131r\u0131lan i\u015f\u00e7ilerde bir s\u00fcr\u00fc di\u011fer ko\u015ful yan\u0131nda devlet memurlar\u0131 i\u00e7in aranan ko\u015fullar da aranmaktad\u0131r. Merkezi idareye kadrolu ge\u00e7i\u015fte 657 say\u0131l\u0131 Devlet Memurlar\u0131 Kanunu\u2019nun atama \u015fartlar\u0131n\u0131 aramak bile tart\u0131\u015fmal\u0131yken 657 say\u0131l\u0131 kanun i\u00e7inde tan\u0131nmam\u0131\u015f ve tan\u0131mlanmam\u0131\u015f belediye \u015firketlerine ge\u00e7i\u015f i\u00e7in 657 ko\u015fullar\u0131n\u0131 aramak hukuki temeli olmayan bir keyfiyettir. \u015eu anda belediye hizmetlerinde \u00e7al\u0131\u015fan binlerce ta\u015feron \u015firket i\u015f\u00e7isi hukuk d\u0131\u015f\u0131 bir durumla kar\u015f\u0131 kar\u015f\u0131yad\u0131r.\u201d ifadelerini kulland\u0131.<\/span><\/p>\n<p>\u00a0<\/p>\n<p><span style=\"font-size:16px;\">G\u00f6ksoy: \u201cSendikam\u0131z en ba\u015f\u0131ndan beri y\u0131llard\u0131r kamu idareleri i\u00e7in \u00e7al\u0131\u015fan ve asl\u0131nda kamu idarelerinin i\u015f\u00e7isi olduklar\u0131 hukuken tescil edilmi\u015f olan i\u015f\u00e7ilerin kar\u015f\u0131s\u0131na g\u00fcvenlik soru\u015fturmas\u0131 ve ar\u015fiv ara\u015ft\u0131rmas\u0131 ko\u015fulunu dikmenin i\u015f\u00e7ileri eleme amac\u0131n\u0131 ta\u015f\u0131d\u0131\u011f\u0131n\u0131 ifade etmi\u015ftir.\u201d dedi<\/span><\/p>\n<p>\u00a0<\/p>\n<p><span style=\"font-size:16px;\">\u201cBU UYGULAMAYLA \u0130\u015e\u00c7\u0130LER ADETA SU\u00c7 \u0130\u015eLEMEYE TE\u015eV\u0130K ED\u0130LMEKTED\u0130R\u201d<\/span><\/p>\n<p>\u00a0<\/p>\n<p><span style=\"font-size:16px;\">Bu i\u015f\u00e7iler kadro beklerken i\u015fsiz kalacaklar\u0131n\u0131 belirten G\u00f6ksoy: \u201c\u015eimdi sab\u0131ka kay\u0131tlar\u0131\u00a0 ve g\u00fcvenlik soru\u015fturmas\u0131 nedeniyle kar\u015f\u0131m\u0131za \u00e7\u0131kmas\u0131 beklenen bu durum b\u00fcy\u00fck bir toplumsal a\u00e7maza neden olacak boyuttad\u0131r. \u0130\u015fsizli\u011fe mahkum edilecek binlerce i\u015f\u00e7i nas\u0131l ya\u015famlar\u0131n\u0131 s\u00fcrd\u00fcrecektir. Bu durumdaki \u00fcyelerimiz ge\u00e7mi\u015fte yapt\u0131klar\u0131 h\u00fck\u00fcmlerinden\u00a0 cezalar\u0131n\u0131 \u00e7ekmi\u015flerdir ve kamuya y\u0131llardan beri hizmet vermektedirler. Buna ra\u011fmen toplumun d\u0131\u015f\u0131na itilmesine sebep olacak bu uygulama ile kar\u015f\u0131 kar\u015f\u0131yad\u0131rlar. Bu uygulamayla i\u015f\u00e7iler adeta su\u00e7 i\u015flemeye te\u015fvik edilmektedir.\u201d \u015feklinde konu\u015ftu.<\/span><\/p>\n<p>\u00a0<\/p>\n<p><span style=\"font-size:16px;\">\u201c400 B\u0130N \u0130\u015e\u00c7\u0130, BU E\u015e\u0130TS\u0130ZL\u0130\u011e\u0130N VE AYRIMCILI\u011eIN MA\u011eDURLARI DURUMUNDADIR\u201d<\/span><\/p>\n<p>\u00a0<\/p>\n<p>\u00a0<\/p>\n<p><span style=\"font-size:16px;\">Konuyla ilgili \u00e7\u0131kar\u0131lan tebli\u011fde ba\u015fvurular\u0131n reddinden sonra itiraz komisyonlar\u0131n\u0131n kararlar\u0131n\u0131n kesin oldu\u011fu, yarg\u0131 yolunun kapal\u0131 oldu\u011fu s\u00f6ylentilerin oldu\u011funu dile getiren G\u00f6ksoy: \u201cBunu kabul etmeyece\u011fiz yarg\u0131ya ba\u015fvuru hakk\u0131 anayasal bir hakt\u0131r. Her t\u00fcrl\u00fc hukuksal m\u00fccadeleyi s\u00fcrd\u00fcrece\u011fiz. Bir ayr\u0131mc\u0131l\u0131k ve e\u015fitsizlikte tediye \u00f6demesinde yani i\u015f\u00e7iler aras\u0131nda bilinen ad\u0131yla devlet ikramiyesinde ya\u015fanmaktad\u0131r. Belediye \u015firketlerinde \u00e7al\u0131\u015fan 100 bin i\u015f\u00e7i ve ta\u015feron \u015firketlerde \u00e7al\u0131\u015fan ve belediye \u015firketlerine ge\u00e7ecek olan yakla\u015f\u0131k 400 bin i\u015f\u00e7i, bu e\u015fitsizli\u011fin ve ayr\u0131mc\u0131l\u0131\u011f\u0131n ma\u011fdurlar\u0131 durumundad\u0131r. Merkezi \u00a0y\u00f6netimlerde \u00e7al\u0131\u015fan ta\u015feron \u015firket i\u015f\u00e7ilerinden kadroya ge\u00e7i\u015fe hak kazananlar, kadrolu i\u015f\u00e7ili\u011fe ge\u00e7tikten sonra y\u0131lda 52 g\u00fcnl\u00fck \u00fccret tutar\u0131nda ilave tediye (ikramiye) alabilecek. Ancak ilave tediye merkezi idareye ba\u011fl\u0131 kurum ve kurulu\u015flarda, \u0130\u015f Kanunu\u2019na tabi olarak \u00e7al\u0131\u015fan t\u00fcm kamu i\u015f\u00e7ilerine \u00f6denecek; belediyelerde \u015firketlerinde \u00e7al\u0131\u015fan i\u015f\u00e7ilere ise \u00f6denmeyecektir.\u201d diye belirtti.<\/span><\/p>\n<p>\u00a0<\/p>\n<p>\u00a0<\/p>\n<p><span style=\"font-size:16px;\">\u201cBU HAKKAN\u0130YETL\u0130 B\u0130R TUTUM DE\u011e\u0130LD\u0130R\u201d<\/span><\/p>\n<p>\u00a0<\/p>\n<p><span style=\"font-size:16px;\">Belediyelerin kadrolu i\u015f\u00e7ileri ilave tediye ald\u0131\u011f\u0131na dikkat \u00e7eken G\u00f6ksoy: \u201cAncak belediye \u015firketleri 6772 say\u0131l\u0131 Kanun kapsam\u0131nda de\u011ferlendirilmedi\u011fi i\u00e7in belediye \u015firketlerinde \u00e7al\u0131\u015fan i\u015f\u00e7ilere ilave tediye \u00f6demesi yap\u0131lmamaktad\u0131r. Bu hakkaniyetli bir tutum de\u011fildir. Belediye ve mahalli idare \u015firketlerinde i\u015f\u00e7i kadrosuna ge\u00e7irilenler de merkezi idarede \u00e7al\u0131\u015fan i\u015f\u00e7iler gibi 52 g\u00fcnl\u00fck ilave tediye \u00f6demesinden yararland\u0131r\u0131lmal\u0131d\u0131r. 6772 say\u0131l\u0131 Kanun konusunda Yarg\u0131tay i\u00e7tihad\u0131n\u0131 do\u011fru bulmuyoruz. Bu nedenle H\u00fck\u00fcmet\u2019ten talebimiz 6772 say\u0131l\u0131 Kanun\u2019un 1.maddesine belediye \u015firketlerini de ekleyerek bu ayr\u0131mc\u0131l\u0131\u011fa son vermesidir.\u201d dedi.<\/span><\/p>\n<p>\u00a0<\/p>\n<p><span style=\"font-size:16px;\">\u201cHER ALANDA E\u015e\u0130TL\u0130K TALEP ED\u0130YORUZ\u201d<\/span><\/p>\n<p>\u00a0<\/p>\n<p><span style=\"font-size:16px;\">Konu\u015fman\u0131n son b\u00f6l\u00fcm\u00fcnde G\u00f6ksoy Genel-\u0130\u015f Sendikas\u0131 kamuya ge\u00e7i\u015f s\u00fcrecinde b\u00fct\u00fcn alt i\u015fveren i\u015f\u00e7ilerinin sesi olaca\u011f\u0131n\u0131 kaydederek: \u201c\u0130\u015f\u00e7ilerin sorunlar\u0131n\u0131 dile getirece\u011fiz, onlar\u0131n hak ettikleri i\u015flerde hak\u00e7a \u00e7al\u0131\u015fmalar\u0131 i\u00e7in, belediyelerde \u00e7al\u0131\u015fan i\u015f\u00e7ilerin de kadro haklar\u0131na kavu\u015fmalar\u0131n\u0131 ba\u015farana kadar m\u00fccadelemize devam edece\u011fiz. K\u0131saca biz kamu i\u015f\u00e7ileri i\u00e7in e\u015fit haklar talep ediyoruz. Her alanda e\u015fitlik talep ediyoruz.\u00a0 Bunun m\u00fccadelesini sizlerle birlikte verece\u011fiz.\u201d diyerek son c\u00fcmlelerini tamamlad\u0131.<\/span><\/p>\n<p>\u00a0<\/p>\n<\/p><\/div>\n<\/blockquote><\/div>\n<\/p><\/div>\n<\/p><\/div>\n<\/p><\/div>\n<\/p><\/div>\n<\/p><\/div>\n<\/p><\/div>\n<\/p><\/div>\n<\/p><\/div>\n<\/p><\/div>\n<\/p><\/div>\n<\/p><\/div>\n<\/p><\/div>\n<\/p><\/div>\n<\/td>\n<\/tr>\n<\/tbody>\n<\/table>\n<div style=\"clear:both;\">\u00a0<\/div>\n<\/div>\n<\/div>\n<\/div>\n<\/div>\n<\/div>\n<\/div>\n<\/div>\n<\/div>\n<\/div>\n<\/div>\n<\/div>\n<\/div>\n<\/div>\n<\/div>\n<\/div>\n","protected":false},"excerpt":{"rendered":"<p>D\u0130SK\u2019e ba\u011fl\u0131 Genel \u0130\u015f Sendikas\u0131, kadro verilecek ta\u015feron i\u015f\u00e7ilerin i\u015flerinden de olmamas\u0131 y\u00f6n\u00fcnde i\u015f\u00e7ilerle bir araya gelerek i\u015flerine geri getirilmesini istedi. Belediyelerde ta\u015feron i\u015f\u00e7ilere kadro verilece\u011fi m\u00fcjdesinin verilmesinin ard\u0131ndan g\u00fcvenlik &hellip; <a href=\"https:\/\/akdenizolaygazetesi.com\/?p=1589\" class=\"more-link\">Devam\u0131n\u0131 Oku&#8230;<\/a><\/p>\n","protected":false},"author":1,"featured_media":0,"comment_status":"open","ping_status":"open","sticky":false,"template":"","format":"standard","meta":[],"categories":[],"tags":[],"_links":{"self":[{"href":"https:\/\/akdenizolaygazetesi.com\/index.php?rest_route=\/wp\/v2\/posts\/1589"}],"collection":[{"href":"https:\/\/akdenizolaygazetesi.com\/index.php?rest_route=\/wp\/v2\/posts"}],"about":[{"href":"https:\/\/akdenizolaygazetesi.com\/index.php?rest_route=\/wp\/v2\/types\/post"}],"author":[{"embeddable":true,"href":"https:\/\/akdenizolaygazetesi.com\/index.php?rest_route=\/wp\/v2\/users\/1"}],"replies":[{"embeddable":true,"href":"https:\/\/akdenizolaygazetesi.com\/index.php?rest_route=%2Fwp%2Fv2%2Fcomments&post=1589"}],"version-history":[{"count":0,"href":"https:\/\/akdenizolaygazetesi.com\/index.php?rest_route=\/wp\/v2\/posts\/1589\/revisions"}],"wp:attachment":[{"href":"https:\/\/akdenizolaygazetesi.com\/index.php?rest_route=%2Fwp%2Fv2%2Fmedia&parent=1589"}],"wp:term":[{"taxonomy":"category","embeddable":true,"href":"https:\/\/akdenizolaygazetesi.com\/index.php?rest_route=%2Fwp%2Fv2%2Fcategories&post=1589"},{"taxonomy":"post_tag","embeddable":true,"href":"https:\/\/akdenizolaygazetesi.com\/index.php?rest_route=%2Fwp%2Fv2%2Ftags&post=1589"}],"curies":[{"name":"wp","href":"https:\/\/api.w.org\/{rel}","templated":true}]}}