{"id":15891,"date":"2021-12-31T12:13:57","date_gmt":"2021-12-31T09:13:57","guid":{"rendered":"http:\/\/akdenizolaygazetesi.com\/?p=15891"},"modified":"2021-12-31T12:13:57","modified_gmt":"2021-12-31T09:13:57","slug":"biz-buyuk-bir-aileyiz","status":"publish","type":"post","link":"https:\/\/akdenizolaygazetesi.com\/?p=15891","title":{"rendered":"&#8220;Biz B\u00fcy\u00fck Bir Aileyiz&#8221;"},"content":{"rendered":"<p>Toroslar&#8217;a hizmet etme a\u015fk\u0131n\u0131n ayn\u0131 ilk g\u00fcnk\u00fc heyecanla 2022&#8217;de de devam edece\u011fini s\u00f6yleyen Ba\u015fkan Y\u0131lmaz, yeni y\u0131l\u0131n t\u00fcm insanl\u0131\u011fa sa\u011fl\u0131k, huzur, bar\u0131\u015f ve mutluluk getirmesi temennisinde bulundu.<\/p>\n<p>D\u00fcnyay\u0131 etkisi alt\u0131na alan Covid-19 salg\u0131n\u0131n\u0131n devam etti\u011fini ve \u00fclke olarak zorlu bir y\u0131l\u0131 geride b\u0131rakt\u0131klar\u0131n\u0131 belirten Ba\u015fkan Y\u0131lmaz; &#8220;Yeni \u00fcmitler ve yeni beklentilerle yeni bir y\u0131la daha giriyoruz. Tabi ki \u00f6ncelikle dile\u011fimiz \u00fclkemiz ve t\u00fcm d\u00fcnyada sa\u011fl\u0131\u011f\u0131n, sevginin, bar\u0131\u015f\u0131n ve ho\u015fg\u00f6r\u00fcn\u00fcn egemen olmas\u0131 ve insanlar\u0131m\u0131z\u0131n refah i\u00e7erisinde ya\u015famas\u0131d\u0131r. 2021 y\u0131l\u0131nda birlik ve beraberlik i\u00e7inde her felaketi g\u00f6\u011f\u00fcsleyebilece\u011fimizi bir kez daha ya\u015fayarak g\u00f6rd\u00fck,  dayan\u0131\u015fma ruhuyla birlikle yaralar\u0131m\u0131z\u0131 sard\u0131k ve mutlulu\u011fu da payla\u015fmay\u0131 bildik. Ulusal \u00e7apta m\u00fccadele etti\u011fimiz koronavir\u00fcse kar\u015f\u0131 tedbirlerimizi uygulamaya, hem\u015fehrilerimizin sa\u011fl\u0131\u011f\u0131 ve huzuru i\u00e7in gece g\u00fcnd\u00fcz \u00e7al\u0131\u015fmaya devam edece\u011fiz&#8221; dedi.<\/p>\n<p>&#8220;Biz B\u00fcy\u00fck Bir Aileyiz&#8221;<\/p>\n<p>&#8220;Biz, Toroslar\u0131m\u0131zda 310 bin ki\u015filik b\u00fcy\u00fck bir aileyiz ve ailemizin her ferdinin derdi bizi ilgilendiriyor&#8221; diyen Ba\u015fkan Y\u0131lmaz; &#8220;G\u00f6reve geldi\u011fimiz g\u00fcnden bu yana, vatanda\u015flar\u0131m\u0131z\u0131n talep ve \u00f6nceliklerini dikkate alan bir hizmet anlay\u0131\u015f\u0131 i\u00e7erisinde olduk. 2022 y\u0131l\u0131nda da il\u00e7emizi her y\u00f6nden daha ileriye g\u00f6t\u00fcrmenin, yeni projelerimizi hayata ge\u00e7irmenin heyecan\u0131 i\u00e7erisindeyiz. Sa\u011fl\u0131ktan ula\u015f\u0131ma, \u00fcretimden istihdama, e\u011fitimden k\u00fclt\u00fcr, sanat ve sportif faaliyetlere kadar hayata ge\u00e7irdi\u011fimiz \u00e7al\u0131\u015fmalar\u0131m\u0131z ve vizyon projelerimizle il\u00e7emize art\u0131 de\u011fer katt\u0131k ve bu \u00e7al\u0131\u015fmalar\u0131m\u0131z\u0131 \u00fcst\u00fcne daha da koyarak s\u00fcrd\u00fcrece\u011fiz. Salg\u0131n\u0131n bir an \u00f6nce son bulmas\u0131n\u0131 diliyor, t\u00fcm hem\u015fehrilerimin yeni y\u0131l\u0131n\u0131 kutluyorum&#8221; diye konu\u015ftu.<\/p>\n","protected":false},"excerpt":{"rendered":"<p>Toroslar&#8217;a hizmet etme a\u015fk\u0131n\u0131n ayn\u0131 ilk g\u00fcnk\u00fc heyecanla 2022&#8217;de de devam edece\u011fini s\u00f6yleyen Ba\u015fkan Y\u0131lmaz, yeni y\u0131l\u0131n t\u00fcm insanl\u0131\u011fa sa\u011fl\u0131k, huzur, bar\u0131\u015f ve mutluluk getirmesi temennisinde bulundu. D\u00fcnyay\u0131 etkisi alt\u0131na &hellip; <a href=\"https:\/\/akdenizolaygazetesi.com\/?p=15891\" class=\"more-link\">Devam\u0131n\u0131 Oku&#8230;<\/a><\/p>\n","protected":false},"author":2,"featured_media":15892,"comment_status":"open","ping_status":"open","sticky":false,"template":"","format":"standard","meta":[],"categories":[2,3,5],"tags":[],"_links":{"self":[{"href":"https:\/\/akdenizolaygazetesi.com\/index.php?rest_route=\/wp\/v2\/posts\/15891"}],"collection":[{"href":"https:\/\/akdenizolaygazetesi.com\/index.php?rest_route=\/wp\/v2\/posts"}],"about":[{"href":"https:\/\/akdenizolaygazetesi.com\/index.php?rest_route=\/wp\/v2\/types\/post"}],"author":[{"embeddable":true,"href":"https:\/\/akdenizolaygazetesi.com\/index.php?rest_route=\/wp\/v2\/users\/2"}],"replies":[{"embeddable":true,"href":"https:\/\/akdenizolaygazetesi.com\/index.php?rest_route=%2Fwp%2Fv2%2Fcomments&post=15891"}],"version-history":[{"count":1,"href":"https:\/\/akdenizolaygazetesi.com\/index.php?rest_route=\/wp\/v2\/posts\/15891\/revisions"}],"predecessor-version":[{"id":15893,"href":"https:\/\/akdenizolaygazetesi.com\/index.php?rest_route=\/wp\/v2\/posts\/15891\/revisions\/15893"}],"wp:featuredmedia":[{"embeddable":true,"href":"https:\/\/akdenizolaygazetesi.com\/index.php?rest_route=\/wp\/v2\/media\/15892"}],"wp:attachment":[{"href":"https:\/\/akdenizolaygazetesi.com\/index.php?rest_route=%2Fwp%2Fv2%2Fmedia&parent=15891"}],"wp:term":[{"taxonomy":"category","embeddable":true,"href":"https:\/\/akdenizolaygazetesi.com\/index.php?rest_route=%2Fwp%2Fv2%2Fcategories&post=15891"},{"taxonomy":"post_tag","embeddable":true,"href":"https:\/\/akdenizolaygazetesi.com\/index.php?rest_route=%2Fwp%2Fv2%2Ftags&post=15891"}],"curies":[{"name":"wp","href":"https:\/\/api.w.org\/{rel}","templated":true}]}}