{"id":1590,"date":"2020-11-04T18:22:09","date_gmt":"2020-11-04T15:22:09","guid":{"rendered":"http:\/\/mersinekonomipolitikagazetesi.com\/?p=1590"},"modified":"2020-11-04T18:22:09","modified_gmt":"2020-11-04T15:22:09","slug":"down-sendromlularin-parasut-keyfi","status":"publish","type":"post","link":"https:\/\/akdenizolaygazetesi.com\/?p=1590","title":{"rendered":"Down sendromlular\u0131n para\u015f\u00fct keyfi"},"content":{"rendered":"<p>Mersin B\u00fcy\u00fck\u015fehir Belediyesi taraf\u0131ndan &#8216;Down Sendromu Fark\u0131ndal\u0131k G\u00fcn\u00fc&#8217; dolay\u0131s\u0131yla yama\u00e7 para\u015f\u00fct\u00fc ve u\u00e7urtma etkinli\u011fi d\u00fczenlendi.<\/p>\n<p><span style=\"font-size:16px;\"><span style=\"font-family: sans-serif; line-height: 20px; text-align: justify; background-color: rgb(242, 244, 245);\">Emirler Mahallesi Gelincik Tepesi\u2019nde d\u00fczenlenen etkinlikte, yama\u00e7 para\u015f\u00fct\u00fc ini\u015f alan\u0131nda toplanan down sendromlu gen\u00e7LER, ilk kez yama\u00e7 para\u015f\u00fct\u00fc yapma deneyimi ya\u015fad\u0131.\u00a0<\/span><br style=\"box-sizing: border-box; font-family: sans-serif; font-size: 14px; line-height: 20px; text-align: justify; background-color: rgb(242, 244, 245);\" \/><br \/>\n<span style=\"font-family: sans-serif; line-height: 20px; text-align: justify; background-color: rgb(242, 244, 245);\">Kendilerini yama\u00e7 para\u015f\u00fct\u00fc e\u011fitmenleri e\u015fli\u011finde mavi g\u00f6klere b\u0131rakan down sendromlu \u00e7ocuklar, yama\u00e7 para\u015f\u00fct\u00fc ve u\u00e7urtma etkinli\u011fi sayesinde e\u011flenceli dakikalar ya\u015fad\u0131.\u00a0<\/span><br style=\"box-sizing: border-box; font-family: sans-serif; font-size: 14px; line-height: 20px; text-align: justify; background-color: rgb(242, 244, 245);\" \/><br \/>\n<span style=\"font-family: sans-serif; line-height: 20px; text-align: justify; background-color: rgb(242, 244, 245);\">Korkular\u0131n\u0131 a\u015fmas\u0131 ve sosyalle\u015febilmesi i\u00e7in d\u00fczenlenen etkinli\u011fe yakla\u015f\u0131k 275 down sendromlu birey ve aileleri kat\u0131l\u0131rken, etkinlikte yama\u00e7 para\u015f\u00fct\u00fc yapan down sendromlu \u00e7ocuklar\u0131n mutlulu\u011fu ve heyecan\u0131 y\u00fczlerinden okundu.\u00a0<\/span><br style=\"box-sizing: border-box; font-family: sans-serif; font-size: 14px; line-height: 20px; text-align: justify; background-color: rgb(242, 244, 245);\" \/><br \/>\n<span style=\"font-family: sans-serif; line-height: 20px; text-align: justify; background-color: rgb(242, 244, 245);\">\u0130lk kez u\u00e7u\u015f deneyimi ya\u015fayan \u00e7ocuklardan baz\u0131lar\u0131 korkarken, baz\u0131lar\u0131 ayn\u0131 heyecan\u0131 tekrar ya\u015famak i\u00e7in s\u0131raya girdi. Yama\u00e7 para\u015f\u00fct\u00fc etkinli\u011finin ard\u0131ndan d\u00fczenlenen u\u00e7urtma \u015f\u00f6leniyle de down sendromlu \u00e7ocuklar, aileleri birlikte keyifli dakikalar ya\u015fad\u0131.\u00a0<\/span><br style=\"box-sizing: border-box; font-family: sans-serif; font-size: 14px; line-height: 20px; text-align: justify; background-color: rgb(242, 244, 245);\" \/><br \/>\n<span style=\"font-family: sans-serif; line-height: 20px; text-align: justify; background-color: rgb(242, 244, 245);\">Etkinli\u011fe kat\u0131larak ilk kez yama\u00e7 para\u015f\u00fct\u00fc yapma heyecan\u0131n\u0131 tadan down sendromlu \u00e7ocuklardan H\u00fcseyin Toprak, \u201c\u00c7ok heyecanland\u0131m. Bir daha u\u00e7mak istiyorum&#8221; dedi.\u00a0<\/span><\/span><\/p>\n","protected":false},"excerpt":{"rendered":"<p>Mersin B\u00fcy\u00fck\u015fehir Belediyesi taraf\u0131ndan &#8216;Down Sendromu Fark\u0131ndal\u0131k G\u00fcn\u00fc&#8217; dolay\u0131s\u0131yla yama\u00e7 para\u015f\u00fct\u00fc ve u\u00e7urtma etkinli\u011fi d\u00fczenlendi. Emirler Mahallesi Gelincik Tepesi\u2019nde d\u00fczenlenen etkinlikte, yama\u00e7 para\u015f\u00fct\u00fc ini\u015f alan\u0131nda toplanan down sendromlu gen\u00e7LER, ilk &hellip; <a href=\"https:\/\/akdenizolaygazetesi.com\/?p=1590\" class=\"more-link\">Devam\u0131n\u0131 Oku&#8230;<\/a><\/p>\n","protected":false},"author":1,"featured_media":0,"comment_status":"open","ping_status":"open","sticky":false,"template":"","format":"standard","meta":[],"categories":[],"tags":[],"_links":{"self":[{"href":"https:\/\/akdenizolaygazetesi.com\/index.php?rest_route=\/wp\/v2\/posts\/1590"}],"collection":[{"href":"https:\/\/akdenizolaygazetesi.com\/index.php?rest_route=\/wp\/v2\/posts"}],"about":[{"href":"https:\/\/akdenizolaygazetesi.com\/index.php?rest_route=\/wp\/v2\/types\/post"}],"author":[{"embeddable":true,"href":"https:\/\/akdenizolaygazetesi.com\/index.php?rest_route=\/wp\/v2\/users\/1"}],"replies":[{"embeddable":true,"href":"https:\/\/akdenizolaygazetesi.com\/index.php?rest_route=%2Fwp%2Fv2%2Fcomments&post=1590"}],"version-history":[{"count":0,"href":"https:\/\/akdenizolaygazetesi.com\/index.php?rest_route=\/wp\/v2\/posts\/1590\/revisions"}],"wp:attachment":[{"href":"https:\/\/akdenizolaygazetesi.com\/index.php?rest_route=%2Fwp%2Fv2%2Fmedia&parent=1590"}],"wp:term":[{"taxonomy":"category","embeddable":true,"href":"https:\/\/akdenizolaygazetesi.com\/index.php?rest_route=%2Fwp%2Fv2%2Fcategories&post=1590"},{"taxonomy":"post_tag","embeddable":true,"href":"https:\/\/akdenizolaygazetesi.com\/index.php?rest_route=%2Fwp%2Fv2%2Ftags&post=1590"}],"curies":[{"name":"wp","href":"https:\/\/api.w.org\/{rel}","templated":true}]}}