{"id":15904,"date":"2022-01-01T18:22:10","date_gmt":"2022-01-01T15:22:10","guid":{"rendered":"http:\/\/akdenizolaygazetesi.com\/?p=15904"},"modified":"2022-01-01T18:22:10","modified_gmt":"2022-01-01T15:22:10","slug":"basin-ilan-fiyatlarina-yuzde-50-zam-olmali","status":"publish","type":"post","link":"https:\/\/akdenizolaygazetesi.com\/?p=15904","title":{"rendered":"&#8216;BASIN \u0130LAN F\u0130YATLARINA Y\u00dcZDE 50 ZAM OLMALI&#8217;"},"content":{"rendered":"<p>T\u00fcrkiye Gazeteciler Federasyonu Genel Ba\u015fkan\u0131 Y\u0131lmaz Karaca, 2021<br \/>\ny\u0131l\u0131n\u0131n Anadolu bas\u0131n\u0131 i\u00e7in \u00e7ok zor ge\u00e7ti\u011fini belirterek, &#8220;2022<br \/>\ny\u0131l\u0131n\u0131n da zor ge\u00e7memesi i\u00e7in umutlar\u0131m\u0131z\u0131 yitirmeden m\u00fccadelemizi<br \/>\ns\u00fcrd\u00fcrece\u011fiz&#8221; diye konu\u015ftu.<\/p>\n<p>TGF, 2021 y\u0131l\u0131n\u0131n son y\u00f6netim kurulu toplant\u0131s\u0131n\u0131 interaktif bir<br \/>\nortamda ger\u00e7ekle\u015ftirirken, TGF Genel ba\u015fkan Y\u0131lmaz Karaca toplant\u0131n\u0131n<br \/>\nard\u0131ndan de\u011ferlendirmelerde bulundu.<\/p>\n<p>D\u00f6viz kurlar\u0131ndaki sert y\u00fckseli\u015flerin ve d\u00fc\u015f\u00fc\u015flerin \u00f6zellikle yerel<br \/>\nbas\u0131n i\u00e7in b\u00fcy\u00fck s\u0131k\u0131nt\u0131lara neden oldu\u011funu vurgulayan Karaca, \u015funlar\u0131<br \/>\ns\u00f6yledi; &#8220;D\u00f6viz y\u00fckseldi\u011finde artan ka\u011f\u0131t ve bask\u0131 maliyetleri, d\u00f6viz<br \/>\nd\u00fc\u015ft\u00fc\u011f\u00fcnde ne yaz\u0131k ki ayn\u0131 oranda d\u00fc\u015fm\u00fcyor. Artan ka\u011f\u0131t fiyatlar\u0131 ve<br \/>\nbask\u0131 maliyetleri nedeniyle gazete kapanmalar\u0131 iyice art\u0131yor. Devlet<br \/>\nya ka\u011f\u0131t fabrikas\u0131 kurmal\u0131 ya da ka\u011f\u0131t fabrikas\u0131 kuracak \u00f6zel<br \/>\nm\u00fcte\u015febbislere te\u015fvik vermelidir&#8221;<\/p>\n<p>SEKA ka\u011f\u0131t fabrikas\u0131n\u0131n kapat\u0131larak adeta yerel gazetelerin batmaya<br \/>\nmahkum edildi\u011fini kaydeden TGF Genel Ba\u015fkan Y\u0131lmaz Karaca, e\u011fer ka\u011f\u0131t<br \/>\nsorunu \u00e7\u00f6z\u00fclmezse 2022 y\u0131l\u0131nda gazetelerin kapanmas\u0131n\u0131n h\u0131zla<br \/>\ns\u00fcrece\u011fini s\u00f6yledi.<\/p>\n<p>BASIN \u0130LAN F\u0130YATLARINA Y\u00dcZDE 50 ZAM OLMALI<\/p>\n<p>Yerel gazetelerin artan maliyetler nedeniyle ekonomik y\u00f6nden b\u00fcy\u00fck<br \/>\ns\u0131k\u0131nt\u0131lar ya\u015fad\u0131\u011f\u0131n\u0131 belirten Genel Ba\u015fkan Y\u0131lmaz Karaca, &#8220;Bas\u0131n ilan<br \/>\nfiyatlar\u0131na en az y\u00fczde 50 zam yap\u0131lmal\u0131. Ge\u00e7ti\u011fimiz g\u00fcnlerde<br \/>\ntelekonferans ile g\u00f6r\u00fc\u015ft\u00fc\u011f\u00fcm\u00fcz Cumhurba\u015fkanl\u0131\u011f\u0131 \u0130leti\u015fim Ba\u015fkan\u0131 say\u0131n<br \/>\nFahrettin Altun\u2019a da bu konudaki beklentilerimizi dile getirdik.<br \/>\nUmuyorum ki bu beklentilerimiz yerine getirilir ve Anadolu bas\u0131n\u0131n\u0131n<br \/>\nbekledi\u011fi zam oran\u0131 ger\u00e7ekle\u015fir&#8221; dedi.<\/p>\n<p>Anadolu bas\u0131n\u0131n\u0131n mutlaka ya\u015fat\u0131lmas\u0131 gerekti\u011fini savunan Genel Ba\u015fkan<br \/>\nY\u0131lmaz Karaca, &#8220;Gazeteler \u00e7\u0131kmazsa, televizyon ve radyolar yay\u0131n<br \/>\nyapmazsa halk\u0131m\u0131z bu \u00fclkede ne olup bitti\u011fini nas\u0131l \u00f6\u011frenecek? Anadolu<br \/>\nbas\u0131n\u0131 olmazsa T\u00fcrk bas\u0131n\u0131 da olmaz&#8221; diye konu\u015ftu.<\/p>\n<p>2022, bas\u0131n\u0131n sorunlar\u0131n\u0131n \u00e7\u00f6z\u00fcld\u00fc\u011f\u00fc bir y\u0131l olsun<\/p>\n<p>Ba\u015fkan Karaca, 2022 y\u0131l\u0131 ile ilgili en b\u00fcy\u00fck beklentilerinin Anadolu<br \/>\nbas\u0131n\u0131n\u0131n sorunlar\u0131n\u0131n \u00e7\u00f6z\u00fcm\u00fc oldu\u011funu ifade ederek, &#8220;Yerel gazete,<br \/>\ntelevizyon, radyo sahipleri ve bas\u0131n \u00e7al\u0131\u015fanlar\u0131 i\u00e7in meclisten<br \/>\nmutlaka destek paketi \u00e7\u0131kar\u0131lmal\u0131. Asgari \u00fccret bile alamayan bas\u0131n<br \/>\n\u00e7al\u0131\u015fanlar\u0131n\u0131n bu ma\u011fduriyeti giderilmelidir. Televizyon uydu<br \/>\nbedelleri makul seviyeye d\u00fc\u015f\u00fcr\u00fclmelidir. Devletin, Belediyelerin ve<br \/>\nSTK\u2019lar\u0131n medya sekt\u00f6r\u00fcne destek vermesi sa\u011flanmal\u0131. Gazetelerimizden<br \/>\nkesilen y\u00fczde 15\u2019lik ilan komisyonu kesintisi kald\u0131r\u0131lmal\u0131d\u0131r.<br \/>\n\u0130nternet medya yasas\u0131 bir an \u00f6nce \u00e7\u0131kar\u0131lmal\u0131, Bas\u0131n yasas\u0131 yeniden<br \/>\nd\u00fczenlenmelidir. \u00dcyelerimizin ya\u015fad\u0131\u011f\u0131 bas\u0131n kart\u0131 sorunlar\u0131 bir an<br \/>\n\u00f6nce \u00e7\u00f6z\u00fclmeli, bu konuyla ilgili ya\u015fanan aksakl\u0131klar ve<br \/>\nadaletsizlikler ortadan kald\u0131r\u0131lmal\u0131d\u0131r. Belediyeler ba\u015fta olmak \u00fczere<br \/>\nOdalar, Borsalar ve kamu kurulu\u015flar\u0131 ilan deste\u011fi vermelidir&#8221; dedi.<\/p>\n<p>TGF \u00e7al\u0131\u015fmalar\u0131n\u0131 s\u00fcrd\u00fcr\u00fcyor<\/p>\n<p>TGF Genel Ba\u015fkan Karaca, koronavir\u00fcse ve \u00fclkenin i\u00e7indeki s\u0131k\u0131nt\u0131lara<br \/>\nra\u011fmen TGF olarak \u00e7al\u0131\u015fmalar\u0131n devam etti\u011fini belirterek, &#8220;TGF bu zor<br \/>\nd\u00f6nemde gerek y\u00f6netim gerek ba\u015fkanlar konseyi ile \u00f6nemli \u00e7al\u0131\u015fmalar<br \/>\nyapt\u0131. Sorunlar\u0131n\u0131n \u00e7\u00f6z\u00fcm\u00fc i\u00e7in b\u00fcy\u00fck m\u00fccadeleler verdi. Ge\u00e7ti\u011fimiz<br \/>\nEkim ay\u0131nda ger\u00e7ekle\u015ftirdi\u011fimiz genel kurulumuz ile g\u00fc\u00e7l\u00fc ve yeni bir<br \/>\nekiple \u00e7al\u0131\u015fmalar\u0131m\u0131za h\u0131z verdik. Son bir ay i\u00e7erisinde Gebze,<br \/>\n\u0130stanbul, D\u00fczce, Zonguldak ve Ere\u011fli cemiyetlerimizi ziyaret ettik.<br \/>\nAnkara\u2019da \u00f6nemli ziyaretler ger\u00e7ekle\u015ftirdik. Avrupa Birli\u011fi projemiz<br \/>\ni\u00e7in de ilk toplant\u0131m\u0131z\u0131 yapt\u0131k. Yeni y\u0131l\u0131n ilk haftas\u0131nda Gebze,<br \/>\nKaraman, Malatya, Mersin, Mu\u011fla, Tekirda\u011f ve Adana\u2019da \u00e7e\u015fitli<br \/>\nprogramlar ger\u00e7ekle\u015ftirerek \u00fcyelerimizin yan\u0131nda olaca\u011f\u0131z&#8221; dedi.<\/p>\n","protected":false},"excerpt":{"rendered":"<p>T\u00fcrkiye Gazeteciler Federasyonu Genel Ba\u015fkan\u0131 Y\u0131lmaz Karaca, 2021 y\u0131l\u0131n\u0131n Anadolu bas\u0131n\u0131 i\u00e7in \u00e7ok zor ge\u00e7ti\u011fini belirterek, &#8220;2022 y\u0131l\u0131n\u0131n da zor ge\u00e7memesi i\u00e7in umutlar\u0131m\u0131z\u0131 yitirmeden m\u00fccadelemizi s\u00fcrd\u00fcrece\u011fiz&#8221; diye konu\u015ftu. TGF, 2021 &hellip; <a href=\"https:\/\/akdenizolaygazetesi.com\/?p=15904\" class=\"more-link\">Devam\u0131n\u0131 Oku&#8230;<\/a><\/p>\n","protected":false},"author":2,"featured_media":15905,"comment_status":"open","ping_status":"open","sticky":false,"template":"","format":"standard","meta":[],"categories":[1],"tags":[],"_links":{"self":[{"href":"https:\/\/akdenizolaygazetesi.com\/index.php?rest_route=\/wp\/v2\/posts\/15904"}],"collection":[{"href":"https:\/\/akdenizolaygazetesi.com\/index.php?rest_route=\/wp\/v2\/posts"}],"about":[{"href":"https:\/\/akdenizolaygazetesi.com\/index.php?rest_route=\/wp\/v2\/types\/post"}],"author":[{"embeddable":true,"href":"https:\/\/akdenizolaygazetesi.com\/index.php?rest_route=\/wp\/v2\/users\/2"}],"replies":[{"embeddable":true,"href":"https:\/\/akdenizolaygazetesi.com\/index.php?rest_route=%2Fwp%2Fv2%2Fcomments&post=15904"}],"version-history":[{"count":1,"href":"https:\/\/akdenizolaygazetesi.com\/index.php?rest_route=\/wp\/v2\/posts\/15904\/revisions"}],"predecessor-version":[{"id":15906,"href":"https:\/\/akdenizolaygazetesi.com\/index.php?rest_route=\/wp\/v2\/posts\/15904\/revisions\/15906"}],"wp:featuredmedia":[{"embeddable":true,"href":"https:\/\/akdenizolaygazetesi.com\/index.php?rest_route=\/wp\/v2\/media\/15905"}],"wp:attachment":[{"href":"https:\/\/akdenizolaygazetesi.com\/index.php?rest_route=%2Fwp%2Fv2%2Fmedia&parent=15904"}],"wp:term":[{"taxonomy":"category","embeddable":true,"href":"https:\/\/akdenizolaygazetesi.com\/index.php?rest_route=%2Fwp%2Fv2%2Fcategories&post=15904"},{"taxonomy":"post_tag","embeddable":true,"href":"https:\/\/akdenizolaygazetesi.com\/index.php?rest_route=%2Fwp%2Fv2%2Ftags&post=15904"}],"curies":[{"name":"wp","href":"https:\/\/api.w.org\/{rel}","templated":true}]}}