{"id":15907,"date":"2022-01-01T18:24:29","date_gmt":"2022-01-01T15:24:29","guid":{"rendered":"http:\/\/akdenizolaygazetesi.com\/?p=15907"},"modified":"2022-01-01T18:24:29","modified_gmt":"2022-01-01T15:24:29","slug":"vanli-ve-elazigli-aileler-yeni-yila-barisarak-girdi","status":"publish","type":"post","link":"https:\/\/akdenizolaygazetesi.com\/?p=15907","title":{"rendered":"&#8220;Vanl\u0131 ve Elaz\u0131\u011fl\u0131 Aileler, Yeni Y\u0131la Bar\u0131\u015farak Girdi&#8221;"},"content":{"rendered":"<p>Toroslar Belediye Ba\u015fkan\u0131 Ats\u0131z Af\u015f\u0131n Y\u0131lmaz, 2021 y\u0131l\u0131n\u0131n son g\u00fcn\u00fcnde Vanl\u0131 Yahya Erta\u015f ailesi ile Elaz\u0131\u011fl\u0131 Muhtalip Kaya ailesinin, bar\u0131\u015fmas\u0131na vesile oldu.<\/p>\n<p>Gereken olgunlu\u011fu g\u00f6stererek aralar\u0131ndaki husumete son veren iki aileyi de can\u0131 g\u00f6n\u00fclden tebrik eden Ba\u015fkan Y\u0131lmaz; &#8220;Allah&#8217;\u0131n izniyle bizler, bir ve beraber olduk\u00e7a \u00f6n\u00fcm\u00fczde duran hi\u00e7bir engel yok. Birli\u011fimiz ve beraberli\u011fimiz daim olsun&#8221; dedi.<\/p>\n<p>\u0130ki aile aras\u0131ndaki husumet; Toroslar Belediye Ba\u015fkan\u0131 Ats\u0131z Af\u015f\u0131n Y\u0131lmaz ve kanaat \u00f6nderlerinin araya girmesiyle bar\u0131\u015fla sonu\u00e7land\u0131. Bar\u0131\u015fma yeme\u011fi; aile fertleri taraf\u0131ndan yo\u011fun ilgi g\u00f6rd\u00fc.<\/p>\n<p>Dernek Ba\u015fkan\u0131 Karahan; &#8220;Ya\u015fam Varsa, Umut Vard\u0131r&#8221;<\/p>\n<p>Mersin Vanl\u0131lar K\u00fclt\u00fcr ve Dayan\u0131\u015fma Derne\u011fi Ba\u015fkan\u0131 Murat Karahan, iki aile aras\u0131ndaki bar\u0131\u015fa vesile olan Toroslar Belediye Ba\u015fkan\u0131 Ats\u0131z Af\u015f\u0131n Y\u0131lmaz&#8217;a, Akdeniz Belediye Ba\u015fkan\u0131 M. Mustafa G\u00fcltak&#8217;\u0131n nezdinde Ba\u015fkan Vekili Ayd\u0131n Egin&#8217;e ve t\u00fcm kanaat \u00f6nderlerine te\u015fekk\u00fcr etti.<\/p>\n<p>Karahan: &#8220;Bizler, umutlar\u0131n\u0131 kaybetmeyen, ya\u015fam varsa umut vard\u0131r \u015fiar\u0131yla hareket eden Mersin&#8217;in birbirinden de\u011ferli insanlar\u0131yla birlikte bu iki aile aras\u0131ndaki sorunlar\u0131 sulh etmek anlam\u0131nda b\u00fcy\u00fck bir emek sarf ettik. Bar\u0131\u015fa vesile olan herkesten Allah raz\u0131 olsun&#8221; dedi.<\/p>\n<p>Dernek Ba\u015fkan\u0131 Karaa\u011fa\u00e7; &#8220;Gen\u00e7lerimize Sahip \u00c7\u0131kal\u0131m&#8221;<\/p>\n<p>Mersin Zaza Dil K\u00fclt\u00fcr ve Tarih Derne\u011fi Ba\u015fkan\u0131 Cuma Karaa\u011fa\u00e7 da bar\u0131\u015fa katk\u0131 sunan herkese te\u015fekk\u00fcr ederek; &#8220;Sizlerden bir ricam var. B\u00fcy\u00fckler olarak gen\u00e7lerimize sahip \u00e7\u0131kal\u0131m. K\u00fc\u00e7\u00fck olaylar\u0131n b\u00fcy\u00fcmemesi i\u00e7in hepimizin m\u00fccadele etmesi gerekiyor. Bu nedenle Mersin Vanl\u0131lar K\u00fclt\u00fcr ve Dayan\u0131\u015fma Derne\u011fi ve Mersin Zaza Derne\u011fi olarak bu i\u015fe el koymak istedik&#8221; diye konu\u015ftu.<\/p>\n<p>Erta\u015f ve Kaya Aileleri; &#8220;Bar\u0131\u015f ve Ho\u015fg\u00f6r\u00fcden Yanay\u0131z&#8221;<\/p>\n<p>Vanl\u0131 Yahya Erta\u015f ve Elaz\u0131\u011fl\u0131 Muhtalip Kaya aileleri de bundan sonra iki aile aras\u0131ndaki ili\u015fkilerin karde\u015flik hukuku i\u00e7erisinde devam edece\u011fini belirterek, bar\u0131\u015f ve ho\u015fg\u00f6r\u00fcden yana olduklar\u0131n\u0131 ifade ettiler. Erta\u015f ve Kaya aileleri, bu bar\u0131\u015fa vesile olan Toroslar Belediye Ba\u015fkan\u0131 Ats\u0131z Af\u015f\u0131n Y\u0131lmaz&#8217;a, dernek ba\u015fkanlar\u0131na ve kanaat \u00f6nderlerine de te\u015fekk\u00fcr ettiler.<\/p>\n<p>Ba\u015fkan Y\u0131lmaz; &#8220;Bu Bar\u0131\u015fma Toplant\u0131s\u0131, Anadolu Ferasetinin En G\u00fczel \u00d6rne\u011fidir&#8221;<\/p>\n<p>Toroslar Belediye Ba\u015fkan\u0131 Ats\u0131z Af\u015f\u0131n Y\u0131lmaz da iki aile aras\u0131ndaki bar\u0131\u015fmaya vesile olmaktan b\u00fcy\u00fck mutluluk duydu\u011funu kaydederek; &#8220;Dinimiz ve \u00f6rf\u00fcm\u00fcz de bizlere birli\u011fi, beraberli\u011fi, sevgiyi, ho\u015fg\u00f6r\u00fcy\u00fc ve sayg\u0131y\u0131 emrediyor. Anadolu feraseti de buradan gelir. Bu a\u00e7\u0131dan bu toplant\u0131y\u0131 son derece \u00f6nemli buluyorum&#8221; dedi.<\/p>\n<p>&#8220;Allah birli\u011fimizi ve beraberli\u011fimizi bozmas\u0131n&#8221; diyen Ba\u015fkan Y\u0131lmaz; &#8220;17 Aral\u0131k 1918&#8217;de Mersin&#8217;e, Frans\u0131z Kuvvetleri \u00e7\u0131kt\u0131 Mersin liman\u0131ndan. 1 Ocak 1919&#8217;da \u0130ngiliz Kuvvetleri, \u00f6nce \u00c7ukurova&#8217;y\u0131 ve t\u00fcm b\u00f6lgeyi sonra da Do\u011fu Anadolu&#8217;yu tek tek i\u015fgal ettiler. O zaman Van, Elaz\u0131\u011f, Mersin, Adana demediler. Mezhebine ve me\u015frebine bakmad\u0131lar. Allah&#8217;a \u00e7ok \u015f\u00fck\u00fcr o g\u00fcn bir ve beraber olduk.  Ulu \u00d6nderimiz Gazi Mustafa Kemal Atat\u00fcrk&#8217;\u00fcn \u00f6nderli\u011finde bu Cumhuriyeti kurduk. D\u00fcnyada bir\u00e7ok s\u0131k\u0131nt\u0131 ve dert olmas\u0131na ra\u011fmen birli\u011fimizle, beraberli\u011fimizle, Anadolu Ferasetiyle g\u00fc\u00e7l\u00fcy\u00fcz. Hem \u00f6zelde, gruplar, a\u015firetler ve toplum aras\u0131nda hem de toplumun geneli a\u00e7\u0131s\u0131ndan bu bar\u0131\u015fma \u00e7ok k\u0131ymetli ve de\u011ferli. G\u00fc\u00e7l\u00fc, mutlu ve huzurlu olaca\u011f\u0131z. \u0130ki ailenin bar\u0131\u015fmas\u0131nda eme\u011fi ge\u00e7en Mersin Vanl\u0131lar K\u00fclt\u00fcr ve Dayan\u0131\u015fma Derne\u011fi Ba\u015fkan\u0131 Say\u0131n Murat Karahan&#8217;a, Mersin Zaza Derne\u011fi Ba\u015fkan\u0131 Say\u0131n Cuma Karaa\u011fa\u00e7&#8217;a ve t\u00fcm kanaat \u00f6nderlerine te\u015fekk\u00fcr ediyorum&#8221; \u015feklinde konu\u015ftu.<\/p>\n","protected":false},"excerpt":{"rendered":"<p>Toroslar Belediye Ba\u015fkan\u0131 Ats\u0131z Af\u015f\u0131n Y\u0131lmaz, 2021 y\u0131l\u0131n\u0131n son g\u00fcn\u00fcnde Vanl\u0131 Yahya Erta\u015f ailesi ile Elaz\u0131\u011fl\u0131 Muhtalip Kaya ailesinin, bar\u0131\u015fmas\u0131na vesile oldu. Gereken olgunlu\u011fu g\u00f6stererek aralar\u0131ndaki husumete son veren iki &hellip; <a href=\"https:\/\/akdenizolaygazetesi.com\/?p=15907\" class=\"more-link\">Devam\u0131n\u0131 Oku&#8230;<\/a><\/p>\n","protected":false},"author":2,"featured_media":15908,"comment_status":"open","ping_status":"open","sticky":false,"template":"","format":"standard","meta":[],"categories":[2,3,5],"tags":[],"_links":{"self":[{"href":"https:\/\/akdenizolaygazetesi.com\/index.php?rest_route=\/wp\/v2\/posts\/15907"}],"collection":[{"href":"https:\/\/akdenizolaygazetesi.com\/index.php?rest_route=\/wp\/v2\/posts"}],"about":[{"href":"https:\/\/akdenizolaygazetesi.com\/index.php?rest_route=\/wp\/v2\/types\/post"}],"author":[{"embeddable":true,"href":"https:\/\/akdenizolaygazetesi.com\/index.php?rest_route=\/wp\/v2\/users\/2"}],"replies":[{"embeddable":true,"href":"https:\/\/akdenizolaygazetesi.com\/index.php?rest_route=%2Fwp%2Fv2%2Fcomments&post=15907"}],"version-history":[{"count":1,"href":"https:\/\/akdenizolaygazetesi.com\/index.php?rest_route=\/wp\/v2\/posts\/15907\/revisions"}],"predecessor-version":[{"id":15909,"href":"https:\/\/akdenizolaygazetesi.com\/index.php?rest_route=\/wp\/v2\/posts\/15907\/revisions\/15909"}],"wp:featuredmedia":[{"embeddable":true,"href":"https:\/\/akdenizolaygazetesi.com\/index.php?rest_route=\/wp\/v2\/media\/15908"}],"wp:attachment":[{"href":"https:\/\/akdenizolaygazetesi.com\/index.php?rest_route=%2Fwp%2Fv2%2Fmedia&parent=15907"}],"wp:term":[{"taxonomy":"category","embeddable":true,"href":"https:\/\/akdenizolaygazetesi.com\/index.php?rest_route=%2Fwp%2Fv2%2Fcategories&post=15907"},{"taxonomy":"post_tag","embeddable":true,"href":"https:\/\/akdenizolaygazetesi.com\/index.php?rest_route=%2Fwp%2Fv2%2Ftags&post=15907"}],"curies":[{"name":"wp","href":"https:\/\/api.w.org\/{rel}","templated":true}]}}