{"id":1591,"date":"2020-11-04T18:22:09","date_gmt":"2020-11-04T15:22:09","guid":{"rendered":"http:\/\/mersinekonomipolitikagazetesi.com\/?p=1591"},"modified":"2020-11-04T18:22:09","modified_gmt":"2020-11-04T15:22:09","slug":"toroslarda-nevruz-coskusu","status":"publish","type":"post","link":"https:\/\/akdenizolaygazetesi.com\/?p=1591","title":{"rendered":"Toroslar&#8217;da Nevruz co\u015fkusu"},"content":{"rendered":"<p>Toroslar Belediyesi\u2019nin geleneksel hale getirdi\u011fi Nevruz kutlamalar\u0131, bu y\u0131l da \u015f\u00f6len havas\u0131nda ge\u00e7ti.<\/p>\n<p><span style=\"font-size:16px;\"><span style=\"font-family: sans-serif; line-height: 20px; text-align: justify; background-color: rgb(242, 244, 245);\">An\u0131ttepe Park\u0131nda ger\u00e7ekle\u015ftirilen ve yo\u011fun ilgi g\u00f6ren etkinlikte, Toroslar Belediye Ba\u015fkan\u0131 Hamit Tuna, 7\u2019den 77\u2019ye t\u00fcm kat\u0131l\u0131mc\u0131larla birlikte bar\u0131\u015f ve karde\u015flik mesaj\u0131 verdi.\u00a0<\/span><br style=\"box-sizing: border-box; font-family: sans-serif; font-size: 14px; line-height: 20px; text-align: justify; background-color: rgb(242, 244, 245);\" \/><br \/>\n<span style=\"font-family: sans-serif; line-height: 20px; text-align: justify; background-color: rgb(242, 244, 245);\">Y\u00f6resel yemek ikram\u0131 ve Kur\u2019an tilaveti ile ba\u015flayan programda konu\u015fan Ba\u015fkan Tuna, bahar\u0131, bolluk ve bereketi m\u00fcjdeleyen ve T\u00fcrklerin Ergenokan\u2019dan \u00e7\u0131k\u0131\u015f\u0131n\u0131 temsil eden Nevruz Bayram\u0131\u2019n\u0131 co\u015fkuyla kutlaman\u0131n mutlulu\u011funu ya\u015fad\u0131klar\u0131n\u0131 s\u00f6yledi. Toroslar Belediyesi olarak geleneksel hale getirdi\u011fimiz Nevruz&#8217;u y\u0131llard\u0131r d\u00fczenledikleri organizasyonlarla halkla birlikte co\u015fkuyla kutlad\u0131klar\u0131n\u0131 kaydeden Tuna, &#8220;T\u00fcrk milletinin gelenek ve g\u00f6reneklerinde, tarih \u015fuurunda var olan bu de\u011ferlerimizi hep ya\u015fatt\u0131k ve gelecek nesillerimize ta\u015f\u0131maya devam edece\u011fiz\u201d dedi.\u00a0<\/span><br style=\"box-sizing: border-box; font-family: sans-serif; font-size: 14px; line-height: 20px; text-align: justify; background-color: rgb(242, 244, 245);\" \/><br \/>\n<span style=\"font-family: sans-serif; line-height: 20px; text-align: justify; background-color: rgb(242, 244, 245);\">Nevruz&#8217;un, bereket ve yeni umutlar anlam\u0131na geldi\u011fini ifade eden Tuna, &#8220;Ayn\u0131 zamanda sevginin, birlikte, beraber olman\u0131n ve dayan\u0131\u015fma ruhunun da \u00f6n plana \u00e7\u0131kt\u0131\u011f\u0131 g\u00fcn olarak an\u0131l\u0131r. 80 milyon insan ayn\u0131 y\u00fcrekte millet olma gere\u011finin etraf\u0131nda b\u00fct\u00fcnle\u015fmek suretiyle bu Anadolu co\u011frafyas\u0131nda cumhuriyetin \u0131\u015f\u0131\u011f\u0131nda hep birlikte mutlu bir \u015fekilde ya\u015fayaca\u011f\u0131z. 2018 y\u0131l\u0131n\u0131n bu nevruzla birlikte bol ve bereketli ge\u00e7mesini Y\u00fcce Rabbimden niyaz ediyorum&#8221; diye konu\u015ftu.\u00a0<\/span><br style=\"box-sizing: border-box; font-family: sans-serif; font-size: 14px; line-height: 20px; text-align: justify; background-color: rgb(242, 244, 245);\" \/><br \/>\n<span style=\"font-family: sans-serif; line-height: 20px; text-align: justify; background-color: rgb(242, 244, 245);\">Nevruz ate\u015finin yak\u0131lmas\u0131n\u0131n ard\u0131ndan etkinlik, temsili demir d\u00f6vme, yumurta toku\u015fturma, sinsin oyunu, halat \u00e7ekme yar\u0131\u015f\u0131 ve \u00e7ocuklar aras\u0131nda d\u00fczenlenen \u00e7uval yar\u0131\u015f\u0131 ile devam etti. Ba\u015fkan Tuna, vatanda\u015flarla birlikte nevruz ate\u015finin \u00fczerinden atlad\u0131 ve \u00e7evresinde halay \u00e7ekerek bahar\u0131n geli\u015fini kutlad\u0131.\u00a0<\/span><\/span><\/p>\n","protected":false},"excerpt":{"rendered":"<p>Toroslar Belediyesi\u2019nin geleneksel hale getirdi\u011fi Nevruz kutlamalar\u0131, bu y\u0131l da \u015f\u00f6len havas\u0131nda ge\u00e7ti. An\u0131ttepe Park\u0131nda ger\u00e7ekle\u015ftirilen ve yo\u011fun ilgi g\u00f6ren etkinlikte, Toroslar Belediye Ba\u015fkan\u0131 Hamit Tuna, 7\u2019den 77\u2019ye t\u00fcm kat\u0131l\u0131mc\u0131larla &hellip; <a href=\"https:\/\/akdenizolaygazetesi.com\/?p=1591\" class=\"more-link\">Devam\u0131n\u0131 Oku&#8230;<\/a><\/p>\n","protected":false},"author":1,"featured_media":0,"comment_status":"open","ping_status":"open","sticky":false,"template":"","format":"standard","meta":[],"categories":[],"tags":[],"_links":{"self":[{"href":"https:\/\/akdenizolaygazetesi.com\/index.php?rest_route=\/wp\/v2\/posts\/1591"}],"collection":[{"href":"https:\/\/akdenizolaygazetesi.com\/index.php?rest_route=\/wp\/v2\/posts"}],"about":[{"href":"https:\/\/akdenizolaygazetesi.com\/index.php?rest_route=\/wp\/v2\/types\/post"}],"author":[{"embeddable":true,"href":"https:\/\/akdenizolaygazetesi.com\/index.php?rest_route=\/wp\/v2\/users\/1"}],"replies":[{"embeddable":true,"href":"https:\/\/akdenizolaygazetesi.com\/index.php?rest_route=%2Fwp%2Fv2%2Fcomments&post=1591"}],"version-history":[{"count":0,"href":"https:\/\/akdenizolaygazetesi.com\/index.php?rest_route=\/wp\/v2\/posts\/1591\/revisions"}],"wp:attachment":[{"href":"https:\/\/akdenizolaygazetesi.com\/index.php?rest_route=%2Fwp%2Fv2%2Fmedia&parent=1591"}],"wp:term":[{"taxonomy":"category","embeddable":true,"href":"https:\/\/akdenizolaygazetesi.com\/index.php?rest_route=%2Fwp%2Fv2%2Fcategories&post=1591"},{"taxonomy":"post_tag","embeddable":true,"href":"https:\/\/akdenizolaygazetesi.com\/index.php?rest_route=%2Fwp%2Fv2%2Ftags&post=1591"}],"curies":[{"name":"wp","href":"https:\/\/api.w.org\/{rel}","templated":true}]}}