{"id":15913,"date":"2022-01-01T18:29:20","date_gmt":"2022-01-01T15:29:20","guid":{"rendered":"http:\/\/akdenizolaygazetesi.com\/?p=15913"},"modified":"2022-01-01T18:29:20","modified_gmt":"2022-01-01T15:29:20","slug":"baskan-secer-2022-yili-inanc-ve-umut-yili-olsun","status":"publish","type":"post","link":"https:\/\/akdenizolaygazetesi.com\/?p=15913","title":{"rendered":"BA\u015eKAN SE\u00c7ER: \u201c2022 YILI \u0130NAN\u00c7 VE UMUT YILI OLSUN\u201d"},"content":{"rendered":"<p>Mersin B\u00fcy\u00fck\u015fehir Belediye Ba\u015fkan\u0131 Vahap Se\u00e7er ve e\u015fi Meral Se\u00e7er, 2022 y\u0131l\u0131n\u0131 \u00d6zgecan Aslan Bar\u0131\u015f Meydan\u0131\u2019nda B\u00fcy\u00fck\u015fehir Belediyesi\u2019nin d\u00fczenledi\u011fi \u201cYeni Y\u0131l Sokak Partisi\u201dnde Mersinlilerle birlikte kar\u015f\u0131lad\u0131. Yeni y\u0131la saniyeler kala Mersinlilerle birlikte geri say\u0131m yapan Ba\u015fkan Se\u00e7er, \u201c2022 y\u0131l\u0131 inan\u00e7 ve umut y\u0131l\u0131 olsun, yeni y\u0131l\u0131n\u0131z kutlu olsun\u201d dedi.<\/p>\n<p>\u201cHer \u015fey \u00e7ok g\u00fczel oluyor, \u00e7ok daha g\u00fczel olacak\u201d<\/p>\n<p>Ba\u015fkan Se\u00e7er, e\u015fi Meral Se\u00e7er\u2019le birlikte sahneye \u00e7\u0131karak alandaki binlerce Mersinliyle birlikte geri say\u0131m\u0131 yapt\u0131. Do\u011fukan Man\u00e7o\u2019nun da DJ performans\u0131 sergiledi\u011fi sahnede yeni y\u0131l\u0131n ilk dakikalar\u0131nda \u00e7al\u0131nan e\u011flenceli bir m\u00fczi\u011fin ard\u0131ndan Mersinlilere seslenen Ba\u015fkan Se\u00e7er, \u201cYeni y\u0131l\u0131n\u0131z kutlu olsun. Her \u015fey \u00e7ok g\u00fczel oluyor, \u00e7ok daha g\u00fczel olacak. Ben de Do\u011fukan\u2019\u0131 izlerken dedim ki; \u2018bu belediye ba\u015fkanl\u0131\u011f\u0131 DJ\u2019likten daha kolaym\u0131\u015f. Ger\u00e7ekten zor bir i\u015f, kutluyorum. Bug\u00fcn Mersin\u2019de gen\u00e7lerimize, \u00e7ocuklar\u0131m\u0131za \u00e7ok g\u00fczel bir ak\u015fam ya\u015fat\u0131yor\u201d dedi.<\/p>\n<p>Vatanda\u015flara \u2018Mersin\u2019i seviyor muyuz?\u2019 diye soran ve kuvvetli bir \u2018Evet\u2019 yan\u0131t\u0131 alan Ba\u015fkan Se\u00e7er, \u201cMersin\u2019e a\u015f\u0131\u011f\u0131z, ayr\u0131m\u0131m\u0131z gayr\u0131m\u0131m\u0131z yok. Hepimiz karde\u015fiz. Mersin\u2019de ya\u015fayan herkes kendini iyi hissetsin. Hepimiz Mersinliyiz, biriz, beraberiz. \u00dclkemizi \u00e7ok seviyoruz. \u00dclkemizin geli\u015fmesi ve kalk\u0131nmas\u0131 i\u00e7in gelece\u011fimiz daha g\u00fczel olsun diye \u00e7al\u0131\u015f\u0131yoruz. Birbirimizi daha \u00e7ok sevece\u011fiz, sizleri seviyorum\u201d diye konu\u015ftu.<\/p>\n<p>\u201c2022 y\u0131l\u0131 inan\u00e7 ve umut y\u0131l\u0131 olsun\u201d<\/p>\n<p>2022\u2019nin umut ve inan\u00e7 y\u0131l\u0131 olmas\u0131n\u0131 dileyerek konu\u015fmas\u0131n\u0131 s\u00fcrd\u00fcren Ba\u015fkan Se\u00e7er, \u201cSiyasi g\u00f6r\u00fc\u015f\u00fcn\u00fcz ne olursa olsun mezhebiniz, me\u015frebiniz, cinsiyetiniz ne olursa olsun hepinizi \u00e7ok seviyorum. Bug\u00fcn sevgili e\u015fim Meral Se\u00e7er\u2019le buraday\u0131z. Ge\u00e7ti\u011fimiz y\u0131l, 2021; \u00e7ok k\u0131sa bir s\u00fcre \u00f6nce geride b\u0131rakt\u0131k; s\u0131k\u0131nt\u0131l\u0131, zorlu bir y\u0131ld\u0131. Bir kenara b\u0131rakal\u0131m, her \u015feyi unutal\u0131m, gelece\u011fe umutla bakal\u0131m. \u00d6nce kendimize inanal\u0131m, Mersinimize inanal\u0131m, \u00fclkemize inanal\u0131m. Umut edelim; 2022 y\u0131l\u0131 inan\u00e7 ve umut y\u0131l\u0131 olsun, yeni y\u0131l\u0131n\u0131z kutlu olsun\u201d dedi.<\/p>\n<p>\u201cYeni y\u0131la b\u00f6yle girmek bizim i\u00e7in \u00e7ok iyi oldu\u201d<\/p>\n<p>\u2018Yeni Y\u0131l Sokak Partisi\u2019ne kat\u0131lan gen\u00e7lerden Hamza Karak\u0131z\u0131, ya\u015fad\u0131\u011f\u0131 heyecan\u0131 \u201cOrtam \u00e7ok iyi. Bize bu imkan\u0131 sa\u011flad\u0131\u011f\u0131 i\u00e7in Vahap Bey\u2019e \u00e7ok te\u015fekk\u00fcr ederim. Yani yeni y\u0131la b\u00f6yle girmek bizim i\u00e7in \u00e7ok iyi oldu. 2022 y\u0131l\u0131nda t\u00fcm umudumuz vir\u00fcss\u00fcz ve sa\u011fl\u0131kl\u0131 bir hayat. Tek umudumuz bize huzurlu bir yol a\u00e7mas\u0131\u201d c\u00fcmleleriyle ifade etti.<\/p>\n<p>Sakine isimli gen\u00e7 ise \u201cGayet e\u011fleniyoruz. Mekan yerine buray\u0131 tercih ettik. Belediyemize te\u015fekk\u00fcr ederiz. 2022\u2019den beklentim g\u00fczel bir kariyer. Ya\u015fam\u0131m\u0131z\u0131n, okumam\u0131z\u0131n kolayla\u015fmas\u0131 ve sa\u011fl\u0131k\u201d dedi.<\/p>\n<p>\u201cOrtam \u00e7ok g\u00fczel\u201d<\/p>\n<p>Yapt\u0131\u011f\u0131 dansla alandakilerin ilgisini \u00fczerinde toplayan \u0130brahim Sak, Silifkeli oldu\u011funu vurgulayarak, \u201cBen oynamay\u0131 \u00e7ok severim. Silifkeliler kap\u0131n\u0131n g\u0131c\u0131rt\u0131s\u0131na oynar. Ben de do\u011fu\u015ftan oynuyorum. Ortam \u00e7ok g\u00fczel. Ben oynarsam herkes oynar. Vahap Ba\u015fkan\u0131m\u0131za selamlar\u0131m\u0131 s\u00f6yl\u00fcyorum, \u00e7ok te\u015fekk\u00fcr ediyorum. Devam\u0131n\u0131 diliyorum. 2022 y\u0131l\u0131 T\u00fcrkiyemize sa\u011fl\u0131k, mutluluk, huzur, bereket getirsin\u201d diye konu\u015ftu.<\/p>\n<p>B\u00fcy\u00fck\u015fehir\u2019in etkinli\u011finde yeni y\u0131l\u0131 ailece kar\u015f\u0131lad\u0131lar<\/p>\n<p>K\u00fc\u00e7\u00fck ailesi de yeni y\u0131l\u0131 B\u00fcy\u00fck\u015fehir\u2019in d\u00fczenledi\u011fi etkinlikte kar\u015f\u0131lad\u0131. Kahramanmara\u015f\u2019tan geldiklerini belirten baba Tahir K\u00fc\u00e7\u00fck, \u201cBurada k\u0131z\u0131m var, \u00fcniversiteyi okudu. Burada \u00e7al\u0131\u015f\u0131yor. Yan\u0131na geldik. Ortamdan da memnun olduk, g\u00fczel. Harika. Bize buray\u0131 anlatm\u0131\u015ft\u0131 ama bu kadar olaca\u011f\u0131n\u0131 bilmiyorduk. Basit bir \u015fey olur san\u0131yorduk. 2021 biraz s\u0131k\u0131nt\u0131l\u0131 ge\u00e7ti. \u0130n\u015fallah 2022 iyi ge\u00e7er\u201d dedi.<\/p>\n<p>Anne Esme K\u00fc\u00e7\u00fck, \u201cOrtam \u00e7ok g\u00fczel. E\u011fleniyoruz. Ger\u00e7ekten belediyemiz de \u00e7ok g\u00fczel \u015feyler yap\u0131yor\u201d derken, k\u0131zlar\u0131 Halime K\u00fc\u00e7\u00fck ise \u201cAilemi \u00f6zellikle buraya davet ettim \u00e7\u00fcnk\u00fc burada Belediye\u2019nin de etkinliklerinin oldu\u011funu biliyorum. \u2018Burada birazc\u0131k daha e\u011flenelim, vakit ge\u00e7irelim\u2019 diye davet ettim. Belediye\u2019nin etkinliklerinden gen\u00e7ler olarak fazlas\u0131yla memnunuz. Benim i\u00e7in al\u0131\u015f\u0131k oldu\u011fum bir manzara buras\u0131 ama ailem i\u00e7in de\u011fi\u015fiklik oldu. Ben de baya\u011f\u0131 bir keyif al\u0131yorum\u201d ifadelerine yer verdi.<\/p>\n<p>Yeni y\u0131la girerken Do\u011fukan Man\u00e7o sahnedeydi<\/p>\n<p>31 Aral\u0131k ak\u015fam\u0131 havan\u0131n karamas\u0131yla bitlikte \u00d6zgecan Aslan Bar\u0131\u015f Meydan\u0131\u2019nda yeni y\u0131l e\u011flencesi ba\u015flad\u0131. Sahneye \u00e7\u0131kan Mustafa Cingiz DJ performans\u0131yla ortam\u0131 \u0131s\u0131tt\u0131. \u00d6zellikle gen\u00e7ler, B\u00fcy\u00fck\u015fehir\u2019in \u2018Yeni Y\u0131l Sokak Partisi\u2019ne yo\u011fun ilgi g\u00f6sterdi. DJ performans\u0131 e\u015fli\u011finde dans eden Mersinliler B\u00fcy\u00fck\u015fehir\u2019in \u20181 Ekmek 1 \u00c7orba\u2019 ve patlam\u0131\u015f m\u0131s\u0131r ikramlar\u0131n\u0131 da tatt\u0131. \u00c7e\u015fitli stantlar, foto\u011fraf k\u00f6\u015feleri ve y\u0131lba\u015f\u0131 konseptli s\u00fcslemeler alanda yer alan Mersinlilerin be\u011fenisini toplad\u0131.<\/p>\n<p>DJ performans\u0131n\u0131n ard\u0131ndan alan\u0131 dolduran Mersinliler Grup Duvar, KIPER ve Grup AG Band konserleriyle 2021 y\u0131l\u0131n\u0131n son dakikalar\u0131nda doyas\u0131ya e\u011flendi. Son olarak sahneye Do\u011fukan Man\u00e7o \u00e7\u0131kt\u0131. Do\u011fukan Man\u00e7o\u2019nun DJ performans\u0131yla Mersinliler 2022 y\u0131l\u0131n\u0131 co\u015fkuyla kar\u015f\u0131lad\u0131.<\/p>\n","protected":false},"excerpt":{"rendered":"<p>Mersin B\u00fcy\u00fck\u015fehir Belediye Ba\u015fkan\u0131 Vahap Se\u00e7er ve e\u015fi Meral Se\u00e7er, 2022 y\u0131l\u0131n\u0131 \u00d6zgecan Aslan Bar\u0131\u015f Meydan\u0131\u2019nda B\u00fcy\u00fck\u015fehir Belediyesi\u2019nin d\u00fczenledi\u011fi \u201cYeni Y\u0131l Sokak Partisi\u201dnde Mersinlilerle birlikte kar\u015f\u0131lad\u0131. Yeni y\u0131la saniyeler kala &hellip; <a href=\"https:\/\/akdenizolaygazetesi.com\/?p=15913\" class=\"more-link\">Devam\u0131n\u0131 Oku&#8230;<\/a><\/p>\n","protected":false},"author":2,"featured_media":15914,"comment_status":"open","ping_status":"open","sticky":false,"template":"","format":"standard","meta":[],"categories":[1,2,3],"tags":[],"_links":{"self":[{"href":"https:\/\/akdenizolaygazetesi.com\/index.php?rest_route=\/wp\/v2\/posts\/15913"}],"collection":[{"href":"https:\/\/akdenizolaygazetesi.com\/index.php?rest_route=\/wp\/v2\/posts"}],"about":[{"href":"https:\/\/akdenizolaygazetesi.com\/index.php?rest_route=\/wp\/v2\/types\/post"}],"author":[{"embeddable":true,"href":"https:\/\/akdenizolaygazetesi.com\/index.php?rest_route=\/wp\/v2\/users\/2"}],"replies":[{"embeddable":true,"href":"https:\/\/akdenizolaygazetesi.com\/index.php?rest_route=%2Fwp%2Fv2%2Fcomments&post=15913"}],"version-history":[{"count":1,"href":"https:\/\/akdenizolaygazetesi.com\/index.php?rest_route=\/wp\/v2\/posts\/15913\/revisions"}],"predecessor-version":[{"id":15915,"href":"https:\/\/akdenizolaygazetesi.com\/index.php?rest_route=\/wp\/v2\/posts\/15913\/revisions\/15915"}],"wp:featuredmedia":[{"embeddable":true,"href":"https:\/\/akdenizolaygazetesi.com\/index.php?rest_route=\/wp\/v2\/media\/15914"}],"wp:attachment":[{"href":"https:\/\/akdenizolaygazetesi.com\/index.php?rest_route=%2Fwp%2Fv2%2Fmedia&parent=15913"}],"wp:term":[{"taxonomy":"category","embeddable":true,"href":"https:\/\/akdenizolaygazetesi.com\/index.php?rest_route=%2Fwp%2Fv2%2Fcategories&post=15913"},{"taxonomy":"post_tag","embeddable":true,"href":"https:\/\/akdenizolaygazetesi.com\/index.php?rest_route=%2Fwp%2Fv2%2Ftags&post=15913"}],"curies":[{"name":"wp","href":"https:\/\/api.w.org\/{rel}","templated":true}]}}