{"id":15916,"date":"2022-01-01T18:31:24","date_gmt":"2022-01-01T15:31:24","guid":{"rendered":"http:\/\/akdenizolaygazetesi.com\/?p=15916"},"modified":"2022-01-01T18:31:24","modified_gmt":"2022-01-01T15:31:24","slug":"mersinin-kurtulusunun-100-yili-etkinlik-alaninda-kutlanacak","status":"publish","type":"post","link":"https:\/\/akdenizolaygazetesi.com\/?p=15916","title":{"rendered":"MERS\u0130N\u2019\u0130N KURTULU\u015eU\u2019NUN 100. YILI ETK\u0130NL\u0130K ALANI\u2019NDA KUTLANACAK"},"content":{"rendered":"<p>Mersin B\u00fcy\u00fck\u015fehir Belediyesi, Mersin\u2019in kurtulu\u015funun 100. y\u0131l\u0131n\u0131 Forum AVM yan\u0131nda kurdu\u011fu Yeni\u015fehir Etkinlik Alan\u0131\u2019nda d\u00fczenleyece\u011fi s\u00f6yle\u015filer ve m\u00fczik dinletileri ile kutlayacak. Kurtulu\u015f Haftas\u0131 Kutlamalar\u0131 etkinli\u011fi 2-9 Ocak tarihleri aras\u0131nda ger\u00e7ekle\u015fecek. Etkinlik Alan\u0131 program\u0131 Mersin B\u00fcy\u00fck\u015fehir Belediyesi\u2019nin sosyal medya hesaplar\u0131nda detayl\u0131 olarak payla\u015f\u0131ld\u0131.<\/p>\n<p>Etkinli\u011fin ilk g\u00fcn\u00fc sergi a\u00e7\u0131l\u0131\u015f\u0131 ile ba\u015flayacak<\/p>\n<p>Etkinlik, 2 Ocak\u2019ta \u2018Milli M\u00fccadele\u2019, \u2018Y\u00fczy\u0131l\u2019 ve \u2018Mersin\u2019in Haf\u0131zas\u0131\u2019 sergilerinin a\u00e7\u0131l\u0131\u015f\u0131 ile ba\u015flayacak. 8 g\u00fcn s\u00fcrecek etkinlik boyunca edebiyat\u00e7\u0131, tarih\u00e7i, akademisyen ve yazarlar taraf\u0131ndan s\u00f6yle\u015filer ger\u00e7ekle\u015ftirilecek. Ayr\u0131ca performanslar ve \u00e7e\u015fitli deneyim alanlar\u0131 da Yeni\u015fehir Etkinlik Alan\u0131\u2019nda Mersinlilerle bulu\u015facak.<\/p>\n<p>Birbirinden de\u011ferli isimler Mersin tarihi \u00fczerine s\u00f6yle\u015fi yapacak<\/p>\n<p>Sinan Meydan, Ataol Behramo\u011flu, Nebil \u00d6zgent\u00fcrk, Sunay Ak\u0131n, \u00dcmit Alan, Ate\u015f \u0130lyas Ba\u015fsoy, \u00d6zlem G\u00fcrses, Bar\u0131\u015f \u0130nce, Haydar Erg\u00fclen, Ot Dergisi yazarlar\u0131ndan Murat Mente\u015f, Revhat Arslan, Ali Lidar, Kutub \u015eim\u015fek, \u00d6m\u00fcr \u00dczel gibi isimlerin konuk olaca\u011f\u0131 etkinlikte; akademisyenler, tarih\u00e7i ve yazarlar Mersin\u2019in \u00f6nemli isimlerinin kat\u0131l\u0131m\u0131yla Mersin tarihi, k\u00fclt\u00fcr ve sanat\u0131 \u00fczerine s\u00f6yle\u015filer ger\u00e7ekle\u015ftirecek.<\/p>\n","protected":false},"excerpt":{"rendered":"<p>Mersin B\u00fcy\u00fck\u015fehir Belediyesi, Mersin\u2019in kurtulu\u015funun 100. y\u0131l\u0131n\u0131 Forum AVM yan\u0131nda kurdu\u011fu Yeni\u015fehir Etkinlik Alan\u0131\u2019nda d\u00fczenleyece\u011fi s\u00f6yle\u015filer ve m\u00fczik dinletileri ile kutlayacak. Kurtulu\u015f Haftas\u0131 Kutlamalar\u0131 etkinli\u011fi 2-9 Ocak tarihleri aras\u0131nda ger\u00e7ekle\u015fecek. &hellip; <a href=\"https:\/\/akdenizolaygazetesi.com\/?p=15916\" class=\"more-link\">Devam\u0131n\u0131 Oku&#8230;<\/a><\/p>\n","protected":false},"author":2,"featured_media":15917,"comment_status":"open","ping_status":"open","sticky":false,"template":"","format":"standard","meta":[],"categories":[2,3,5],"tags":[],"_links":{"self":[{"href":"https:\/\/akdenizolaygazetesi.com\/index.php?rest_route=\/wp\/v2\/posts\/15916"}],"collection":[{"href":"https:\/\/akdenizolaygazetesi.com\/index.php?rest_route=\/wp\/v2\/posts"}],"about":[{"href":"https:\/\/akdenizolaygazetesi.com\/index.php?rest_route=\/wp\/v2\/types\/post"}],"author":[{"embeddable":true,"href":"https:\/\/akdenizolaygazetesi.com\/index.php?rest_route=\/wp\/v2\/users\/2"}],"replies":[{"embeddable":true,"href":"https:\/\/akdenizolaygazetesi.com\/index.php?rest_route=%2Fwp%2Fv2%2Fcomments&post=15916"}],"version-history":[{"count":1,"href":"https:\/\/akdenizolaygazetesi.com\/index.php?rest_route=\/wp\/v2\/posts\/15916\/revisions"}],"predecessor-version":[{"id":15918,"href":"https:\/\/akdenizolaygazetesi.com\/index.php?rest_route=\/wp\/v2\/posts\/15916\/revisions\/15918"}],"wp:featuredmedia":[{"embeddable":true,"href":"https:\/\/akdenizolaygazetesi.com\/index.php?rest_route=\/wp\/v2\/media\/15917"}],"wp:attachment":[{"href":"https:\/\/akdenizolaygazetesi.com\/index.php?rest_route=%2Fwp%2Fv2%2Fmedia&parent=15916"}],"wp:term":[{"taxonomy":"category","embeddable":true,"href":"https:\/\/akdenizolaygazetesi.com\/index.php?rest_route=%2Fwp%2Fv2%2Fcategories&post=15916"},{"taxonomy":"post_tag","embeddable":true,"href":"https:\/\/akdenizolaygazetesi.com\/index.php?rest_route=%2Fwp%2Fv2%2Ftags&post=15916"}],"curies":[{"name":"wp","href":"https:\/\/api.w.org\/{rel}","templated":true}]}}