{"id":15922,"date":"2022-01-01T18:36:06","date_gmt":"2022-01-01T15:36:06","guid":{"rendered":"http:\/\/akdenizolaygazetesi.com\/?p=15922"},"modified":"2022-01-01T18:36:06","modified_gmt":"2022-01-01T15:36:06","slug":"oduller-3-ocakta-verilecek","status":"publish","type":"post","link":"https:\/\/akdenizolaygazetesi.com\/?p=15922","title":{"rendered":"\u00d6D\u00dcLLER, 3 OCAK&#8217;TA VER\u0130LECEK"},"content":{"rendered":"<p>Toroslar Belediyesi&#8217;nin, Mersin Yazarlar Derne\u011fi (MEYAD) ile birlikte geleneksel olarak d\u00fczenledi\u011fi &#8220;3 Ocak Mersin&#8217;in Kurtulu\u015fu&#8221; konulu \u015fiir yar\u0131\u015fmas\u0131nda dereceye girenler belli oldu.<\/p>\n<p>Toroslar Belediye Ba\u015fkan\u0131 Ats\u0131z Af\u015f\u0131n Y\u0131lmaz&#8217;\u0131n, milli m\u00fccadele ruhunun ya\u015fat\u0131lmas\u0131 ve yeni nesle aktar\u0131lmas\u0131 amac\u0131yla \u00f6nem verdi\u011fi etkinliklerden biri olan \u015fiir yar\u0131\u015fmas\u0131na bu y\u0131l T\u00fcrkiye&#8217;nin d\u00f6rt bir yan\u0131ndan 58 eser kat\u0131ld\u0131.<\/p>\n<p>J\u00fcri \u00fcyelerinin yapt\u0131\u011f\u0131 de\u011ferlendirme sonucunda; &#8220;\u00dc\u00e7 Ocak Destan\u0131&#8221;  adl\u0131 \u015fiiri ile Mersin&#8217;den Mustafa Do\u011fan birinci, &#8220;Sahip \u00c7\u0131k Mersin&#8217;e (Vermem Asla)&#8221; adl\u0131 \u015fiiri ile Mersin&#8217;in Mezitli il\u00e7esinden Faruk G\u00f6kbulut ikinci, &#8220;Mersin \u00dc\u00e7 Ocak&#8221; adl\u0131 \u015fiiri ile Mersin&#8217;in Tarsus il\u00e7esinden Nadir Do\u011fanc\u0131 ise \u00fc\u00e7\u00fcnc\u00fc oldu.<\/p>\n<p>\u00d6D\u00dcLLER, 3 OCAK&#8217;TA VER\u0130LECEK<\/p>\n<p>Birinciye tam alt\u0131n, ikinciye yar\u0131m alt\u0131n ve \u00fc\u00e7\u00fcnc\u00fcye \u00e7eyrek alt\u0131n\u0131n verilece\u011fi \u015eiir Yar\u0131\u015fmas\u0131&#8217;n\u0131n \u00f6d\u00fcl t\u00f6reni ise; 3 Ocak 2022 Pazartesi g\u00fcn\u00fc saat 08.00&#8217;da Toroslar Belediyesi \u00f6n\u00fcnden ba\u015flayarak Cumhuriyet Meydan\u0131&#8217;nda son  bulacak olan &#8220;Geleneksel 3 Ocak Zafer Y\u00fcr\u00fcy\u00fc\u015f\u00fc&#8217;n\u00fcn&#8221; ard\u0131ndan saat 18.00&#8217;da Yunus Emre K\u00fclt\u00fcr Merkezi&#8217;nde yap\u0131lacak.<\/p>\n<p>Toroslar Belediye Ba\u015fkan\u0131 Ats\u0131z Af\u015f\u0131n Y\u0131lmaz, t\u00fcm hem\u015fehrilerini Zafer Y\u00fcr\u00fcy\u00fc\u015f\u00fc&#8217;ne ve etkinliklere davet ederek; &#8220;Mersinimizin D\u00fc\u015fman \u0130\u015fgalinden Kurtulu\u015fu&#8217;nun 100. y\u0131l d\u00f6n\u00fcm\u00fc kapsam\u0131nda d\u00fczenledi\u011fimiz yar\u0131\u015fmam\u0131za kat\u0131larak kentimizin kurtulu\u015f m\u00fccadelesini en g\u00fczel ifadelerle m\u0131sralara d\u00f6ken t\u00fcm \u015fairlerimize te\u015fekk\u00fcr ediyor, j\u00fcri \u00fcyelerinin yapt\u0131\u011f\u0131 de\u011ferlendirme sonucu dereceye giren yar\u0131\u015fmac\u0131lar\u0131 da tebrik ediyorum&#8221; ifadelerini kulland\u0131.<\/p>\n","protected":false},"excerpt":{"rendered":"<p>Toroslar Belediyesi&#8217;nin, Mersin Yazarlar Derne\u011fi (MEYAD) ile birlikte geleneksel olarak d\u00fczenledi\u011fi &#8220;3 Ocak Mersin&#8217;in Kurtulu\u015fu&#8221; konulu \u015fiir yar\u0131\u015fmas\u0131nda dereceye girenler belli oldu. Toroslar Belediye Ba\u015fkan\u0131 Ats\u0131z Af\u015f\u0131n Y\u0131lmaz&#8217;\u0131n, milli m\u00fccadele &hellip; <a href=\"https:\/\/akdenizolaygazetesi.com\/?p=15922\" class=\"more-link\">Devam\u0131n\u0131 Oku&#8230;<\/a><\/p>\n","protected":false},"author":2,"featured_media":15923,"comment_status":"open","ping_status":"open","sticky":false,"template":"","format":"standard","meta":[],"categories":[2,3,5],"tags":[],"_links":{"self":[{"href":"https:\/\/akdenizolaygazetesi.com\/index.php?rest_route=\/wp\/v2\/posts\/15922"}],"collection":[{"href":"https:\/\/akdenizolaygazetesi.com\/index.php?rest_route=\/wp\/v2\/posts"}],"about":[{"href":"https:\/\/akdenizolaygazetesi.com\/index.php?rest_route=\/wp\/v2\/types\/post"}],"author":[{"embeddable":true,"href":"https:\/\/akdenizolaygazetesi.com\/index.php?rest_route=\/wp\/v2\/users\/2"}],"replies":[{"embeddable":true,"href":"https:\/\/akdenizolaygazetesi.com\/index.php?rest_route=%2Fwp%2Fv2%2Fcomments&post=15922"}],"version-history":[{"count":1,"href":"https:\/\/akdenizolaygazetesi.com\/index.php?rest_route=\/wp\/v2\/posts\/15922\/revisions"}],"predecessor-version":[{"id":15924,"href":"https:\/\/akdenizolaygazetesi.com\/index.php?rest_route=\/wp\/v2\/posts\/15922\/revisions\/15924"}],"wp:featuredmedia":[{"embeddable":true,"href":"https:\/\/akdenizolaygazetesi.com\/index.php?rest_route=\/wp\/v2\/media\/15923"}],"wp:attachment":[{"href":"https:\/\/akdenizolaygazetesi.com\/index.php?rest_route=%2Fwp%2Fv2%2Fmedia&parent=15922"}],"wp:term":[{"taxonomy":"category","embeddable":true,"href":"https:\/\/akdenizolaygazetesi.com\/index.php?rest_route=%2Fwp%2Fv2%2Fcategories&post=15922"},{"taxonomy":"post_tag","embeddable":true,"href":"https:\/\/akdenizolaygazetesi.com\/index.php?rest_route=%2Fwp%2Fv2%2Ftags&post=15922"}],"curies":[{"name":"wp","href":"https:\/\/api.w.org\/{rel}","templated":true}]}}