{"id":15926,"date":"2022-01-02T10:35:45","date_gmt":"2022-01-02T07:35:45","guid":{"rendered":"http:\/\/akdenizolaygazetesi.com\/?p=15926"},"modified":"2022-01-02T10:35:45","modified_gmt":"2022-01-02T07:35:45","slug":"sizler-tacin-incisisiniz","status":"publish","type":"post","link":"https:\/\/akdenizolaygazetesi.com\/?p=15926","title":{"rendered":"&#8220;Sizler tac\u0131n incisisiniz&#8221;"},"content":{"rendered":"<p>Mersin&#8217;in k\u0131rsal mahallerinde ya\u015famlar\u0131n\u0131 s\u00fcrd\u00fcren spor alan\u0131nda yetenekli k\u0131z \u00f6\u011frencilerin hem e\u011fitim alan\u0131nda hem de spor alan\u0131nda daha iyi geli\u015febilmesi amac\u0131yla Mersin B\u00fcy\u00fck\u015fehir Belediyesi Gen\u00e7lik ve Spor Hizmetleri Dairesi taraf\u0131ndan ba\u015flat\u0131lan &#8216;K\u0131r \u00c7i\u00e7ekleri&#8217; projesi toplumun t\u00fcm kesimleri taraf\u0131ndan ilgi g\u00f6rmeye devam ediyor. K\u0131r \u00c7i\u00e7ekleri&#8217;ni son olarak Yeni Ku\u015fak K\u00f6y Enstit\u00fcleri Derne\u011fi Mersin \u015eubesi \u00fcyeleri ziyaret etti. Ziyaret s\u0131ras\u0131nda \u00f6\u011frencilerle sohbet eden emekli \u00f6\u011fretmenler ge\u00e7mi\u015f an\u0131lar\u0131n\u0131 ve tecr\u00fcbelerini payla\u015ft\u0131.<\/p>\n<p>&#8220;Sizler tac\u0131n incisisiniz&#8221;<\/p>\n<p>Ziyarette ilk olarak konu\u015fan Yeni Ku\u015fak K\u00f6y Enstit\u00fcleri Derne\u011fi Mersin \u015eubesi \u00dcyesi Ahmet Ero\u011flu k\u00f6y enstit\u00fcleri modelinin yeniden ger\u00e7ekle\u015ftirilmesinin \u00f6nemine vurgu yaparak, &#8220;K\u0131r \u00c7i\u00e7ekleri, k\u0131r nergisleri ve k\u0131r s\u00fcmb\u00fclleri olarak sizler bunun en tipik en g\u00fczel \u00f6rne\u011fisiniz. Bunun g\u00fcne\u015f gibi da\u011f\u0131laca\u011f\u0131na ve ayd\u0131nlataca\u011f\u0131na \u00e7ok fazla inan\u0131yorum&#8221; dedi. Toplumsal olarak kad\u0131nlar\u0131n her zaman ikinci plana itildi\u011fini dile getiren Ero\u011flu, &#8220;Sizin buraya getirilmenizin daha ba\u015fka bir anlam\u0131 var. Daha ba\u015fka bir \u00f6nemi var&#8221; ifadelerini kulland\u0131.<\/p>\n<p>Ba\u015frol\u00fcn\u00fc Perla w Koronie&#8217;nin oynad\u0131\u011f\u0131 1972 yap\u0131m\u0131 Tac\u0131n \u0130ncisi isimli sinema filmine at\u0131fta bulunan Ahmet Ero\u011flu K\u0131r \u00c7i\u00e7ekjleri&#8217;ne, &#8220;Sizler tac\u0131n incisisiniz. Kad\u0131nlar d\u00fcnyan\u0131n en b\u00fcy\u00fck g\u00fcc\u00fcd\u00fcr&#8221; dedi.<\/p>\n<p>&#8220;Yetenekleri uyand\u0131rman\u0131n yolu \u00e7a\u011fda\u015f eti\u011fim&#8221;<\/p>\n<p>Ero\u011flu&#8217;nun ard\u0131ndan Yeni Ku\u015fak K\u00f6y Enstit\u00fcleri Derne\u011fi Mersin \u015eubesi \u00dcyesi ve Emekli \u00d6\u011fretmen Ali Uysal K\u0131r \u00c7i\u00e7ekleri&#8217;ne, &#8220;\u015eu anda b\u00fcnyeniz, varl\u0131\u011f\u0131n\u0131z yeteneklerle dopdolu ama hepsi uykuda. Onlar\u0131n uyanmas\u0131 i\u00e7in \u00e7a\u011fda\u015f bir e\u011fitim gerekli. Bunu yapmaya \u00e7al\u0131\u015f\u0131yoruz&#8221; c\u00fcmleleriyle seslendi.<\/p>\n<p>Yeni Ku\u015fak K\u00f6y Enstit\u00fcleri Derne\u011fi Mersin \u015eubesi \u00dcyesi Abidin Aktay da ziyaret\u00e7iler aras\u0131ndayd\u0131.  Aktay, e\u011fitim hayat\u0131n\u0131 anlat\u0131rken, babas\u0131n\u0131n askerlik yapt\u0131\u011f\u0131 s\u0131rada Gazi Mustafa Kemal Atat\u00fcrk ve \u0130smet \u0130n\u00f6n\u00fc ile birlikte \u00e7ektirdi\u011fi foto\u011fraf\u0131 da \u00f6\u011frencilere g\u00f6sterdi.<\/p>\n<p>Yeminli Mali M\u00fc\u015favir Ahmet Ak\u0131n ise bir insan\u0131n yeti\u015fmesinde ald\u0131\u011f\u0131 e\u011fitimin \u00f6nemine dikkat \u00e7ekerek, &#8220;D\u00fcnya de\u011fi\u015fiyor ama bir ger\u00e7ek var. \u00c7a\u011fda\u015f e\u011fitim politikalar\u0131n\u0131 uygulamayan \u00fclkeler her zaman geri kalmaya mahk\u00fbmdur&#8221; dedi. Ak\u0131n, &#8216;K\u0131r \u00c7i\u00e7ekleri&#8217; projesinin \u00f6rnek bir proje oldu\u011funu ifade ederek \u00f6\u011frenci say\u0131s\u0131n\u0131n artt\u0131r\u0131laca\u011f\u0131n\u0131 duydu\u011fu i\u00e7in memnun oldu\u011funu dile getirdi.<\/p>\n<p>Dernek \u00fcyesi ve emekli \u00f6\u011fretmen Suna K\u0131l\u0131\u00e7\u00e7\u0131 ise \u00e7ocuklar i\u00e7in akordiyon \u00e7alarak K\u0131r \u00c7i\u00e7ekleri ile birlikte \u00e7e\u015fitli mar\u015flar s\u00f6yledi.<\/p>\n","protected":false},"excerpt":{"rendered":"<p>Mersin&#8217;in k\u0131rsal mahallerinde ya\u015famlar\u0131n\u0131 s\u00fcrd\u00fcren spor alan\u0131nda yetenekli k\u0131z \u00f6\u011frencilerin hem e\u011fitim alan\u0131nda hem de spor alan\u0131nda daha iyi geli\u015febilmesi amac\u0131yla Mersin B\u00fcy\u00fck\u015fehir Belediyesi Gen\u00e7lik ve Spor Hizmetleri Dairesi taraf\u0131ndan &hellip; <a href=\"https:\/\/akdenizolaygazetesi.com\/?p=15926\" class=\"more-link\">Devam\u0131n\u0131 Oku&#8230;<\/a><\/p>\n","protected":false},"author":2,"featured_media":15927,"comment_status":"open","ping_status":"open","sticky":false,"template":"","format":"standard","meta":[],"categories":[2,3],"tags":[],"_links":{"self":[{"href":"https:\/\/akdenizolaygazetesi.com\/index.php?rest_route=\/wp\/v2\/posts\/15926"}],"collection":[{"href":"https:\/\/akdenizolaygazetesi.com\/index.php?rest_route=\/wp\/v2\/posts"}],"about":[{"href":"https:\/\/akdenizolaygazetesi.com\/index.php?rest_route=\/wp\/v2\/types\/post"}],"author":[{"embeddable":true,"href":"https:\/\/akdenizolaygazetesi.com\/index.php?rest_route=\/wp\/v2\/users\/2"}],"replies":[{"embeddable":true,"href":"https:\/\/akdenizolaygazetesi.com\/index.php?rest_route=%2Fwp%2Fv2%2Fcomments&post=15926"}],"version-history":[{"count":1,"href":"https:\/\/akdenizolaygazetesi.com\/index.php?rest_route=\/wp\/v2\/posts\/15926\/revisions"}],"predecessor-version":[{"id":15928,"href":"https:\/\/akdenizolaygazetesi.com\/index.php?rest_route=\/wp\/v2\/posts\/15926\/revisions\/15928"}],"wp:featuredmedia":[{"embeddable":true,"href":"https:\/\/akdenizolaygazetesi.com\/index.php?rest_route=\/wp\/v2\/media\/15927"}],"wp:attachment":[{"href":"https:\/\/akdenizolaygazetesi.com\/index.php?rest_route=%2Fwp%2Fv2%2Fmedia&parent=15926"}],"wp:term":[{"taxonomy":"category","embeddable":true,"href":"https:\/\/akdenizolaygazetesi.com\/index.php?rest_route=%2Fwp%2Fv2%2Fcategories&post=15926"},{"taxonomy":"post_tag","embeddable":true,"href":"https:\/\/akdenizolaygazetesi.com\/index.php?rest_route=%2Fwp%2Fv2%2Ftags&post=15926"}],"curies":[{"name":"wp","href":"https:\/\/api.w.org\/{rel}","templated":true}]}}