{"id":15929,"date":"2022-01-02T10:38:06","date_gmt":"2022-01-02T07:38:06","guid":{"rendered":"http:\/\/akdenizolaygazetesi.com\/?p=15929"},"modified":"2022-01-02T10:38:06","modified_gmt":"2022-01-02T07:38:06","slug":"baskan-secerden-mersinin-kurtulus-yil-donumu-mesaji","status":"publish","type":"post","link":"https:\/\/akdenizolaygazetesi.com\/?p=15929","title":{"rendered":"BA\u015eKAN SE\u00c7ER&#8217;DEN MERS\u0130N&#8217;\u0130N KURTULU\u015e YIL D\u00d6N\u00dcM\u00dc MESAJI"},"content":{"rendered":"<p>Mersin B\u00fcy\u00fck\u015fehir Belediye Ba\u015fkan\u0131 Vahap Se\u00e7er, 3 Ocak Mersin&#8217;in i\u015fgalden kurtulu\u015funun 100&#8217;\u00fcnc\u00fc y\u0131l d\u00f6n\u00fcm\u00fc dolay\u0131s\u0131yla bir mesaj yay\u0131mlad\u0131.<\/p>\n<p>Ba\u015fkan Se\u00e7er, mesaj\u0131nda \u015fu ifadelere yer verdi:<\/p>\n<p>&#8220;Ba\u011f\u0131ms\u0131zl\u0131k; tarihi zaferlerle dolu, onur ve gururundan asla taviz vermemi\u015f olan milletimizin karakteridir. Biz Mersinliler, 3 Ocak 1922 tarihinde ba\u011f\u0131ms\u0131zl\u0131\u011f\u0131m\u0131za vurulmak istenen zincirleri k\u0131r\u0131p att\u0131k. Ba\u011fr\u0131nda ta\u015f\u0131d\u0131\u011f\u0131 nice kahramanla, yokluk ve imkans\u0131zl\u0131klar i\u00e7inde zaman\u0131n en g\u00fc\u00e7l\u00fc i\u015fgalci ordusuna meydan okuyan biz Mersinliler i\u00e7in 3 Ocak, e\u015fsiz onur ve gurur kayna\u011f\u0131d\u0131r. Hepimize kutlu olsun!<\/p>\n<p>Ulu \u00d6nderimizin &#8220;Mersinliler, Mersin&#8217;e Sahip \u00c7\u0131k\u0131n\u0131z&#8221; veciz s\u00f6zlerini ilke edinerek, daima bu hedef \u0131\u015f\u0131\u011f\u0131nda hareket ediyoruz. Yapt\u0131\u011f\u0131m\u0131z ve yapaca\u011f\u0131m\u0131z her \u00e7al\u0131\u015fma, &#8216;kentimize sahip \u00e7\u0131kma&#8217; irademizin bir ifadesidir. Mersin&#8217;in daima refah i\u00e7inde b\u00fcy\u00fcyen, geli\u015fen, ilerleme kaydeden bir d\u00fcnya kenti olmas\u0131 en b\u00fcy\u00fck idealimizdir.<\/p>\n<p>Y\u00fczy\u0131llard\u0131r farkl\u0131 inan\u00e7 ve k\u00fclt\u00fcrden insanlar\u0131n bir arada ho\u015fg\u00f6r\u00fc i\u00e7inde ya\u015fad\u0131\u011f\u0131 g\u00fczel kentimize yapaca\u011f\u0131m\u0131z her hizmetin gelecek ku\u015faklara b\u0131rakaca\u011f\u0131m\u0131z en g\u00fczel miras olaca\u011f\u0131n\u0131n bilincindeyiz. Bu ama\u00e7la, Mersin&#8217;de yerel y\u00f6netim tarihinin en b\u00fcy\u00fck yat\u0131r\u0131mlar\u0131ndan biri olan ve kentimize ayr\u0131 bir de\u011fer kazand\u0131racak Mersin Metrosu&#8217;nun in\u015faat\u0131na 100&#8217;\u00fcnc\u00fc y\u0131l\u0131m\u0131zda ba\u015flayacak olman\u0131n heyecan\u0131 ve gururunu ta\u015f\u0131yoruz. Bu duygu ve d\u00fc\u015f\u00fcncelerle; zaferimizin 100&#8217;\u00fcnc\u00fc y\u0131l d\u00f6n\u00fcm\u00fcn\u00fc kutluyor, ba\u015fta Cumhuriyetimizin kurucusu B\u00fcy\u00fck \u00d6nder Mustafa Kemal Atat\u00fcrk ve arkada\u015flar\u0131 olmak \u00fczere, gurur kayna\u011f\u0131m\u0131z olan t\u00fcm kahraman \u015fehit ve gazilerimizi sayg\u0131, rahmet ve minnetle an\u0131yorum.&#8221;<\/p>\n","protected":false},"excerpt":{"rendered":"<p>Mersin B\u00fcy\u00fck\u015fehir Belediye Ba\u015fkan\u0131 Vahap Se\u00e7er, 3 Ocak Mersin&#8217;in i\u015fgalden kurtulu\u015funun 100&#8217;\u00fcnc\u00fc y\u0131l d\u00f6n\u00fcm\u00fc dolay\u0131s\u0131yla bir mesaj yay\u0131mlad\u0131. Ba\u015fkan Se\u00e7er, mesaj\u0131nda \u015fu ifadelere yer verdi: &#8220;Ba\u011f\u0131ms\u0131zl\u0131k; tarihi zaferlerle dolu, onur &hellip; <a href=\"https:\/\/akdenizolaygazetesi.com\/?p=15929\" class=\"more-link\">Devam\u0131n\u0131 Oku&#8230;<\/a><\/p>\n","protected":false},"author":2,"featured_media":15930,"comment_status":"open","ping_status":"open","sticky":false,"template":"","format":"standard","meta":[],"categories":[1,2,3],"tags":[],"_links":{"self":[{"href":"https:\/\/akdenizolaygazetesi.com\/index.php?rest_route=\/wp\/v2\/posts\/15929"}],"collection":[{"href":"https:\/\/akdenizolaygazetesi.com\/index.php?rest_route=\/wp\/v2\/posts"}],"about":[{"href":"https:\/\/akdenizolaygazetesi.com\/index.php?rest_route=\/wp\/v2\/types\/post"}],"author":[{"embeddable":true,"href":"https:\/\/akdenizolaygazetesi.com\/index.php?rest_route=\/wp\/v2\/users\/2"}],"replies":[{"embeddable":true,"href":"https:\/\/akdenizolaygazetesi.com\/index.php?rest_route=%2Fwp%2Fv2%2Fcomments&post=15929"}],"version-history":[{"count":1,"href":"https:\/\/akdenizolaygazetesi.com\/index.php?rest_route=\/wp\/v2\/posts\/15929\/revisions"}],"predecessor-version":[{"id":15931,"href":"https:\/\/akdenizolaygazetesi.com\/index.php?rest_route=\/wp\/v2\/posts\/15929\/revisions\/15931"}],"wp:featuredmedia":[{"embeddable":true,"href":"https:\/\/akdenizolaygazetesi.com\/index.php?rest_route=\/wp\/v2\/media\/15930"}],"wp:attachment":[{"href":"https:\/\/akdenizolaygazetesi.com\/index.php?rest_route=%2Fwp%2Fv2%2Fmedia&parent=15929"}],"wp:term":[{"taxonomy":"category","embeddable":true,"href":"https:\/\/akdenizolaygazetesi.com\/index.php?rest_route=%2Fwp%2Fv2%2Fcategories&post=15929"},{"taxonomy":"post_tag","embeddable":true,"href":"https:\/\/akdenizolaygazetesi.com\/index.php?rest_route=%2Fwp%2Fv2%2Ftags&post=15929"}],"curies":[{"name":"wp","href":"https:\/\/api.w.org\/{rel}","templated":true}]}}