{"id":1593,"date":"2020-11-04T18:22:09","date_gmt":"2020-11-04T15:22:09","guid":{"rendered":"http:\/\/mersinekonomipolitikagazetesi.com\/?p=1593"},"modified":"2020-11-04T18:22:09","modified_gmt":"2020-11-04T15:22:09","slug":"asut-mtsoya-yeniden-aday","status":"publish","type":"post","link":"https:\/\/akdenizolaygazetesi.com\/?p=1593","title":{"rendered":"A\u015eUT MTSO\u2019YA YEN\u0130DEN ADAY!"},"content":{"rendered":"<p>\u015eerafettin A\u015fut\u2019un daha \u00f6nce yapt\u0131\u011f\u0131 a\u00e7\u0131klamada Mersin Ticaret ve Sanayi Odas\u0131 ba\u015fkanl\u0131\u011f\u0131na adayl\u0131\u011f\u0131n\u0131 koymayaca\u011f\u0131n\u0131 dile getirmi\u015f olmas\u0131, \u201cBir ka\u00e7 ay i\u00e7inde ne de\u011fi\u015fti de yeniden aday oldu?\u201d sorusunu g\u00fcndeme getirdi.<\/p>\n<blockquote type=\"cite\">\n<blockquote type=\"cite\">\n<div dir=\"ltr\">\n<p><span style=\"font-size:16px;\">Mersin Ticaret ve Sanayi Odas\u0131 (MTSO) Y\u00f6netim Kurulu Ba\u015fkan\u0131 \u015eerafettin A\u015fut\u2019un MTSO ba\u015fkanl\u0131\u011f\u0131na yeniden aday oldu\u011fu ve bu konuda \u00e7al\u0131\u015fmalar yapt\u0131\u011f\u0131 belirtildi.<\/span><\/p>\n<p>\u00a0<\/p>\n<p><span style=\"font-size:16px;\">\u015eerafettin A\u015fut, ge\u00e7en aylarda yapt\u0131\u011f\u0131 a\u00e7\u0131klamada Mersin Ticaret ve Sanayi Odas\u0131 se\u00e7imlerde adayl\u0131\u011f\u0131n\u0131 koymayaca\u011f\u0131n\u0131 dile getirmi\u015fti. \u015eimdi ise, \u201cBir ka\u00e7 ay i\u00e7inde ne de\u011fi\u015fti de yeniden adayl\u0131\u011f\u0131n\u0131 koyuyor?\u201d sorusu dile getiriliyor.<\/span><\/p>\n<\/div>\n<\/blockquote>\n<blockquote type=\"cite\">\n<div dir=\"ltr\">\n<p><span style=\"font-size:16px;\">Daha \u00f6nce adayl\u0131\u011f\u0131n\u0131 koymayaca\u011f\u0131n\u0131 dile getiren A\u015fut: \u201cBen makamlar\u0131 vazge\u00e7ilmez g\u00f6ren bir ki\u015fi de\u011filim\u201d ifadeleri ile dikkat \u00e7ekmi\u015fti.<\/span><\/p>\n<p><span style=\"font-size:16px;\">A\u015fut, \u00f6nceki a\u00e7\u0131klamas\u0131nda MTSO se\u00e7imlerinde aday olmayaca\u011f\u0131n\u0131 dile getirip konu\u015fmas\u0131nda \u015fu s\u00f6zlere yer vermi\u015fti: \u201cAilemizi, i\u015flerimizi, kendimizi ihmal ettik. Ama milletimiz i\u00e7in, Mersin i\u00e7in yap\u0131lan hizmetlerin manevi de\u011feri bizi mutlu etti. K\u00f6t\u00fc s\u00f6zleri duymad\u0131k, moral bozanlara kulak asmad\u0131k. Ama t\u00fcm bu olumsuz enerjiler bizden bir \u015feyler g\u00f6t\u00fcrd\u00fc. Sonu\u00e7ta insan\u0131z, makina de\u011filiz. OSB ve MTSO\u2019ya ay\u0131rd\u0131\u011f\u0131m\u0131z zaman\u0131n onda birini i\u015fimize ay\u0131rmad\u0131k. Bu konuda karde\u015flerimden bile sitem ald\u0131m. Odam\u0131z\u0131n Meclisinden y\u00f6netimine ve \u00e7al\u0131\u015fanlar\u0131na kadar kendi ailemle ilgilenmedi\u011fim kadar ilgilendim, yanlar\u0131nda oldum ve bunu da mutlulukla yapt\u0131m. Ama bu s\u00fcre\u00e7te \u00e7ok ama \u00e7ok y\u0131prand\u0131m. Ailem, i\u015fim, \u015firketim, sa\u011fl\u0131\u011f\u0131m y\u0131prand\u0131. Ne yaz\u0131k ki, kentin kurumlar\u0131 ve dinamikleri tek bir v\u00fccudun par\u00e7alar\u0131 oldu\u011funu kabul edemedi. Anlams\u0131z bir rekabete giri\u015ftiler. Bu kentin kurumlar\u0131 ve dinamiklerine \u2018biz birbirimizin rakibi de\u011fil, tamamlay\u0131c\u0131s\u0131y\u0131z\u2019 ruhunu veremedik, ne yaz\u0131k ki bunu ba\u015faramad\u0131k. Bu birli\u011fin \u00f6neminin ne oldu\u011funu bilmeyen baz\u0131 k\u00fc\u00e7\u00fck ruhlu ki\u015filer ise bu rekabeti \u00e7ok g\u00fczel kulland\u0131. Ac\u0131 olan \u015fey ise kentin \u00f6nemli kurumlar\u0131 bu k\u00fc\u00e7\u00fck ruhlu ki\u015filere daha \u00e7ok prim verdi. Herkes birbirinin k\u00fc\u00e7\u00fck \u00e7\u0131karlar\u0131 i\u00e7in, herkes bug\u00fcn\u00fc kurtarmak i\u00e7in Mersin\u2019in gelece\u011fini yok sayd\u0131. Kim ne kazand\u0131, kim ne kaybetti? Bunun muhasebesini de bu kurumlar\u0131n ba\u015f\u0131nda bulunanlara b\u0131rak\u0131yorum. Herkes Mersin tarihinde lay\u0131k oldu\u011fu yeri alacakt\u0131r. Biz bu k\u0131skan\u00e7l\u0131k ve b\u00fcy\u00fckl\u00fck tuza\u011f\u0131na d\u00fc\u015fmeden yolumuza devam ettik. Sitem etmedik, k\u00fcsmedik, a\u011flamad\u0131k. Hi\u00e7 bir zaman kar\u015f\u0131l\u0131k bekleyerek bu hizmetlerin i\u00e7inde bulunmad\u0131m. Ne bir kibir ne bir b\u00fcy\u00fckl\u00fck ne de bir \u015feyleri topluma bah\u015fetmi\u015f bir adam durumunday\u0131m. B\u00f6yle bir his i\u00e7inde de\u011filim.\u201d<\/span><\/p>\n<\/div>\n<\/blockquote>\n<blockquote type=\"cite\">\n<div dir=\"ltr\">\n<p><span style=\"font-size:16px;\">\u00a0\u015eerafettin A\u015fut\u2019un \u00f6nceki aylarda yapt\u0131\u011f\u0131 a\u00e7\u0131klamada yap\u0131lacak olan se\u00e7imlerde Mersin Ticaret ve Sanayi Odas\u0131 ba\u015fkanl\u0131\u011f\u0131na adayl\u0131\u011f\u0131n\u0131 koymayaca\u011f\u0131n\u0131 dile getirmi\u015f olmas\u0131ndan sonra, \u201cBir ka\u00e7 ay i\u00e7inde ne de\u011fi\u015fti de yeniden adayl\u0131\u011f\u0131n\u0131 koyuyor?\u201d sorusunun cevab\u0131 merakla bekleniyor.<\/span><\/p>\n<\/div>\n<\/blockquote>\n<\/blockquote>\n","protected":false},"excerpt":{"rendered":"<p>\u015eerafettin A\u015fut\u2019un daha \u00f6nce yapt\u0131\u011f\u0131 a\u00e7\u0131klamada Mersin Ticaret ve Sanayi Odas\u0131 ba\u015fkanl\u0131\u011f\u0131na adayl\u0131\u011f\u0131n\u0131 koymayaca\u011f\u0131n\u0131 dile getirmi\u015f olmas\u0131, \u201cBir ka\u00e7 ay i\u00e7inde ne de\u011fi\u015fti de yeniden aday oldu?\u201d sorusunu g\u00fcndeme getirdi. &hellip; <a href=\"https:\/\/akdenizolaygazetesi.com\/?p=1593\" class=\"more-link\">Devam\u0131n\u0131 Oku&#8230;<\/a><\/p>\n","protected":false},"author":1,"featured_media":0,"comment_status":"open","ping_status":"open","sticky":false,"template":"","format":"standard","meta":[],"categories":[],"tags":[],"_links":{"self":[{"href":"https:\/\/akdenizolaygazetesi.com\/index.php?rest_route=\/wp\/v2\/posts\/1593"}],"collection":[{"href":"https:\/\/akdenizolaygazetesi.com\/index.php?rest_route=\/wp\/v2\/posts"}],"about":[{"href":"https:\/\/akdenizolaygazetesi.com\/index.php?rest_route=\/wp\/v2\/types\/post"}],"author":[{"embeddable":true,"href":"https:\/\/akdenizolaygazetesi.com\/index.php?rest_route=\/wp\/v2\/users\/1"}],"replies":[{"embeddable":true,"href":"https:\/\/akdenizolaygazetesi.com\/index.php?rest_route=%2Fwp%2Fv2%2Fcomments&post=1593"}],"version-history":[{"count":0,"href":"https:\/\/akdenizolaygazetesi.com\/index.php?rest_route=\/wp\/v2\/posts\/1593\/revisions"}],"wp:attachment":[{"href":"https:\/\/akdenizolaygazetesi.com\/index.php?rest_route=%2Fwp%2Fv2%2Fmedia&parent=1593"}],"wp:term":[{"taxonomy":"category","embeddable":true,"href":"https:\/\/akdenizolaygazetesi.com\/index.php?rest_route=%2Fwp%2Fv2%2Fcategories&post=1593"},{"taxonomy":"post_tag","embeddable":true,"href":"https:\/\/akdenizolaygazetesi.com\/index.php?rest_route=%2Fwp%2Fv2%2Ftags&post=1593"}],"curies":[{"name":"wp","href":"https:\/\/api.w.org\/{rel}","templated":true}]}}