{"id":15932,"date":"2022-01-02T13:09:29","date_gmt":"2022-01-02T10:09:29","guid":{"rendered":"http:\/\/akdenizolaygazetesi.com\/?p=15932"},"modified":"2022-01-02T13:09:29","modified_gmt":"2022-01-02T10:09:29","slug":"3-ocak-zafer-yuruyusumuzde-bulusalim","status":"publish","type":"post","link":"https:\/\/akdenizolaygazetesi.com\/?p=15932","title":{"rendered":"&#8220;3 OCAK ZAFER Y\u00dcR\u00dcY\u00dc\u015e\u00dcM\u00dcZDE BULU\u015eALIM&#8221;"},"content":{"rendered":"<p>Ba\u015fkan Y\u0131lmaz: &#8220;T\u00fcm d\u00fcnyaya emsal olmu\u015f birlik ve beraberli\u011fimizi, 3 Ocak&#8217;ta yine Zafer Y\u00fcr\u00fcy\u00fc\u015f\u00fcm\u00fczle tek y\u00fcrek olarak g\u00f6sterece\u011fiz&#8221; dedi.<\/p>\n<p>Toroslar Belediye Ba\u015fkan\u0131 Ats\u0131z Af\u015f\u0131n Y\u0131lmaz, 3 Ocak Mersin&#8217;in D\u00fc\u015fman \u0130\u015fgalinden Kurtulu\u015fu&#8217;nun 100. y\u0131l d\u00f6n\u00fcm\u00fc dolay\u0131s\u0131yla bir kutlama mesaj\u0131 yay\u0131nlad\u0131.<\/p>\n<p>&#8220;Azim, kararl\u0131l\u0131k ve inan\u00e7la kazand\u0131\u011f\u0131m\u0131z zaferin ad\u0131 olan 3 Ocak, ezelden ebede Mersin&#8217;in en \u015fanl\u0131 destan\u0131, en \u00f6nemli de\u011feridir&#8221; diyen Ba\u015fkan Y\u0131lmaz; &#8220;Kentimizin D\u00fc\u015fman \u0130\u015fgalinden Kurtulu\u015fu&#8217;nun 100. y\u0131l d\u00f6n\u00fcm\u00fcn\u00fc bir kez daha b\u00fcy\u00fck bir sevin\u00e7, co\u015fku ve gururla kutlaman\u0131n mutlulu\u011funu ya\u015f\u0131yoruz. Milletimizin ba\u011f\u0131ms\u0131zl\u0131\u011fa olan tutkusu yurdun d\u00f6rt bir yan\u0131nda oldu\u011fu gibi, 3 Ocak 1922&#8217;de Mersinimizde de tezah\u00fcr etmi\u015ftir. Bug\u00fcn bizler, vatan\u0131m\u0131zda huzur i\u00e7erisinde ya\u015f\u0131yorsak, bunu kahraman ecdad\u0131m\u0131z\u0131n g\u00f6sterdi\u011fi manevi g\u00fcce, fedak\u00e2rl\u0131\u011fa ve ba\u011f\u0131ms\u0131zl\u0131k inanc\u0131na bor\u00e7luyuz. Onlar\u0131n bize b\u0131rakt\u0131\u011f\u0131 emaneti sonsuza dek koruyaca\u011f\u0131z. Bu duygu ve d\u00fc\u015f\u00fcncelerle 100 y\u0131l \u00f6nce ba\u011f\u0131ms\u0131zl\u0131k yolunda m\u00fccadele eden t\u00fcm Mersin halk\u0131n\u0131n 3 Ocak Kurtulu\u015f G\u00fcn\u00fc&#8217;n\u00fc kutluyor, \u00fczerinde ya\u015fad\u0131\u011f\u0131m\u0131z bu topraklar\u0131 bize vatan yapan ba\u015fta Cumhuriyetimizin kurucusu Ulu \u00d6nderimiz Gazi Mustafa Kemal Atat\u00fcrk ve silah arkada\u015flar\u0131 olmak \u00fczere t\u00fcm milli m\u00fccadele kahramanlar\u0131n\u0131, \u015fehitlerimizi ve gazilerimizi rahmet, minnet ve sayg\u0131yla an\u0131yorum&#8221; dedi.<\/p>\n<p>&#8220;3 OCAK ZAFER Y\u00dcR\u00dcY\u00dc\u015e\u00dcM\u00dcZDE BULU\u015eALIM&#8221;<\/p>\n<p>Ba\u015fkan Y\u0131lmaz, 3 Ocak 2022 Pazartesi g\u00fcn\u00fc saat 08.00&#8217;da Toroslar Belediyesi \u00f6n\u00fcnden ba\u015flayarak Kuvayi Milliye Caddesi, Hastane Caddesi, \u0130stiklal Caddesi ve Sakarya Caddesi g\u00fczergah\u0131ndan Cumhuriyet Meydan\u0131&#8217;na kadar s\u00fcrecek Geleneksel 3 Ocak Zafer Y\u00fcr\u00fcy\u00fc\u015f\u00fc&#8217;ne t\u00fcm Mersin halk\u0131n\u0131 davet etti.<\/p>\n<p>Ba\u015fkan Y\u0131lmaz, &#8220;3 Ocak Zafer Y\u00fcr\u00fcy\u00fc\u015f\u00fcm\u00fcz\u00fc yine milli m\u00fccadele ruhu ve heyecanla ger\u00e7ekle\u015ftirece\u011fiz. 3 Ocak Pazartesi g\u00fcn\u00fc sabah 8.00&#8217;da Toroslar Belediyemizin \u00f6n\u00fcnde bayraklar\u0131m\u0131zla bir araya gelece\u011fiz. Kalpaklar\u0131m\u0131z\u0131 takaca\u011f\u0131z ve hep birlikte kol kola y\u00fcr\u00fcyece\u011fiz&#8221; diye konu\u015ftu.<\/p>\n","protected":false},"excerpt":{"rendered":"<p>Ba\u015fkan Y\u0131lmaz: &#8220;T\u00fcm d\u00fcnyaya emsal olmu\u015f birlik ve beraberli\u011fimizi, 3 Ocak&#8217;ta yine Zafer Y\u00fcr\u00fcy\u00fc\u015f\u00fcm\u00fczle tek y\u00fcrek olarak g\u00f6sterece\u011fiz&#8221; dedi. Toroslar Belediye Ba\u015fkan\u0131 Ats\u0131z Af\u015f\u0131n Y\u0131lmaz, 3 Ocak Mersin&#8217;in D\u00fc\u015fman \u0130\u015fgalinden &hellip; <a href=\"https:\/\/akdenizolaygazetesi.com\/?p=15932\" class=\"more-link\">Devam\u0131n\u0131 Oku&#8230;<\/a><\/p>\n","protected":false},"author":2,"featured_media":15933,"comment_status":"open","ping_status":"open","sticky":false,"template":"","format":"standard","meta":[],"categories":[2,3],"tags":[],"_links":{"self":[{"href":"https:\/\/akdenizolaygazetesi.com\/index.php?rest_route=\/wp\/v2\/posts\/15932"}],"collection":[{"href":"https:\/\/akdenizolaygazetesi.com\/index.php?rest_route=\/wp\/v2\/posts"}],"about":[{"href":"https:\/\/akdenizolaygazetesi.com\/index.php?rest_route=\/wp\/v2\/types\/post"}],"author":[{"embeddable":true,"href":"https:\/\/akdenizolaygazetesi.com\/index.php?rest_route=\/wp\/v2\/users\/2"}],"replies":[{"embeddable":true,"href":"https:\/\/akdenizolaygazetesi.com\/index.php?rest_route=%2Fwp%2Fv2%2Fcomments&post=15932"}],"version-history":[{"count":1,"href":"https:\/\/akdenizolaygazetesi.com\/index.php?rest_route=\/wp\/v2\/posts\/15932\/revisions"}],"predecessor-version":[{"id":15934,"href":"https:\/\/akdenizolaygazetesi.com\/index.php?rest_route=\/wp\/v2\/posts\/15932\/revisions\/15934"}],"wp:featuredmedia":[{"embeddable":true,"href":"https:\/\/akdenizolaygazetesi.com\/index.php?rest_route=\/wp\/v2\/media\/15933"}],"wp:attachment":[{"href":"https:\/\/akdenizolaygazetesi.com\/index.php?rest_route=%2Fwp%2Fv2%2Fmedia&parent=15932"}],"wp:term":[{"taxonomy":"category","embeddable":true,"href":"https:\/\/akdenizolaygazetesi.com\/index.php?rest_route=%2Fwp%2Fv2%2Fcategories&post=15932"},{"taxonomy":"post_tag","embeddable":true,"href":"https:\/\/akdenizolaygazetesi.com\/index.php?rest_route=%2Fwp%2Fv2%2Ftags&post=15932"}],"curies":[{"name":"wp","href":"https:\/\/api.w.org\/{rel}","templated":true}]}}