{"id":15935,"date":"2022-01-02T13:11:03","date_gmt":"2022-01-02T10:11:03","guid":{"rendered":"http:\/\/akdenizolaygazetesi.com\/?p=15935"},"modified":"2022-01-02T13:11:03","modified_gmt":"2022-01-02T10:11:03","slug":"mersinin-kurtulusunun-100-yilinda-tarihi-proje-metronun-temeli-atiliyor","status":"publish","type":"post","link":"https:\/\/akdenizolaygazetesi.com\/?p=15935","title":{"rendered":"MERS\u0130N&#8217;\u0130N KURTULU\u015eUNUN 100. YILINDA TAR\u0130H\u0130 PROJE METRONUN TEMEL\u0130 ATILIYOR"},"content":{"rendered":"<p>B\u00fcy\u00fck\u015fehir Belediyesi taraf\u0131ndan hayata ge\u00e7irilecek olan ve Mersin B\u00fcy\u00fck\u015fehir Belediye Ba\u015fkan\u0131 Vahap Se\u00e7er&#8217;in vizyon projesi olarak de\u011ferlendirdi\u011fi metronun 3 Ocak Mersin&#8217;in d\u00fc\u015fman i\u015fgalinden kurtulu\u015funun 100. y\u0131l\u0131nda temeli at\u0131l\u0131yor. Mersin&#8217;de 3 etapl\u0131 rayl\u0131 sistemler d\u00f6neminin ba\u015flayaca\u011f\u0131 ve saat 15.00&#8217;te Cumhuriyet Meydan\u0131&#8217;nda ger\u00e7ekle\u015fecek t\u00f6rene, CHP Genel Ba\u015fkan\u0131 Kemal K\u0131l\u0131\u00e7daro\u011flu ile \u0130Y\u0130 Parti Genel Ba\u015fkan\u0131 Meral Ak\u015fener de kat\u0131lacak. T\u00fcm Mersinlileri, temel atma t\u00f6renine davet eden Ba\u015fkan Se\u00e7er, &#8220;T\u00fcm hem\u015fehrilerimi bu \u00f6zel ve anlaml\u0131 g\u00fcnde birlikte olmaya davet ediyorum&#8221; dedi.<\/p>\n<p>&#8220;Mersin&#8217;in gelmi\u015f ge\u00e7mi\u015f en b\u00fcy\u00fck yerel projesi&#8221;<\/p>\n<p>Metro Projesi&#8217;nin bir medeniyet projesi oldu\u011funu belirten Mersin B\u00fcy\u00fck\u015fehir Belediye Ba\u015fkan\u0131 Vahap Se\u00e7er, &#8220;Metro&#8217;nun temelini, Mersin&#8217;in 100. kurtulu\u015f y\u0131l d\u00f6n\u00fcm\u00fc olan 3 Ocak 2022 tarihinde ataca\u011f\u0131z. 3 Ocak 2022, Mersin i\u00e7in yeni bir milat olacak. Bu proje ayn\u0131 zamanda Mersin&#8217;in gelmi\u015f ge\u00e7mi\u015f en b\u00fcy\u00fck yerel projesi olma \u00f6zelli\u011fini ta\u015f\u0131yor. Mersin&#8217;de rayl\u0131 sistemler d\u00f6neminin ba\u015flayaca\u011f\u0131 bu projeyle, bizler de Mersin ad\u0131na yeni bir y\u00fczy\u0131la yeni ufuklar a\u00e7arak girmek ve gelecek nesillere daha ya\u015fanabilir bir marka kent b\u0131rakma amac\u0131nday\u0131z&#8221; dedi.  <\/p>\n<p>&#8220;Metro&#8217;nun kent ya\u015fam\u0131na \u00e7ok \u00f6nemli katk\u0131lar\u0131 olacak&#8221;<br \/>\nRayl\u0131 Sistemler Projesi&#8217;nin 3 etaptan olu\u015ftu\u011funu ve ilk etap olan bat\u0131da Mezitli Belediyesi eski hizmet binas\u0131 ile do\u011fuda eski otogar aras\u0131n\u0131 kapsayan toplam 13.4 kilometrelik yeralt\u0131 metro in\u015faat\u0131n\u0131n temelinin at\u0131laca\u011f\u0131n\u0131 hat\u0131rlatan Ba\u015fkan Se\u00e7er, s\u00f6z konusu yeralt\u0131 metrosunun da 11 istasyondan olu\u015faca\u011f\u0131n\u0131 ifade etti.   <\/p>\n<p>Metro&#8217;nun kent ya\u015fam\u0131na \u00e7ok \u00f6nemli katk\u0131lar\u0131 olaca\u011f\u0131n\u0131 belirten Ba\u015fkan Se\u00e7er, &#8220;Metro \u00e7ok konforlu, \u00e7ok s\u00fcratli, \u00e7ok ucuz bir toplu ta\u015f\u0131ma modeli, ama kente kataca\u011f\u0131 ba\u015fka \u00f6nemli de\u011ferler de var. Bir kere kentin 4 il\u00e7esini merkezle birbirine ba\u011flayacak. 4 merkez il\u00e7ede ya\u015fayan farkl\u0131 sosyo-ekonomik yap\u0131da, farkl\u0131 sosyo-k\u00fclt\u00fcrel yap\u0131daki insanlar da Metro arac\u0131l\u0131\u011f\u0131yla di\u011fer b\u00f6lgelere \u00e7ok daha rahat ula\u015fma imkan\u0131 bulacak&#8221; diye konu\u015ftu.<\/p>\n<p>&#8220;3 Ocak&#8217;ta saat 15&#8217;te Cumhuriyet Meydan\u0131&#8217;nday\u0131z&#8221;<\/p>\n<p>3 Ocak 2022 Pazartesi g\u00fcn\u00fc saat 15.00&#8217;te Cumhuriyet Meydan\u0131&#8217;nda ger\u00e7ekle\u015fecek olan t\u00f6rene b\u00fcy\u00fck bir kat\u0131l\u0131m beklediklerini kaydeden Ba\u015fkan Se\u00e7er, &#8220;Temel atma t\u00f6reninde; Genel Ba\u015fkan\u0131m\u0131z Say\u0131n Kemal K\u0131l\u0131\u00e7daro\u011flu ve \u0130Y\u0130 Parti Genel Ba\u015fkan\u0131 Say\u0131n Meral Ak\u015fener ba\u015fta olmak \u00fczere bir\u00e7ok sivil toplum kurulu\u015fu, oda, dernek ve sendika temsilcilerinin yan\u0131s\u0131ra vatanda\u015flar\u0131m\u0131zla birlikte olman\u0131n gururunu ve mutlulu\u011funu ya\u015fayaca\u011f\u0131z. T\u00fcm halk\u0131m\u0131zla beraber 3 Ocak&#8217;ta saat 15.00&#8217;te Cumhuriyet Meydan\u0131&#8217;nda Mersin Metrosu&#8217;nun temelini ataca\u011f\u0131z. T\u00fcm hem\u015fehrilerimi bu \u00f6zel ve anlaml\u0131 g\u00fcnde birlikte olmaya davet ediyorum&#8221; ifadelerini kulland\u0131.<\/p>\n","protected":false},"excerpt":{"rendered":"<p>B\u00fcy\u00fck\u015fehir Belediyesi taraf\u0131ndan hayata ge\u00e7irilecek olan ve Mersin B\u00fcy\u00fck\u015fehir Belediye Ba\u015fkan\u0131 Vahap Se\u00e7er&#8217;in vizyon projesi olarak de\u011ferlendirdi\u011fi metronun 3 Ocak Mersin&#8217;in d\u00fc\u015fman i\u015fgalinden kurtulu\u015funun 100. y\u0131l\u0131nda temeli at\u0131l\u0131yor. Mersin&#8217;de 3 &hellip; <a href=\"https:\/\/akdenizolaygazetesi.com\/?p=15935\" class=\"more-link\">Devam\u0131n\u0131 Oku&#8230;<\/a><\/p>\n","protected":false},"author":2,"featured_media":15936,"comment_status":"open","ping_status":"open","sticky":false,"template":"","format":"standard","meta":[],"categories":[2,3,5],"tags":[],"_links":{"self":[{"href":"https:\/\/akdenizolaygazetesi.com\/index.php?rest_route=\/wp\/v2\/posts\/15935"}],"collection":[{"href":"https:\/\/akdenizolaygazetesi.com\/index.php?rest_route=\/wp\/v2\/posts"}],"about":[{"href":"https:\/\/akdenizolaygazetesi.com\/index.php?rest_route=\/wp\/v2\/types\/post"}],"author":[{"embeddable":true,"href":"https:\/\/akdenizolaygazetesi.com\/index.php?rest_route=\/wp\/v2\/users\/2"}],"replies":[{"embeddable":true,"href":"https:\/\/akdenizolaygazetesi.com\/index.php?rest_route=%2Fwp%2Fv2%2Fcomments&post=15935"}],"version-history":[{"count":1,"href":"https:\/\/akdenizolaygazetesi.com\/index.php?rest_route=\/wp\/v2\/posts\/15935\/revisions"}],"predecessor-version":[{"id":15937,"href":"https:\/\/akdenizolaygazetesi.com\/index.php?rest_route=\/wp\/v2\/posts\/15935\/revisions\/15937"}],"wp:featuredmedia":[{"embeddable":true,"href":"https:\/\/akdenizolaygazetesi.com\/index.php?rest_route=\/wp\/v2\/media\/15936"}],"wp:attachment":[{"href":"https:\/\/akdenizolaygazetesi.com\/index.php?rest_route=%2Fwp%2Fv2%2Fmedia&parent=15935"}],"wp:term":[{"taxonomy":"category","embeddable":true,"href":"https:\/\/akdenizolaygazetesi.com\/index.php?rest_route=%2Fwp%2Fv2%2Fcategories&post=15935"},{"taxonomy":"post_tag","embeddable":true,"href":"https:\/\/akdenizolaygazetesi.com\/index.php?rest_route=%2Fwp%2Fv2%2Ftags&post=15935"}],"curies":[{"name":"wp","href":"https:\/\/api.w.org\/{rel}","templated":true}]}}