{"id":1594,"date":"2020-11-04T18:22:09","date_gmt":"2020-11-04T15:22:09","guid":{"rendered":"http:\/\/mersinekonomipolitikagazetesi.com\/?p=1594"},"modified":"2020-11-04T18:22:09","modified_gmt":"2020-11-04T15:22:09","slug":"hemsireligin-estetik-yonu","status":"publish","type":"post","link":"https:\/\/akdenizolaygazetesi.com\/?p=1594","title":{"rendered":"HEM\u015e\u0130REL\u0130\u011e\u0130N ESTET\u0130K Y\u00d6N\u00dc"},"content":{"rendered":"<p>\u0130\u00e7el Sa\u011fl\u0131k Y\u00fcksekokulu Hem\u015firelik B\u00f6l\u00fcm\u00fc taraf\u0131ndan d\u00fczenlenen \u2018Hem\u015firelik ve Estetik\u2019 konferans\u0131nda hem\u015firelik mesle\u011finin estetik de\u011ferlendirilmesi yap\u0131ld\u0131.<\/p>\n<blockquote type=\"cite\">\n<div dir=\"ltr\">\n<p><span style=\"font-size:16px;\">\u0130\u00e7el Sa\u011fl\u0131k Y\u00fcksekokulu Hem\u015firelik B\u00f6l\u00fcm\u00fc taraf\u0131ndan \u2018Hem\u015firelik ve Estetik\u2019 ba\u015fl\u0131kl\u0131 konferans Prof. Dr. U\u011fur Oral K\u00fclt\u00fcr Merkezinde d\u00fczenlendi. Ger\u00e7ekle\u015fen etkinlikte; Osmangazi \u00dcniversitesi Hem\u015firelik B\u00f6l\u00fcm Ba\u015fkan\u0131 Prof. Dr. Nedime K\u00f6\u015fgero\u011flu ile \u015eair-Yazar Nam\u0131k Kuyumcu konu\u015fmac\u0131 olarak yer ald\u0131.<\/span><\/p>\n<p>\u00a0<\/p>\n<p><span style=\"font-family: sans-serif, Arial, Verdana, 'Trebuchet MS'; font-size: 16px; line-height: 1.6em;\">A\u00e7\u0131l\u0131\u015f konu\u015fmas\u0131n\u0131 yapan Mersin \u00dcniversitesi Hem\u015firelik B\u00f6l\u00fcm Ba\u015fkan\u0131 Do\u00e7. Dr. Meral Alt\u0131ok: \u201cG\u00fcn\u00fcm\u00fczde hem\u015firelik mesle\u011fini sadece bilim noktas\u0131nda ele al\u0131n\u0131yor. Nedime hocam\u0131z bug\u00fcn burada hem\u015fireli\u011fi estetik i\u00e7erisinde sizlere anlatacak.\u201d \u015feklinde konu\u015ftu.<\/span><\/p>\n<p>\u00a0<\/p>\n<p><span style=\"font-size:16px;\">\u201cS\u0130Z FARK YARATMAK ZORUNDASINIZ\u201d<\/span><\/p>\n<p>\u00a0<\/p>\n<p><span style=\"font-size:16px;\">S\u0131v\u0131n\u0131n h\u00fccreye girebilmesi i\u00e7in enerjiye ihtiyac\u0131 oldu\u011funu dile getiren Prof. Dr. Nedime K\u00f6\u015fgero\u011flu: \u201cSizin mutlu olabilmeniz i\u00e7in de \u00f6\u011frenmeye ve bilmeye ihtiyac\u0131n\u0131z var.\u201d \u015feklinde oldu\u011funu belirterek: \u201ciki se\u00e7ene\u011finiz var; Ya do\u011far, b\u00fcy\u00fcr bir i\u015f bulur \u00e7al\u0131\u015f\u0131r, \u00f6l\u00fcrs\u00fcn\u00fcz; Ya da bu hayatta bir iz b\u0131rakmak i\u00e7in kortekse ula\u015f\u0131p hayat\u0131n\u0131z\u0131 \u015fekillendirirsiniz. Siz fark yaratmak zorundas\u0131n\u0131z. Estetik, \u2018hem\u015fireli\u011fi nas\u0131l yap\u0131yorum\u2019 sorusuna verilen cevapta gizlidir. \u0130yi bir hem\u015fire olabilmemiz i\u00e7in; hayat\u0131 sanatsal ve estetik olarak alg\u0131layabilmemiz gerekir. Hem\u015firelik bilim olamaz, insan\u0131n bulundu\u011fu alanda duygular her an de\u011fi\u015fir, insan her an de\u011fi\u015fir\u201d ifadelerini kulland\u0131.<\/span><\/p>\n<div>\n<div aria-label=\"Geni\u015fletilen i\u00e7eri\u011fi gizleyin\" data-tooltip=\"Geni\u015fletilen i\u00e7eri\u011fi gizleyin\" id=\":jz\" role=\"button\" style=\"clear:both;\" tabindex=\"0\"><span style=\"font-size:16px;\"><img src=\"https:\/\/ssl.gstatic.com\/ui\/v1\/icons\/mail\/images\/cleardot.gif\" style=\"height:8px;width:20px;\" \/><\/span><\/div>\n<\/div>\n<div>\n<p>\u00a0<\/p>\n<p><span style=\"font-size:16px;\">\u201cESTET\u0130KSEL OLMAK, HAYATIN KEND\u0130S\u0130N\u0130 SANATSAL KILAB\u0130LMEKT\u0130R\u201d<\/span><\/p>\n<p>\u00a0<\/p>\n<p><span style=\"font-size:16px;\">\u015eair-Yazar Nam\u0131k Kuyumcu ise\u00a0 \u015fu ifadelere yer verdi: \u201c\u0130yi bir \u00e7al\u0131\u015fan olabilmek i\u00e7in hayat\u0131 sanatsal ve estetiksel olarak alg\u0131laman\u0131n \u00f6nemlidir. H\u0131z, haz ve nesne \u00e7a\u011f\u0131nda odaklanma sorunu ya\u015f\u0131yoruz. \u0130nsana ait her \u015feye a\u00e7\u0131k olmal\u0131y\u0131z. Do\u011fmalardan kurulmal\u0131, ele\u015ftirel olabilmeliyiz. Estetiksel olmak, hayat\u0131n kendisini sanatsal k\u0131labilmektir. \u00d6ncelikli olarak kendimizin \u015fiir gibi bir hayat\u0131 olmal\u0131. Siz bu \u00f6z bak\u0131m\u0131 kendinizde ger\u00e7ekle\u015ftirmeden ba\u015fkas\u0131n\u0131nkini ger\u00e7ekle\u015ftiremezsiniz\u201d\u00a0<\/span><\/p>\n<\/div>\n<\/div>\n<\/blockquote>\n","protected":false},"excerpt":{"rendered":"<p>\u0130\u00e7el Sa\u011fl\u0131k Y\u00fcksekokulu Hem\u015firelik B\u00f6l\u00fcm\u00fc taraf\u0131ndan d\u00fczenlenen \u2018Hem\u015firelik ve Estetik\u2019 konferans\u0131nda hem\u015firelik mesle\u011finin estetik de\u011ferlendirilmesi yap\u0131ld\u0131. \u0130\u00e7el Sa\u011fl\u0131k Y\u00fcksekokulu Hem\u015firelik B\u00f6l\u00fcm\u00fc taraf\u0131ndan \u2018Hem\u015firelik ve Estetik\u2019 ba\u015fl\u0131kl\u0131 konferans Prof. Dr. U\u011fur &hellip; <a href=\"https:\/\/akdenizolaygazetesi.com\/?p=1594\" class=\"more-link\">Devam\u0131n\u0131 Oku&#8230;<\/a><\/p>\n","protected":false},"author":1,"featured_media":0,"comment_status":"open","ping_status":"open","sticky":false,"template":"","format":"standard","meta":[],"categories":[],"tags":[],"_links":{"self":[{"href":"https:\/\/akdenizolaygazetesi.com\/index.php?rest_route=\/wp\/v2\/posts\/1594"}],"collection":[{"href":"https:\/\/akdenizolaygazetesi.com\/index.php?rest_route=\/wp\/v2\/posts"}],"about":[{"href":"https:\/\/akdenizolaygazetesi.com\/index.php?rest_route=\/wp\/v2\/types\/post"}],"author":[{"embeddable":true,"href":"https:\/\/akdenizolaygazetesi.com\/index.php?rest_route=\/wp\/v2\/users\/1"}],"replies":[{"embeddable":true,"href":"https:\/\/akdenizolaygazetesi.com\/index.php?rest_route=%2Fwp%2Fv2%2Fcomments&post=1594"}],"version-history":[{"count":0,"href":"https:\/\/akdenizolaygazetesi.com\/index.php?rest_route=\/wp\/v2\/posts\/1594\/revisions"}],"wp:attachment":[{"href":"https:\/\/akdenizolaygazetesi.com\/index.php?rest_route=%2Fwp%2Fv2%2Fmedia&parent=1594"}],"wp:term":[{"taxonomy":"category","embeddable":true,"href":"https:\/\/akdenizolaygazetesi.com\/index.php?rest_route=%2Fwp%2Fv2%2Fcategories&post=1594"},{"taxonomy":"post_tag","embeddable":true,"href":"https:\/\/akdenizolaygazetesi.com\/index.php?rest_route=%2Fwp%2Fv2%2Ftags&post=1594"}],"curies":[{"name":"wp","href":"https:\/\/api.w.org\/{rel}","templated":true}]}}