{"id":15941,"date":"2022-01-03T12:39:27","date_gmt":"2022-01-03T09:39:27","guid":{"rendered":"http:\/\/akdenizolaygazetesi.com\/?p=15941"},"modified":"2022-01-03T12:39:27","modified_gmt":"2022-01-03T09:39:27","slug":"mersinde-kurtulus-haftasi-kutlamalari-basladi","status":"publish","type":"post","link":"https:\/\/akdenizolaygazetesi.com\/?p=15941","title":{"rendered":"MERS\u0130N&#8217;DE &#8216;KURTULU\u015e HAFTASI KUTLAMALARI&#8217; BA\u015eLADI"},"content":{"rendered":"<p>Mersin B\u00fcy\u00fck\u015fehir Belediye Ba\u015fkan\u0131 Vahap Se\u00e7er, Mersin&#8217;in kurtulu\u015funun 100. y\u0131l d\u00f6n\u00fcm\u00fc dolay\u0131s\u0131yla B\u00fcy\u00fck\u015fehir Belediyesi taraf\u0131ndan haz\u0131rlanan &#8216;Mersin 100. Y\u0131l Etkinlik Alan\u0131&#8217;n\u0131n a\u00e7\u0131l\u0131\u015f\u0131n\u0131 ger\u00e7ekle\u015ftirdi. Ba\u015fkan Se\u00e7er, 3 Ocak&#8217;ta Mersin&#8217;in d\u00fc\u015fman i\u015fgalinden kurtulu\u015funun 100. y\u0131l\u0131nda Mersin Metrosu&#8217;nun temel atma t\u00f6renini ger\u00e7ekle\u015ftireceklerini s\u00f6yleyerek; &#8220;T\u00fcm Mersinli hem\u015fehrilerimi bekliyorum&#8221; dedi. Mersin 100. Y\u0131l Etkinlik Alan\u0131&#8217;na vatanda\u015flar\u0131 davet ederek, \u00f6zellikle de ailelere seslenen Ba\u015fkan Se\u00e7er, &#8220;\u00c7ocuklar\u0131m\u0131z\u0131n elinden tutal\u0131m, bu etkinlik alan\u0131na getirelim&#8221; dedi.<br \/>\nMersin 100. Y\u0131l Etkinlik Alan\u0131 Bulu\u015fmalar\u0131 2-9 Ocak tarihlerinde devam edecek. GMK Bulvar\u0131&#8217;nda Forum AVM yan\u0131nda yer alan Etkinlik Alan\u0131&#8217;nda  &#8216;Milli M\u00fccadele, Y\u00fczy\u0131l ve Mersin&#8217;in Haf\u0131zas\u0131 Sergileri&#8217; yer al\u0131rken, \u00fcnl\u00fc edebiyat\u00e7\u0131, akademisyen ve yazarlarla s\u00f6yle\u015filer ger\u00e7ekle\u015ftirilecek. Ayr\u0131ca performanslar ve \u00e7e\u015fitli deneyim alanlar\u0131 da Mersin 100. Y\u0131l Etkinlik Alan\u0131&#8217;nda Mersinlileri bekliyor.<br \/>\nSe\u00e7er: &#8220;Mersin, y\u00f6n\u00fc hep Bat\u0131&#8217;ya d\u00f6n\u00fck bir kenttir&#8221;<br \/>\nEtkinlik Alan\u0131&#8217;n\u0131n a\u00e7\u0131l\u0131\u015f\u0131na; Mersin B\u00fcy\u00fck\u015fehir Belediye Ba\u015fkan\u0131 Vahap Se\u00e7er, CHP Parti Meclisi \u00dcyesi ve Mersin Milletvekili Ali Mahir Ba\u015far\u0131r, CHP Mersin Milletvekili Cengiz G\u00f6k\u00e7el, CHP Mersin Milletvekili Alpay Antmen, Yeni\u015fehir Belediye Ba\u015fkan\u0131 Abdullah \u00d6zyi\u011fit, CHP Parti Meclisi \u00dcyesi Emre Y\u0131lmaz, CHP Mersin \u0130l Ba\u015fkan\u0131 Adil Aktay, Gelecek Partisi Mersin \u0130l Ba\u015fkan\u0131 Hamit Kar\u0131\u015f, Demokrat Parti Mersin \u0130l Ba\u015fkan\u0131 Hasan \u015e\u0131hman, Mersin Ticaret ve Sanayi Odas\u0131 (MTSO) Y\u00f6netim Kurulu Ba\u015fkan\u0131 Ayhan K\u0131z\u0131ltan, MTSO Meclis Ba\u015fkan\u0131 Hamit \u0130zol, Meclis \u00fcyeleri, muhtarlar, siyasi partilerin ve sivil toplum kurulu\u015flar\u0131n\u0131n temsilcileri ile \u00e7ok say\u0131da Mersinli kat\u0131ld\u0131.<br \/>\nMersin 100. Y\u0131l Etkinlik Alan\u0131&#8217;n\u0131n a\u00e7\u0131l\u0131\u015f\u0131nda konu\u015fan Ba\u015fkan Se\u00e7er, 2022 y\u0131l\u0131n\u0131n, 2021 y\u0131l\u0131ndan \u00e7ok daha g\u00fczel olaca\u011f\u0131na inand\u0131\u011f\u0131n\u0131 ve umut etti\u011fini belirtti. Mersin&#8217;in d\u00fc\u015fman i\u015fgalinden kurtulu\u015f m\u00fccadelesinin ger\u00e7ekle\u015fti\u011fi y\u0131llar\u0131 an\u0131msatarak konu\u015fmas\u0131n\u0131 s\u00fcrd\u00fcren Ba\u015fkan Se\u00e7er, &#8220;\u00d6nemle and\u0131\u011f\u0131m\u0131z, \u00f6v\u00fcn\u00e7le kutlad\u0131\u011f\u0131m\u0131z g\u00fcn Mersin&#8217;in Frans\u0131z i\u015fgalinden kurtulu\u015funun 100. y\u0131l d\u00f6n\u00fcm\u00fc. Bir as\u0131r. 3 Ocak g\u00fcn\u00fc Mersin&#8217;in sadece Frans\u0131zlar&#8217;dan kurtulu\u015funun de\u011fil, asl\u0131nda t\u00fcm \u00fclkeyi ilgilendiren T\u00fcrkiye Cumhuriyeti&#8217;nin kurulu\u015funun kilometre ta\u015flar\u0131n\u0131n d\u00f6\u015fenmeye ba\u015fland\u0131\u011f\u0131 g\u00fcnd\u00fcr&#8221; dedi. Se\u00e7er, Ulusal Kurtulu\u015f M\u00fccadelesi&#8217;nde Mersin&#8217;de ya\u015fanan tarihi s\u00fcre\u00e7ten de bahsetti.<br \/>\nUlusal Kurtulu\u015f M\u00fccadelesi&#8217;nde \u00f6nemli bir yeri olan Mersin&#8217;in \u00e7a\u011fda\u015f bir kent oldu\u011funu belirten Ba\u015fkan Se\u00e7er, &#8220;Mersin; y\u00f6n\u00fc hep Bat\u0131&#8217;ya d\u00f6n\u00fck bir kenttir, ayd\u0131n bir kenttir, \u00e7a\u011fda\u015f bir kenttir, at\u0131l\u0131mc\u0131 bir kenttir, Atat\u00fcrk\u00e7\u00fc, devrimci bir kenttir. Daha 1950&#8217;li y\u0131llarda Mersin&#8217;de modern ya\u015fam s\u00fcr\u00fcyordu. Cumhuriyet&#8217;in ilk d\u00f6nemleri; insanlar azimli, \u015fevkli, insanlar\u0131n enerjisi var. \u00c7\u00fcnk\u00fc bir liderleri var; Mustafa Kemal Atat\u00fcrk. Onun g\u00f6sterdi\u011fi yolda emin ad\u0131mlarla y\u00fcr\u00fcd\u00fc o insanlar&#8221; diye konu\u015ftu.<br \/>\n&#8220;Biz vizyoner belediyecili\u011fi hayata ge\u00e7irmeye geldik&#8221;<br \/>\nSe\u00e7er, g\u00f6\u00e7lerle b\u00fcy\u00fcyen Mersin&#8217;de, kendilerine ayr\u0131lan 2 milyon tutar\u0131ndaki kaynakla 2 milyon 400 bin n\u00fcfusa hizmet ettiklerini belirtirken, pandemi d\u00f6neminde ve son g\u00fcnlerde ya\u015fanan ekonomik s\u0131k\u0131nt\u0131lar i\u00e7erisinde hizmetleri ile sosyal belediyecilik destan\u0131 yazd\u0131klar\u0131n\u0131 vurgulad\u0131. Vizyoner belediyecili\u011fi hayata ge\u00e7irdiklerini s\u00f6zlerine ekleyen Ba\u015fkan Se\u00e7er, &#8220;Biz vizyoner belediyecili\u011fi hayata ge\u00e7irece\u011fiz diye geldik. \u0130\u015fte yar\u0131n 3 Ocak 100. kurtulu\u015f y\u0131l d\u00f6n\u00fcm\u00fcm\u00fcz ama Mersin&#8217;de de rayl\u0131 sistemler d\u00f6neminin ba\u015flad\u0131\u011f\u0131 g\u00fcn olacak. Yar\u0131n bizim i\u00e7in \u00e7ok \u00f6nemli, \u00e7ok de\u011ferli bir g\u00fcn. Yar\u0131n sabah saat 09.00&#8217;da Cumhuriyet Meydan\u0131&#8217;nda olaca\u011f\u0131z vatanda\u015flar\u0131m\u0131zla beraber. Hep beraber kurtulu\u015f g\u00fcn\u00fcn\u00fc, o milli g\u00fcn\u00fcn onurunu, \u015ferefini ya\u015fayaca\u011f\u0131z. Herkes bu \u00fclkeye sahip \u00e7\u0131ks\u0131n. Herkesin bu \u00fclke \u00fczerinde hakk\u0131 var. \u00dclkemin de her vatanda\u015f\u0131mdan beklentisi var. Kimse bu memleketi, toplumu \u00f6tekile\u015ftirmesin. Kimse bizden daha milliyet\u00e7i de\u011fil. Bunu duymayan kulaklar duysun. Kimse bu memleketi, bu vatan\u0131 bizden daha \u00e7ok sevmiyor. Bunu duymayan kulaklar duysun, m\u00fch\u00fcrl\u00fc kalpler hissetsin. Buradan hayk\u0131r\u0131yorum. Biz \u00fclkemizi, vatan\u0131m\u0131z\u0131 seviyoruz. Onun i\u00e7in Mustafa Kemal&#8217;in izinden y\u00fcr\u00fcyoruz&#8221; ifadelerine yer verdi.<br \/>\n&#8220;On binlerle beraber Mersin Metrosu&#8217;nun temel atma t\u00f6reni ger\u00e7ekle\u015ftirece\u011fiz&#8221;<br \/>\nSe\u00e7er, 3 Ocak&#8217;\u0131n Mersin i\u00e7in \u00e7ok \u00f6nemli bir g\u00fcn oldu\u011funu ve bu \u00f6nemli g\u00fcnde Cumhuriyet Halk Partisi Genel Ba\u015fkan\u0131 Kemal K\u0131l\u0131\u00e7daro\u011flu ve \u0130Y\u0130 Parti Genel Ba\u015fkan\u0131 Meral Ak\u015fener&#8217;le Mersin Metrosu&#8217;nun temel atma t\u00f6renini ger\u00e7ekle\u015ftireceklerini belirterek, &#8220;Orada halk\u0131m\u0131zla, on binlerle beraber Mersin Metrosu&#8217;nun temel atma t\u00f6reni ger\u00e7ekle\u015ftirece\u011fiz. Mersin&#8217;de rayl\u0131 sistemler d\u00f6nemini ba\u015flataca\u011f\u0131z. Benim hayallerim Mersin&#8217;e s\u0131\u011fm\u0131yor. Benim vizyonum, benim hayallerim gen\u00e7lerimizin vizyonuyla, hayalleriyle \u00f6rt\u00fc\u015f\u00fcyor. Gen\u00e7lerimizle beraber \u00f6nce \u015fehrimizi ama \u00fclkemizi, T\u00fcrkiyemizi cennet vatan\u0131m\u0131z\u0131 \u00e7ok daha ayd\u0131nl\u0131k g\u00fcnlere hep beraber ta\u015f\u0131yaca\u011f\u0131z. Buna can\u0131 y\u00fcrekten inan\u0131yorum&#8221;  dedi.<br \/>\n&#8220;\u00c7ocuklar\u0131m\u0131z\u0131n elinden tutal\u0131m, bu etkinlik alan\u0131na getirelim&#8221;<br \/>\nA\u00e7\u0131l\u0131\u015f\u0131n\u0131 ger\u00e7ekle\u015ftirecekleri Mersin 100. Y\u0131l Etkinlik Alan\u0131&#8217;nda ger\u00e7ekle\u015ftirilecek etkinlikleri anlatarak t\u00fcm Mersinlileri davet eden Ba\u015fkan Se\u00e7er, &#8220;Mersin&#8217;in tarihini gezeceksiniz. \u00c7ok g\u00fczel bir \u00e7al\u0131\u015fma. Y\u00fczy\u0131l Mersin tarihini, m\u00fccadele y\u0131llar\u0131n\u0131 g\u00f6rece\u011fiz. Resimleriyle, objeleriyle, filmleriyle, muazzam bir g\u00f6steri izleyece\u011fiz. Yine T\u00fcrkiyemizde edebiyat\u00e7\u0131, \u015fair, d\u00fc\u015f\u00fcn\u00fcr \u00e7ok de\u011ferli k\u00fclt\u00fcr insanlar\u0131, sanat insanlar\u0131 9 Ocak&#8217;a kadar burada yurtta\u015flar\u0131m\u0131zla sohbet edecekler, birikimlerini aktaracaklar. Ge\u00e7mi\u015fini bilemeyen milletler gelece\u011fini \u015fekillendiremez. \u00d6zellikle ailelerimizden \u015funu istiyorum; \u00e7ocuklar\u0131m\u0131za nereden geldi\u011fimizi g\u00f6stermeliyiz, tarihimizi \u00f6\u011fretmeliyiz. \u0130\u015fte Mersin B\u00fcy\u00fck\u015fehir Belediyesi bu muazzam ortam\u0131 sa\u011fl\u0131yor. Mersinli hem\u015fehrilerimi davet ediyorum. Ailelerimizden \u015funu istiyorum; \u00e7ocuklar\u0131m\u0131z\u0131n elinden tutal\u0131m, bu etkinlik alan\u0131na getirelim. Burada Mersin&#8217;in tarihini g\u00f6rs\u00fcnler. Bu cennet vatan nas\u0131l kendilerine miras b\u0131rak\u0131lm\u0131\u015f g\u00f6rs\u00fcnler. Onlarda bir fark\u0131ndal\u0131k olu\u015ftursunlar&#8221;  diye konu\u015ftu.<br \/>\nSe\u00e7er son olarak Mersin&#8217;in 100. y\u0131l kurtulu\u015f co\u015fkusuna ve metronun temel atma t\u00f6renine vatanda\u015flar\u0131 davet ederek, &#8220;Yar\u0131n sabah 09.00&#8217;da Cumhuriyet Alan\u0131&#8217;nda 3 Ocak co\u015fkusunu hep beraber kutlayaca\u011f\u0131z. \u00d6\u011flenden sonra yine ayn\u0131 yerde Cumhuriyet Alan\u0131&#8217;nda saat 15.00&#8217;te Say\u0131n Kemal K\u0131l\u0131\u00e7daro\u011flu ve Say\u0131n Meral Ak\u015fener&#8217;in onurland\u0131raca\u011f\u0131 temel atma t\u00f6renine t\u00fcm Mersinli hem\u015fehrilerimi bekliyorum&#8221; dedi.<br \/>\nBa\u015far\u0131r: &#8220;E\u011fer hizmet g\u00f6rmek istiyorlarsa Mersin&#8217;e baks\u0131nlar&#8221;<br \/>\nCHP Parti Meclisi \u00dcyesi ve Mersin Milletvekili Ali Mahir Ba\u015far\u0131r, metronun temelinin at\u0131lacak olmas\u0131ndan dolay\u0131 onurlu ve gururlu olduklar\u0131n\u0131 ifade ederken, &#8220;3 Ocak bizim i\u00e7in bir onur g\u00fcn\u00fc. Ama yar\u0131n da ba\u015fka bir onuru daha ya\u015fayaca\u011f\u0131z. T\u00fcm Mersinliler Cumhuriyet Alan\u0131&#8217;nda olmal\u0131. \u00c7\u00fcnk\u00fc ilk kez Mersin&#8217;imize metro geliyor. Hani hizmet diyorlar ya, e\u011fer hizmet g\u00f6rmek istiyorlarsa Mersin&#8217;e baks\u0131nlar, Say\u0131n Belediye Ba\u015fkan\u0131m\u0131za baks\u0131nlar, belediye ba\u015fkanlar\u0131m\u0131za baks\u0131nlar. Emek nedir, d\u00fcr\u00fcstl\u00fck nedir, halka dokunmak nedir Mersin&#8217;de g\u00f6rs\u00fcnler&#8221; dedi.<br \/>\nG\u00f6k\u00e7el: &#8221; Metro bir gururdur. Bu gurur b\u00fct\u00fcn Mersinlilerindir&#8221;<br \/>\nCHP Mersin Milletvekili Cengiz G\u00f6k\u00e7el, Mersin&#8217;in kurtulu\u015funun 100. y\u0131l\u0131n\u0131n ve temeli at\u0131lacak metronun kendilerini olduk\u00e7a mutlu etti\u011fini belirterek, \u015funlar\u0131 s\u00f6yledi:<br \/>\n&#8220;Gazi Mustafa Kemal Atat\u00fcrk&#8217;\u00fcn bizlere hedef koydu\u011fu o muas\u0131r medeniyetler \u00e7izgisi; burada, Mersin&#8217;de, B\u00fcy\u00fck\u015fehir Belediye Ba\u015fkan\u0131m\u0131z Say\u0131n Vahap Se\u00e7er&#8217;in asr\u0131n projesi olan metro in\u015faat\u0131n\u0131n temel atma t\u00f6reni i\u015fte o muas\u0131r medeniyet \u00e7izgisinde bir ilktir, bir temeldir. Ben burada sizlerin de huzurunda Say\u0131n B\u00fcy\u00fck\u015fehir Belediye Ba\u015fkan\u0131m\u0131z\u0131 can\u0131 y\u00fcrekten kutluyorum. Bir gururdur metro. Bu gurur asl\u0131nda b\u00fct\u00fcn Mersinlilerindir, b\u00fct\u00fcn T\u00fcrkiye Cumhuriyeti vatanda\u015flar\u0131n\u0131nd\u0131r.&#8221;<br \/>\nAntmen: &#8220;Mersin bir marka kent olarak Ba\u015fkan\u0131m\u0131z Vahap Se\u00e7er&#8217;le y\u0131ld\u0131z gibi parl\u0131yor&#8221;<br \/>\nCHP Mersin Milletvekili Alpay Antmen, Mersin&#8217;in 100 y\u0131l \u00f6nce d\u00fc\u015fman i\u015fgalinden kurtulu\u015funun 100. y\u0131l\u0131n\u0131 gururla kutlad\u0131klar\u0131n\u0131 s\u00f6ylerken, kutlamalar\u0131n metro temel atma t\u00f6reni ile ta\u00e7lanaca\u011f\u0131n\u0131 s\u00f6zlerine ekleyerek; &#8220;100 y\u0131ll\u0131k Mersin&#8217;in bir d\u00fc\u015f\u00fc vard\u0131. O 100 y\u0131ll\u0131k d\u00fc\u015f yar\u0131n at\u0131lacak temelle metro in\u015faat\u0131nda ta\u00e7lanacak. Mersin \u00e7ok g\u00fczel bir kent ve sosyal belediyecilik anlam\u0131nda \u00e7ok g\u00fczel \u015feyler yap\u0131l\u0131yor. Mersin bir marka kenti olarak B\u00fcy\u00fck\u015fehir Belediye Ba\u015fkan\u0131m\u0131z Vahap Se\u00e7er&#8217;le y\u0131ld\u0131z gibi parl\u0131yor. Mersin&#8217;in d\u00fc\u015fman i\u015fgalinden kurtulu\u015funun 100. y\u0131l d\u00f6n\u00fcm\u00fcn\u00fc kutlarken, her \u015fey g\u00f6nl\u00fcn\u00fczce olsun. G\u00fczel bir 2022 olsun&#8221; ifadelerini kulland\u0131.<br \/>\nY\u0131lmaz: &#8220;Kat\u0131l\u0131mc\u0131 belediyecilik noktas\u0131nda yarat\u0131lan katma de\u011ferden gen\u00e7ler olarak \u00e7ok mutluyuz&#8221;<br \/>\nCHP Parti Meclisi \u00dcyesi Emre Y\u0131lmaz da 3 Ocak&#8217;\u0131n \u00f6nemine de\u011finen bir konu\u015fma yapt\u0131. Y\u0131lmaz, &#8220;Bizler belki yeni bir ku\u015fa\u011f\u0131z. Ben 89 do\u011fumluyum. 30&#8217;lu ya\u015flar\u0131n hen\u00fcz ba\u015f\u0131nday\u0131m. Ge\u00e7mi\u015fte 1919&#8217;la ba\u015flayan hik\u00e2ye 68 ku\u015fa\u011f\u0131 ile devam etti ama bug\u00fcn bamba\u015fka bir ku\u015fak var ve o ku\u015fa\u011f\u0131 yakalayabilen ve bu yenilikle birlikte bunu s\u00fcrd\u00fcr\u00fclebilir hale getiren bir anlay\u0131\u015fla Mersin y\u00f6netiliyor. Biz o y\u00fczden \u00e7ok mutluyuz. Kat\u0131l\u0131mc\u0131 belediyecilik noktas\u0131nda yarat\u0131lan bu katma de\u011ferden gen\u00e7ler olarak \u00e7ok mutluyuz&#8221; diye konu\u015ftu.<br \/>\nAktay: &#8220;100 y\u0131l \u00f6nce Mersin&#8217;i i\u015fgalden kurtaran g\u00fc\u00e7 yine dimdik ayaktad\u0131r&#8221;<br \/>\nCHP Mersin \u0130l Ba\u015fkan\u0131 Adil Aktay, \u00f6rg\u00fctl\u00fc bir halk\u0131n kar\u015f\u0131s\u0131nda emperyalizmin kaybetmeye mahk\u00fbm oldu\u011fundan bahsederek, &#8220;100 y\u0131l \u00f6nce Mersin&#8217;i i\u015fgalden kurtaran g\u00fc\u00e7, yine dimdik ayaktad\u0131r. Bug\u00fcn de dimdik ayaktad\u0131r. O g\u00fc\u00e7 Anadolu&#8217;nun birlik ve b\u00fct\u00fcnl\u00fc\u011f\u00fcnden, karde\u015fli\u011finden do\u011fan g\u00fc\u00e7t\u00fcr. O g\u00fc\u00e7 halk\u0131n egemenli\u011fine, milleti, milli iradenin g\u00fcc\u00fcd\u00fcr&#8221; dedi.<br \/>\nKonu\u015fmalar\u0131n ard\u0131ndan Ba\u015fkan Se\u00e7er ve protokol \u00fcyeleri taraf\u0131ndan Mersin 100. Y\u0131l Etkinlik Alan\u0131&#8217;n\u0131n a\u00e7\u0131l\u0131\u015f kurdelesi kesildi. Daha sonra Ba\u015fkan Se\u00e7er ve protokol \u00fcyeleri Milli M\u00fccadele, Y\u00fczy\u0131l ve Mersin&#8217;in Haf\u0131zas\u0131 Sergileri&#8217;ni gezdi. Ba\u015fkan Se\u00e7er Etkinlik Alan\u0131&#8217;nda Mersin&#8217;e ait tarihi g\u00f6rsellerin dijital bir kurgu ile yeniden \u015fekillendirildi\u011fi 100. Y\u0131l Dijital Deneyim Alan\u0131&#8217;n\u0131 da inceleme f\u0131rsat\u0131 buldu.<br \/>\nEtkinlik Alan\u0131 Mersinlilerin be\u011fenisini toplad\u0131<br \/>\nEtkinlik Alan\u0131&#8217;n\u0131 ziyaret eden vatanda\u015flar da memnuniyetlerini belirtip, Mersinlileri davet etti. Ziyaret\u00e7ilerden Rezan Tars, o d\u00f6nemler kay\u0131nvalidesi ve kay\u0131npederinin Atat\u00fcrk&#8217;\u00fc Tarsus&#8217;ta misafir etti\u011fini belirterek, kay\u0131npederini anlatt\u0131. Tars, \u015funlar\u0131 s\u00f6yledi; &#8220;Tarsus&#8217;un ilk doktoru. \u0130stanbullu ama Tarsus&#8217;a yerle\u015fmi\u015fler. Tarsus&#8217;u o kadar \u00e7ok sevmi\u015f ki &#8216;benim v\u00fccudumu Tarsus topraklar\u0131 tahlil etsin&#8217; demi\u015f Doktor Ali Bey ve Frans\u0131zlar Doktor Ali Bey&#8217;i idamla yarg\u0131lam\u0131\u015flar. Son g\u00fcn doktor bir meslekta\u015f\u0131 idamdan kurtarm\u0131\u015f.&#8221; Etkinlik Alan\u0131&#8217;n\u0131n da \u00f6zenilerek haz\u0131rland\u0131\u011f\u0131n\u0131 belirten Tars, gen\u00e7leri bu alana beklediklerini vurgulayarak; &#8220;Gen\u00e7lere bunlar\u0131 g\u00f6stermek laz\u0131m. Hi\u00e7bir \u015feyden haberleri yok. Tarihi bilmiyor gen\u00e7lerimiz&#8221; dedi. Ziyaret\u00e7ilerden Filiz \u00d6zg\u00fcr de gen\u00e7lere seslenerek; &#8220;Gen\u00e7lerin b\u00f6yle \u015feylere \u00f6nem vermesini, de\u011ferlendirmesini isterim&#8221; diye konu\u015ftu.<br \/>\nGen\u00e7lerden Sezen K\u0131rm\u0131z\u0131er ise &#8220;Buras\u0131 \u00e7ok g\u00fczel bir etkinlik yeri oldu. Gelip gezebilece\u011fimiz, tarihi \u00f6\u011frenebilece\u011fimiz bir yer olmas\u0131 \u00e7ok iyi oldu. Gelip g\u00f6rmek, bir \u015feyler \u00f6\u011frenmek \u00e7ok g\u00fczel&#8221; ifadelerine yer verdi. Ziyaret\u00e7ilerden Mersin Engelsiz K\u00fclt\u00fcr Sanat Derne\u011fi Y\u00f6neticisi Zeynep Eren Say\u0131n, \u015funlar\u0131 s\u00f6yledi; &#8220;Vahap Ba\u015fkan Mersin i\u00e7in inan\u0131lmaz bir belediye ba\u015fkan\u0131. A\u00e7\u0131l\u0131\u015f konu\u015fmalar\u0131n\u0131 dinledim. B\u00fct\u00fcn hayallerimizi konu\u015ftular. \u0130n\u015fallah o hayaller ger\u00e7e\u011fe d\u00f6n\u00fc\u015fecek. Buras\u0131 da ay\u0131n 9&#8217;una kadar buras\u0131 a\u00e7\u0131k. K\u00fc\u00e7\u00fck o\u011flum 3 ya\u015f\u0131nda, onu bile getirece\u011fim. \u00c7\u00fcnk\u00fc vatan\u0131m\u0131z\u0131, bayra\u011f\u0131m\u0131z\u0131, Ata&#8217;m\u0131z\u0131 tan\u0131malar\u0131 ve bilmeleri gerek&#8221; ifadelerine yer verdi.<br \/>\nB\u00fcy\u00fck\u015fehir&#8217;den 100. y\u0131l i\u00e7in dolu dolu bir etkinlik takvimi<br \/>\nA\u00e7\u0131l\u0131\u015f\u0131n ard\u0131ndan program kapsam\u0131nda ilk olarak Mecit Bask\u0131n&#8217;\u0131n moderat\u00f6rl\u00fc\u011f\u00fcnde &#8216;Mersin K\u00fclt\u00fcr Sanat\u0131n\u0131n 100 Y\u0131ll\u0131k \u00d6yk\u00fcs\u00fc ve \u0130\u00e7el Sanat Kul\u00fcb\u00fc&#8217; s\u00f6yle\u015fisi ger\u00e7ekle\u015fti. S\u00f6yle\u015fide Prof. Dr. Candan \u00dclk\u00fc, Ziya Ayk\u0131n ve Ali Merzeci konu\u015fmac\u0131 olarak yer ald\u0131. G\u00fcn sonunda ise Sinan Meydan, &#8216;Kurtulu\u015ftan Kurulu\u015fa&#8217; s\u00f6yle\u015fisiyle Mersinlilerle bir araya geldi. 3 Ocak&#8217;ta ise CHP Genel Ba\u015fkan\u0131 Kemal K\u0131l\u0131\u00e7daro\u011flu ve \u0130Y\u0130 Parti Genel Ba\u015fkan\u0131 Meral Ak\u015fener de sergiyi ziyaret edecek. Etkinlik Alan\u0131&#8217;nda 9 Ocak&#8217;a kadar Ataol Behramo\u011flu, Nebil \u00d6zgent\u00fcrk, Sunay Ak\u0131n, \u00dcmit Alan, Bar\u0131\u015f \u0130nce, Ate\u015f \u0130lyas Ba\u015fsoy, \u00d6zlem G\u00fcrses, Semihi Vural, Haydar Erg\u00fclen, Murat Mente\u015f, Revhat Arslan, Ahmet Ye\u015fil, Ali Lidar, Kutub \u015eim\u015fek, \u00d6m\u00fcr \u00dczel, Meral Se\u00e7er, Nept\u00fcn Soyer, Ayhan K\u0131z\u0131ltan, Turan Ali \u00c7a\u011flar, Abdullah Ayan ve Mirza Turgut gibi bir\u00e7ok isim, ger\u00e7ekle\u015fecek s\u00f6yle\u015filerde konu\u015fmac\u0131 olarak yer alacak. Etkinlik Alan\u0131 program\u0131 Mersin B\u00fcy\u00fck\u015fehir Belediyesi&#8217;nin sosyal medya hesaplar\u0131ndan detayl\u0131 olarak payla\u015f\u0131ld\u0131.<\/p>\n","protected":false},"excerpt":{"rendered":"<p>Mersin B\u00fcy\u00fck\u015fehir Belediye Ba\u015fkan\u0131 Vahap Se\u00e7er, Mersin&#8217;in kurtulu\u015funun 100. y\u0131l d\u00f6n\u00fcm\u00fc dolay\u0131s\u0131yla B\u00fcy\u00fck\u015fehir Belediyesi taraf\u0131ndan haz\u0131rlanan &#8216;Mersin 100. Y\u0131l Etkinlik Alan\u0131&#8217;n\u0131n a\u00e7\u0131l\u0131\u015f\u0131n\u0131 ger\u00e7ekle\u015ftirdi. Ba\u015fkan Se\u00e7er, 3 Ocak&#8217;ta Mersin&#8217;in d\u00fc\u015fman i\u015fgalinden &hellip; <a href=\"https:\/\/akdenizolaygazetesi.com\/?p=15941\" class=\"more-link\">Devam\u0131n\u0131 Oku&#8230;<\/a><\/p>\n","protected":false},"author":2,"featured_media":15942,"comment_status":"open","ping_status":"open","sticky":false,"template":"","format":"standard","meta":[],"categories":[2,3],"tags":[],"_links":{"self":[{"href":"https:\/\/akdenizolaygazetesi.com\/index.php?rest_route=\/wp\/v2\/posts\/15941"}],"collection":[{"href":"https:\/\/akdenizolaygazetesi.com\/index.php?rest_route=\/wp\/v2\/posts"}],"about":[{"href":"https:\/\/akdenizolaygazetesi.com\/index.php?rest_route=\/wp\/v2\/types\/post"}],"author":[{"embeddable":true,"href":"https:\/\/akdenizolaygazetesi.com\/index.php?rest_route=\/wp\/v2\/users\/2"}],"replies":[{"embeddable":true,"href":"https:\/\/akdenizolaygazetesi.com\/index.php?rest_route=%2Fwp%2Fv2%2Fcomments&post=15941"}],"version-history":[{"count":1,"href":"https:\/\/akdenizolaygazetesi.com\/index.php?rest_route=\/wp\/v2\/posts\/15941\/revisions"}],"predecessor-version":[{"id":15943,"href":"https:\/\/akdenizolaygazetesi.com\/index.php?rest_route=\/wp\/v2\/posts\/15941\/revisions\/15943"}],"wp:featuredmedia":[{"embeddable":true,"href":"https:\/\/akdenizolaygazetesi.com\/index.php?rest_route=\/wp\/v2\/media\/15942"}],"wp:attachment":[{"href":"https:\/\/akdenizolaygazetesi.com\/index.php?rest_route=%2Fwp%2Fv2%2Fmedia&parent=15941"}],"wp:term":[{"taxonomy":"category","embeddable":true,"href":"https:\/\/akdenizolaygazetesi.com\/index.php?rest_route=%2Fwp%2Fv2%2Fcategories&post=15941"},{"taxonomy":"post_tag","embeddable":true,"href":"https:\/\/akdenizolaygazetesi.com\/index.php?rest_route=%2Fwp%2Fv2%2Ftags&post=15941"}],"curies":[{"name":"wp","href":"https:\/\/api.w.org\/{rel}","templated":true}]}}