{"id":15944,"date":"2022-01-03T12:40:59","date_gmt":"2022-01-03T09:40:59","guid":{"rendered":"http:\/\/akdenizolaygazetesi.com\/?p=15944"},"modified":"2022-01-03T12:40:59","modified_gmt":"2022-01-03T09:40:59","slug":"buyuksehir-engelsiz-yasam-parkinin-uyeleri-tarsusta-unutamayacaklari-bir-gun-yasadi","status":"publish","type":"post","link":"https:\/\/akdenizolaygazetesi.com\/?p=15944","title":{"rendered":"B\u00dcY\u00dcK\u015eEH\u0130R ENGELS\u0130Z YA\u015eAM PARKI&#8217;NIN \u00dcYELER\u0130 TARSUS&#8217;TA UNUTAMAYACAKLARI B\u0130R G\u00dcN YA\u015eADI"},"content":{"rendered":"<p>Mersin B\u00fcy\u00fck\u015fehir Belediyesi&#8217;nin engelleri kald\u0131rmak ad\u0131na \u00f6zel gereksinimli bireyler ve aileleri i\u00e7in ger\u00e7ekle\u015ftirdi\u011fi \u00e7al\u0131\u015fmalar t\u00fcm h\u0131z\u0131yla s\u00fcr\u00fcyor. B\u00fcy\u00fck\u015fehir Belediyesi Engelliler ve Sa\u011fl\u0131k Hizmetleri Dairesi b\u00fcnyesinde faaliyet y\u00fcr\u00fcten Engelsiz Ya\u015fam Park\u0131&#8217;n\u0131n \u00f6zel gereksinimli bireyleri ve aileleri Tarsus&#8217;ta unutamayacaklar\u0131 bir g\u00fcn ya\u015fad\u0131.<\/p>\n<p>Tarsus&#8217;un tarihi noktalar\u0131 olan K\u0131rkka\u015f\u0131k Bedesteni, Eshab-\u0131 Kehf, Ulu Cami, Eski Tarsus Evleri Soka\u011f\u0131 ve St. Paul Kuyusu&#8217;nu gezen B\u00fcy\u00fck\u015fehir Belediyesi Engelsiz Ya\u015fam Merkezi&#8217;nin 9-16 ya\u015f grubunu olu\u015fturan \u00f6zel gereksinimli bireyleri, Gen\u00e7lik Kamp\u0131&#8217;nda zaman ge\u00e7irdikten sonra, Tarsus Do\u011fa Park\u0131&#8217;na giderek daha \u00f6nce hi\u00e7 g\u00f6rmedikleri hayvan t\u00fcrlerini yak\u0131ndan g\u00f6rme imk\u00e2n\u0131 buldu.<\/p>\n<p>&#8220;Hem anneler hem de \u00e7ocuklar mutlu&#8221;<\/p>\n<p>B\u00fcy\u00fck\u015fehir Belediyesi Engelsiz Ya\u015fam Park\u0131 Beden E\u011fitimi \u00d6\u011fretmeni B\u00fc\u015fra Endes d\u00fczenlenen etkinli\u011fin i\u00e7eri\u011finden bahsederek, &#8220;\u00c7ocuklar\u0131m\u0131z\u0131 Engelsiz Ya\u015fam Park\u0131&#8217;nda zaten farkl\u0131 bran\u015flarda sosyal anlamda destekliyoruz. Bu so\u011fuk k\u0131\u015f g\u00fcnlerinde de \u00e7ocuklar\u0131m\u0131z\u0131n biraz i\u00e7leri \u0131s\u0131ns\u0131n, gezelim, g\u00f6relim, \u00f6\u011frenelim diye iki tane grup olu\u015fturduk. Bu grubun bir tanesi 9-16 ya\u015f grubu. Hem e\u011fleniyorlar hem de akran ya\u015f gruplar\u0131yla sosyalle\u015fiyorlar. Onlar \u00e7ok mutlular. Ayn\u0131 zamanda bu etkinliklere annelerimizi de d\u00e2hil ettik. Hem anneler hem de \u00e7ocuklar mutlu&#8221; dedi.<\/p>\n<p>Engelsiz Ya\u015fam Park\u0131&#8217;n\u0131n hizmetlerinden faydalanan \u00f6zel gereksinimli Baran Ayg\u00fcn&#8217;\u00fcn annesi Selma Ayg\u00fcn de verilen hizmetten dolay\u0131 mutlu olduklar\u0131n\u0131 kaydederek, &#8220;\u00c7ocuklara b\u00f6yle bir imk\u00e2n tan\u0131d\u0131\u011f\u0131n\u0131z i\u00e7in \u00e7ok te\u015fekk\u00fcr ediyorum. Organizasyondan \u00e7ok memnunuz, \u00e7ok mutluyuz, \u00e7ocuklar\u0131m\u0131z \u00e7ok mutlu. \u00c7e\u015fitli hayvanlar\u0131 tan\u0131ma f\u0131rsatlar\u0131 oluyor&#8221; diye konu\u015ftu.<\/p>\n<p>&#8220;B\u00f6yle bir organizasyona kat\u0131lmak bizi \u00e7ok mutlu etti&#8221;<\/p>\n<p>\u00d6zel gereksinimli bir \u00e7ocuk annesi olan Bet\u00fcl Tosun da yap\u0131lan etkinli\u011fin kendilerini mutlu etti\u011fini ifade ederek, &#8220;Engelsiz Ya\u015fam Park\u0131&#8217;na ba\u015flad\u0131ktan sonra \u00e7ocu\u011fumda g\u00fczel bir ilerleme kaydettik ve b\u00f6yle bir organizasyon oldu\u011fu i\u00e7in \u00e7ok ama \u00e7ok te\u015fekk\u00fcr ederiz. Ger\u00e7ekten i\u00e7inde yer almak bize \u00e7ok g\u00fczel \u015feyler kat\u0131yor. \u00c7ok g\u00fczel an\u0131lar biriktiriyoruz. Hele bu pandemi s\u00fcrecinde uzun bir s\u00fcre evde kalman\u0131n s\u0131k\u0131nt\u0131lar\u0131n\u0131 ya\u015fad\u0131ktan sonra b\u00f6yle bir organizasyona kat\u0131lmak bizi \u00e7ok mutlu etti. B\u00fcy\u00fck\u015fehir Belediye Ba\u015fkan\u0131m\u0131za da sevgi ve selamlar\u0131m\u0131z\u0131 iletiriz&#8221; ifadelerine yer verdi.<\/p>\n<p>Engelsiz Ya\u015fam Merkezi&#8217;nin \u00f6zel gereksinimli bireylerinden Ecrin Tosun ise &#8220;Ben Tarsus&#8217;a geldim. \u00c7ok mutluyum, \u00e7ok da sevin\u00e7liyim. Hayvanlara bakt\u0131\u011f\u0131m i\u00e7in \u00e7ok heyecanl\u0131y\u0131m, sevgilerimle&#8221; dedi.<\/p>\n","protected":false},"excerpt":{"rendered":"<p>Mersin B\u00fcy\u00fck\u015fehir Belediyesi&#8217;nin engelleri kald\u0131rmak ad\u0131na \u00f6zel gereksinimli bireyler ve aileleri i\u00e7in ger\u00e7ekle\u015ftirdi\u011fi \u00e7al\u0131\u015fmalar t\u00fcm h\u0131z\u0131yla s\u00fcr\u00fcyor. B\u00fcy\u00fck\u015fehir Belediyesi Engelliler ve Sa\u011fl\u0131k Hizmetleri Dairesi b\u00fcnyesinde faaliyet y\u00fcr\u00fcten Engelsiz Ya\u015fam Park\u0131&#8217;n\u0131n &hellip; <a href=\"https:\/\/akdenizolaygazetesi.com\/?p=15944\" class=\"more-link\">Devam\u0131n\u0131 Oku&#8230;<\/a><\/p>\n","protected":false},"author":2,"featured_media":15945,"comment_status":"open","ping_status":"open","sticky":false,"template":"","format":"standard","meta":[],"categories":[3,5],"tags":[],"_links":{"self":[{"href":"https:\/\/akdenizolaygazetesi.com\/index.php?rest_route=\/wp\/v2\/posts\/15944"}],"collection":[{"href":"https:\/\/akdenizolaygazetesi.com\/index.php?rest_route=\/wp\/v2\/posts"}],"about":[{"href":"https:\/\/akdenizolaygazetesi.com\/index.php?rest_route=\/wp\/v2\/types\/post"}],"author":[{"embeddable":true,"href":"https:\/\/akdenizolaygazetesi.com\/index.php?rest_route=\/wp\/v2\/users\/2"}],"replies":[{"embeddable":true,"href":"https:\/\/akdenizolaygazetesi.com\/index.php?rest_route=%2Fwp%2Fv2%2Fcomments&post=15944"}],"version-history":[{"count":1,"href":"https:\/\/akdenizolaygazetesi.com\/index.php?rest_route=\/wp\/v2\/posts\/15944\/revisions"}],"predecessor-version":[{"id":15946,"href":"https:\/\/akdenizolaygazetesi.com\/index.php?rest_route=\/wp\/v2\/posts\/15944\/revisions\/15946"}],"wp:featuredmedia":[{"embeddable":true,"href":"https:\/\/akdenizolaygazetesi.com\/index.php?rest_route=\/wp\/v2\/media\/15945"}],"wp:attachment":[{"href":"https:\/\/akdenizolaygazetesi.com\/index.php?rest_route=%2Fwp%2Fv2%2Fmedia&parent=15944"}],"wp:term":[{"taxonomy":"category","embeddable":true,"href":"https:\/\/akdenizolaygazetesi.com\/index.php?rest_route=%2Fwp%2Fv2%2Fcategories&post=15944"},{"taxonomy":"post_tag","embeddable":true,"href":"https:\/\/akdenizolaygazetesi.com\/index.php?rest_route=%2Fwp%2Fv2%2Ftags&post=15944"}],"curies":[{"name":"wp","href":"https:\/\/api.w.org\/{rel}","templated":true}]}}