{"id":15950,"date":"2022-01-03T21:03:10","date_gmt":"2022-01-03T18:03:10","guid":{"rendered":"http:\/\/akdenizolaygazetesi.com\/?p=15950"},"modified":"2022-01-03T21:03:10","modified_gmt":"2022-01-03T18:03:10","slug":"baskan-secer-mersinin-kurtulusunun-100-yil-kutlamalarina-katildi","status":"publish","type":"post","link":"https:\/\/akdenizolaygazetesi.com\/?p=15950","title":{"rendered":"BA\u015eKAN SE\u00c7ER, MERS\u0130N&#8217;\u0130N KURTULU\u015eU&#8217;NUN 100. YIL KUTLAMALARINA KATILDI"},"content":{"rendered":"<p>Mersin B\u00fcy\u00fck\u015fehir Belediye Ba\u015fkan\u0131 Vahap Se\u00e7er, Mersin Valili\u011fi&#8217;nin ev sahipli\u011finde d\u00fczenlenen 3 Ocak Mersin&#8217;in D\u00fc\u015fman \u0130\u015fgalinden Kurtulu\u015funun 100. Y\u0131l\u0131 Kutlama Program\u0131&#8217;na kat\u0131ld\u0131. Ba\u015fkan Se\u00e7er, zafer i\u00e7in a\u011f\u0131r bedeller \u00f6dendi\u011finden s\u00f6z ederek, &#8220;Mersin&#8217;in kurtulu\u015fu, sadece bir \u015fehrin kurtulu\u015fu de\u011fildir. Mersin&#8217;in kurtulu\u015fu, t\u00fcm \u00c7ukurova&#8217;n\u0131n, Anadolu&#8217;nun ve hatta bir vatan\u0131n kurtulu\u015fudur&#8221; dedi.<\/p>\n<p>Kutlama Program\u0131 Tren Gar\u0131&#8217;ndan ba\u015flad\u0131<\/p>\n<p>Mersin B\u00fcy\u00fck\u015fehir Belediyesi Halk Oyunlar\u0131 Ekibi&#8217;nin g\u00f6sterisi ile Mersin Tren Gar\u0131&#8217;ndan ba\u015flayan t\u00f6rende, trenle istasyona gelen muharip gazilerden olu\u015fan temsili heyet kar\u015f\u0131land\u0131. Kar\u015f\u0131laman\u0131n ard\u0131ndan Tren Gar\u0131&#8217;ndan Cumhuriyet Meydan\u0131&#8217;na kadar Mersin B\u00fcy\u00fck\u015fehir Belediye Bandosu e\u015fli\u011finde y\u00fcr\u00fcy\u00fc\u015f yap\u0131ld\u0131.<\/p>\n<p>Programda Mersin Valisi Ali \u0130hsan Su, Akdeniz B\u00f6lge ve Garnizon Komutan\u0131 Tu\u011famiral Fuat Gedik, Mersin B\u00fcy\u00fck\u015fehir Belediye Ba\u015fkan\u0131 Vahap Se\u00e7er ile milletvekilleri, il\u00e7e belediye ba\u015fkanlar\u0131, sivil toplum kurulu\u015flar\u0131 ve oda ba\u015fkanlar\u0131 ile siyasi parti temsilcileri, gaziler, \u00f6\u011frenciler ve vatanda\u015flar yer ald\u0131. Azerbaycan&#8217;dan gelen Karaba\u011f Gazileri de kurtulu\u015fun 100. y\u0131l\u0131nda Mersin&#8217;deki t\u00f6rene kat\u0131ld\u0131.<\/p>\n<p>Y\u00fcr\u00fcy\u00fc\u015f\u00fcn ard\u0131ndan Cumhuriyet Meydan\u0131&#8217;nda devam eden t\u00f6rende, Mersin Valisi Ali \u0130hsan Su, Akdeniz B\u00f6lge ve Garnizon Komutan\u0131 Tu\u011famiral Fuat Gedik ve Mersin B\u00fcy\u00fck\u015fehir Belediye Ba\u015fkan\u0131 Vahap Se\u00e7er Atat\u00fcrk An\u0131t\u0131&#8217;na \u00e7elenk sundu. Sayg\u0131 duru\u015funun ard\u0131ndan \u0130stikl\u00e2l Mar\u015f\u0131 e\u015fli\u011finde \u015fanl\u0131 T\u00fcrk Bayra\u011f\u0131 g\u00f6ndere \u00e7ekildi.  Vali Su, Akdeniz B\u00f6lge ve Garnizon Komutan\u0131 Gedik ile Ba\u015fkan Se\u00e7er t\u00f6rene kat\u0131lanlar\u0131n ve halk\u0131n &#8216;Kurtulu\u015f G\u00fcn\u00fc&#8217;n\u00fc kutlad\u0131. \u00d6\u011frenci Esme Aslan taraf\u0131ndan okunan &#8216;Akdeniz&#8217;in \u0130ncisi&#8217; \u015fiirinin ard\u0131ndan, Akdeniz B\u00f6lge ve Garnizon Komutanl\u0131\u011f\u0131&#8217;ndan Binba\u015f\u0131 Dilhan Tuzkaya, g\u00fcn\u00fcn anlam ve \u00f6nemini belirten konu\u015fmas\u0131n\u0131 yapt\u0131.<\/p>\n<p>&#8220;Kurucu de\u011ferler bizim vicdan ve gelecek haritam\u0131zd\u0131r&#8221;<\/p>\n<p>B\u00fcy\u00fck\u015fehir Belediyesi Halk Oyunlar\u0131 Ekibi&#8217;nin g\u00f6sterisinin ard\u0131ndan konu\u015fan Ba\u015fkan Se\u00e7er, &#8220;Bug\u00fcn 3 Ocak. Tam 100 y\u0131l \u00f6nce, burada ne ya\u015fand\u0131? Az \u00f6tede; tam da bu saatlerde, i\u015fgalcilerin kararg\u00e2h olarak kulland\u0131\u011f\u0131 Eski H\u00fck\u00fcmet Kona\u011f\u0131&#8217;ndaki Frans\u0131z Bayra\u011f\u0131 indirildi. Yerine T\u00fcrk Bayra\u011f\u0131 \u00e7ekildi. \u0130\u015fgal kuvvetleri G\u00fcmr\u00fck \u0130skelesi&#8217;nden gemilerine binerek Mersin&#8217;i terk etti. 100 y\u0131l \u00f6nce burada ya\u015fananlar b\u00f6lgesel hatta k\u00fcresel dengeleri k\u00f6k\u00fcnden de\u011fi\u015ftirecek muazzam bir tarihsel k\u0131r\u0131lman\u0131n e\u015fsiz anlar\u0131yd\u0131. \u00d6zg\u00fcrl\u00fc\u011f\u00fcm\u00fczden ne pahas\u0131na olursa olsun vazge\u00e7emeyece\u011fimizi t\u00fcm d\u00fcnyaya g\u00f6sterdik. Bu kolay olmad\u0131. Tarih bu direni\u015fi yazd\u0131. O g\u00fcnleri asla unutmayaca\u011f\u0131z. Bu kurucu de\u011ferler bizim vicdan ve gelecek haritam\u0131zd\u0131r. 100. y\u0131l hepimize kutlu olsun&#8221; dedi.<\/p>\n<p>&#8220;Tarihimizi bilmezsek yolumuzu asla bulamay\u0131z&#8221;<\/p>\n<p>Zafer i\u00e7in a\u011f\u0131r bedeller \u00f6dendi\u011finden s\u00f6z eden Se\u00e7er, &#8220;Bakiyesi ise kurucu de\u011ferlerimiz oldu. Tarihimizi bilmezsek yolumuzu asla bulamay\u0131z. Biz bu kadim topraklarda \u00f6zg\u00fcr ve karde\u015f\u00e7e ya\u015fad\u0131k, ya\u015f\u0131yoruz ve ya\u015famaya devam edece\u011fiz. B\u00fct\u00fcn tarih\u00e7ilerin dikkatini \u00e7ekmek istiyorum; Mustafa Kemal, 5 Kas\u0131m 1918&#8217;de Mersin&#8217;deydi. 19 May\u0131s 1919&#8217;dan \u00e7ok \u00f6nce. Kurtulu\u015f Sava\u015f\u0131&#8217;n\u0131n haz\u0131rl\u0131klar\u0131na i\u015fte o g\u00fcn burada, Karamanc\u0131lar Kona\u011f\u0131&#8217;nda gizli toplant\u0131 ile ba\u015fland\u0131. &#8216;As\u0131l sava\u015f \u015fimdi ba\u015fl\u0131yor&#8217; diyerek Ulusal Kurtulu\u015f M\u00fccadelemizin ilk ad\u0131m\u0131n\u0131 bu topraklardan att\u0131. Bug\u00fcn restorasyonunu yapt\u0131\u011f\u0131m\u0131z Karamanc\u0131lar Kona\u011f\u0131&#8217;ndaki o toplant\u0131dan T\u00fcrkiye&#8217;nin kurtulu\u015f re\u00e7etesi \u00e7\u0131kt\u0131. Mersinliler olarak i\u015fte o g\u00fcn sesine ses verdik Mustafa Kemal&#8217;in. \u0130\u015fte bu nedenle, Mersin&#8217;in kurtulu\u015fu, sadece bir \u015fehrin kurtulu\u015fu de\u011fildir. Mersin&#8217;in kurtulu\u015fu, t\u00fcm \u00c7ukurova&#8217;n\u0131n, Anadolu&#8217;nun ve hatta bir vatan\u0131n kurtulu\u015fudur&#8221; diye konu\u015ftu.<\/p>\n<p>&#8220;Biz Mersiniz. Ho\u015fg\u00f6r\u00fc ve adaletin miras\u00e7\u0131lar\u0131y\u0131z&#8221;<\/p>\n<p>Se\u00e7er, tarihte y\u00fcz\u00fcn\u00fc daima Bat\u0131&#8217;ya d\u00f6nm\u00fc\u015f olan Mersin&#8217;in Cumhuriyet&#8217;in ilk y\u0131llar\u0131nda da arka arkaya at\u0131l\u0131mlar yapt\u0131\u011f\u0131ndan bahsederek, &#8220;Biz Mersiniz. Ho\u015fg\u00f6r\u00fc ve adaletin miras\u00e7\u0131lar\u0131y\u0131z. Bu e\u015fsiz mirasa sahip \u00e7\u0131kmak hepimizin sorumlulu\u011fudur. Tarihte y\u00fcz\u00fcn\u00fc daima Bat\u0131&#8217;ya d\u00f6nm\u00fc\u015f olan kentimiz, Cumhuriyet&#8217;in ilk y\u0131llar\u0131nda da arka arkaya at\u0131l\u0131mlar yapm\u0131\u015ft\u0131r. Gayrim\u00fcslim ailelerin kentimizin karakterine sinmi\u015f zenginle\u015ftirici k\u00fclt\u00fcrel motiflerini de unutmamak gerekir. O nedenle, y\u00fczy\u0131llard\u0131r b\u00fcy\u00fck bir \u00f6zenle ya\u015fatt\u0131\u011f\u0131m\u0131z bar\u0131\u015f, ho\u015fg\u00f6r\u00fc ve karde\u015flik ruhu bizim ortak g\u00fcc\u00fcm\u00fczd\u00fcr. Bu kentin de\u011ferini bilen, de\u011ferine de\u011fer katmak i\u00e7in m\u00fccadele veren herkes Mersinlidir ve hem\u015fehrimizdir. T\u00fcm Mersinliler e\u015fit haklara sahip vatanda\u015flar\u0131m\u0131zd\u0131r. Bu d\u00fcn de b\u00f6yleydi, bug\u00fcn ve yar\u0131n da b\u00f6yle kalacakt\u0131r&#8221; ifadelerini kulland\u0131.<\/p>\n<p>&#8220;Hi\u00e7 \u015f\u00fcphe yok ki Mersin, ge\u00e7en 100 y\u0131l i\u00e7inde \u00e7ok \u00f6nemli s\u0131\u00e7ramalar ger\u00e7ekle\u015ftirmi\u015ftir&#8221;<\/p>\n<p>Bir yerde istikrar ve g\u00fcven oldu\u011funda orada \u00f6nce huzurun oldu\u011funu, huzur oldu\u011funda da kalk\u0131nma, refah ve ekonomik geli\u015fmenin var olaca\u011f\u0131n\u0131 s\u00f6zlerine ekleyen Se\u00e7er, &#8220;Bu ger\u00e7ek \u00fclkeler i\u00e7in oldu\u011fu kadar kentler i\u00e7in de ge\u00e7erlidir. Hi\u00e7 \u015f\u00fcphe yok ki Mersin, ge\u00e7en 100 y\u0131l i\u00e7inde \u00e7ok \u00f6nemli s\u0131\u00e7ramalar ger\u00e7ekle\u015ftirmi\u015ftir. Mersin, 1950&#8217;li y\u0131llarda \u00e7ay bah\u00e7elerinde canl\u0131 m\u00fczik dinlenen, Cumhuriyet Balolar\u0131 d\u00fczenlenen, Ak Kahvesi&#8217;nde \u015fiir, m\u00fczik etkinlikleri yap\u0131lan, sinemas\u0131, tiyatrosu olan sade bir Avrupa k\u0131y\u0131 kenti g\u00f6r\u00fcn\u00fcm\u00fcndeydi.  M\u00fcfide \u0130lhan; o y\u0131llarda T\u00fcrkiye&#8217;nin ilk kad\u0131n belediye ba\u015fkan\u0131 olarak g\u00f6rev yapt\u0131. Ard\u0131 ard\u0131na kurulan Mersin Liman\u0131, Ata\u015f Rafinerisi, \u015ei\u015fe Cam gibi yat\u0131r\u0131mlar kentimizin oldu\u011fu kadar \u00fclkemizin de b\u00fcy\u00fcy\u00fcp geli\u015fmesine \u00f6nemli katk\u0131lar sundu. 70&#8217;ler, 80&#8217;ler, 90&#8217;lar Mersin&#8217;i sosyolojik olarak d\u00f6n\u00fc\u015ft\u00fcrd\u00fc. Afetler, zorunlu ikamet politikalar\u0131, ter\u00f6r, sava\u015flar ve ekonomik krizler, tar\u0131m ve sanayile\u015fme Mersin&#8217;i daima bir \u00e7ekim merkezi yapt\u0131. G\u00f6\u00e7 dalgalar\u0131 toplumumuzda derin fay hatlar\u0131na, gettola\u015fmalara ve \u00e7at\u0131\u015fmalara yol a\u00e7mak yerine karde\u015fle\u015fmeyi do\u011furdu. Mersin bug\u00fcn resmi olarak 2 milyona yakla\u015fan n\u00fcfusa sahiptir. Ancak 400 bin s\u0131\u011f\u0131nmac\u0131ya da ev sahipli\u011fi yapmaktad\u0131r. \u00c7ok a\u011f\u0131r bir y\u00fckt\u00fcr. Mersin \u00f6z\u00fcmseme kapasitesi ve kabiliyeti ile bu g\u00f6\u00e7 dalgas\u0131yla da ba\u015fa \u00e7\u0131kmaya \u00e7al\u0131\u015fmaktad\u0131r. \u015eehrimizin resmi n\u00fcfusuna g\u00f6re bize ayr\u0131lan kaynaklar\u0131 s\u0131\u011f\u0131nmac\u0131 y\u00fck\u00fcyle birlikte harcamak zorunda kal\u0131yoruz. Yani 2 milyon i\u00e7in sa\u011flanan kaynaklar, 2.4 milyon insan i\u00e7in harcan\u0131yor&#8221; dedi.<\/p>\n<p>Ba\u015fkan Se\u00e7er, \u015f\u00f6yle devam etti:<\/p>\n<p>&#8220;2021 y\u0131l\u0131 zor ge\u00e7ti. Pandeminin yaratt\u0131\u011f\u0131 tahribat ve ekonomik kriz hepimizi \u00e7ok yordu. Di\u011fer taraftan genel siyasetin yaratt\u0131\u011f\u0131 gerginlik ve kutupla\u015fma, yerel y\u00f6netimlerle merkezi idare aras\u0131nda sorunlara sebebiyet vermektedir. Bilmeliyiz ki bu durum hepimize kaybettiriyor. Oysa Mersin yeni bir \u00e7a\u011fa giriyor. T\u00fcm d\u00fcnya Do\u011fu Akdeniz&#8217;in \u00f6nemini her ge\u00e7en g\u00fcn daha iyi anlamaktad\u0131r.&#8221;<\/p>\n<p>Se\u00e7er, Do\u011fu Akdeniz&#8217;in stratejik \u00f6neminin \u00f6n\u00fcm\u00fczdeki y\u0131llarda daha da artaca\u011f\u0131n\u0131 ifade ederek, Mersin&#8217;in b\u00f6lgesinde ve Do\u011fu Akdeniz \u00e7ana\u011f\u0131nda tar\u0131m, ticaret, enerji, turizm, sanayi ve lojistik merkezi haline gelmesi i\u00e7in hak etti\u011fi yat\u0131r\u0131mlara bir an \u00f6nce kavu\u015fturulmas\u0131 gerekti\u011fini s\u00f6yledi. \u00d6nemli yat\u0131r\u0131mlar\u0131n baz\u0131lar\u0131n\u0131 an\u0131msatan Ba\u015fkan Se\u00e7er, &#8220;Sadece Mersin&#8217;i de\u011fil t\u00fcm \u00c7ukurova&#8217;y\u0131 yeni bir \u00e7a\u011fa ta\u015f\u0131yacak \u00c7ukurova Havaliman\u0131 bir an \u00f6nce bitirilmeli ve hizmete al\u0131nmal\u0131d\u0131r. D\u00fcnya lojistik a\u011flar\u0131n\u0131n Do\u011fu Akdeniz&#8217;deki en stratejik kap\u0131s\u0131 olan Mersin&#8217;e yap\u0131lacak olan Ana Konteyner Liman\u0131&#8217;n\u0131n yat\u0131r\u0131m programlar\u0131na ve imar planlar\u0131na yans\u0131d\u0131\u011f\u0131 \u015fekliyle bir an \u00f6nce hayata ge\u00e7irilmesi Mersin i\u00e7in \u00e7ok \u00f6nemli bir konudur. Hi\u00e7 kimse bu yat\u0131r\u0131m\u0131n Mersin&#8217;den ba\u015fka bir yere kayd\u0131r\u0131lmas\u0131n\u0131 asla d\u00fc\u015f\u00fcnmesin. Mersin-Antalya aras\u0131ndaki Akdeniz Sahil Yolu Projesi ve bu yolun \u00c7e\u015fmeli-Ta\u015fucu otoyol b\u00f6l\u00fcm\u00fc de bir an \u00f6nce bitirilmelidir. Mersin&#8217;e sulama ve i\u00e7me suyu temin etmek ama\u00e7l\u0131 yap\u0131m\u0131 s\u00fcren Pamukluk Baraj\u0131&#8217;n\u0131n i\u00e7me suyu isale hatt\u0131, ar\u0131tma ve su depolar\u0131 yat\u0131r\u0131m\u0131n\u0131n yap\u0131lmas\u0131 Mersin i\u00e7in \u00e7ok \u00f6nemlidir. MESK\u0130 ile DS\u0130 aras\u0131ndaki protokol gere\u011fi bu yat\u0131r\u0131mlar\u0131 DS\u0130&#8217;nin yapmas\u0131 gerekiyor. \u015eu anda DS\u0130&#8217;nin yat\u0131r\u0131m program\u0131nda ama yat\u0131r\u0131mlar hen\u00fcz ba\u015flamam\u0131\u015f durumda. Mersin-Tarsus sahil band\u0131 projesini de kapsayan turizm b\u00f6lgelerinin bir an \u00f6nce hayata ge\u00e7irilmesi i\u00e7in ba\u015fta gerekli yat\u0131r\u0131m te\u015fvikleri olmak \u00fczere Mersin turizmine t\u00fcm destekler verilmelidir&#8221; dedi.<\/p>\n<p>&#8220;Kentimizi hep beraber gelece\u011fe ta\u015f\u0131mal\u0131y\u0131z&#8221;<\/p>\n<p>Mersin&#8217;in, genel b\u00fct\u00e7eye sa\u011flad\u0131\u011f\u0131 vergi gelirleri ile T\u00fcrkiye&#8217;de 5&#8217;inci, 6&#8217;nc\u0131 s\u0131rada oldu\u011funu s\u00f6yleyen Ba\u015fkan Se\u00e7er, &#8220;Uzun y\u0131llard\u0131r i\u00e7 ve d\u0131\u015f g\u00f6\u00e7lere maruz kalm\u0131\u015f, g\u00f6\u00e7\u00fcn t\u00fcm y\u00fck\u00fcn\u00fc ta\u015f\u0131m\u0131\u015f Mersin&#8217;e merkezi h\u00fck\u00fcmetin pozitif ayr\u0131mc\u0131l\u0131k yapmas\u0131 ka\u00e7\u0131n\u0131lmazd\u0131r. Toplumsal bar\u0131\u015f\u0131 zehirleyen gelir da\u011f\u0131l\u0131m\u0131 adaletsizli\u011finin ortadan kald\u0131r\u0131lmas\u0131 gereklilikten \u00f6te bir zorunluluk halini alm\u0131\u015ft\u0131r. \u0130nsan\u0131 ve \u00e7evreyi oda\u011f\u0131na alan, istihdam sa\u011flayan, katma de\u011feri y\u00fcksek \u00fcretimle tar\u0131mdan ticarete, sanayiden turizm ve lojisti\u011fe kadar her alanda g\u00fc\u00e7l\u00fc potansiyeli olan kentimizi hep beraber gelece\u011fe ta\u015f\u0131mal\u0131y\u0131z. 100 y\u0131l \u00f6nce nas\u0131l ba\u015fard\u0131ysak, yine \u00f6yle ba\u015faraca\u011f\u0131z. Daha modern, daha \u00e7a\u011fda\u015f, kalk\u0131nm\u0131\u015f daha g\u00fczel bir Mersin&#8217;i, daha g\u00fczel bir T\u00fcrkiye&#8217;yi hep birlikte in\u015fa edece\u011fiz. Biz istiyoruz ki Mersin&#8217;de ve t\u00fcm d\u00fcnyada bar\u0131\u015f, refah, huzur ve bereket olsun&#8221; dedi.<\/p>\n<p>&#8220;Metro, Mersin&#8217;in 100. y\u0131l\u0131nda bu \u015fehre yap\u0131lacak onlarca projenin amiral gemisidir&#8221;<\/p>\n<p>2022 y\u0131l\u0131nda t\u00fcm d\u00fcnyada; bar\u0131\u015f\u0131n, sevginin, adaletin, demokrasinin ve ho\u015fg\u00f6r\u00fcn\u00fcn hakim olmas\u0131n\u0131 diledi\u011fini s\u00f6zlerine ekleyen Ba\u015fkan Se\u00e7er,  gen\u00e7lere seslenerek; &#8220;2022 y\u0131l\u0131 i\u00e7inde \u00f6nce kendimize inanmal\u0131y\u0131z.  \u0130nanmal\u0131y\u0131z ki ba\u015far\u0131l\u0131 olal\u0131m. Tam bu noktada gen\u00e7lere seslenmek istiyorum; bug\u00fcn burada metromuzun temelini ataca\u011f\u0131z. Bug\u00fcn\u00fc Mersin a\u00e7\u0131s\u0131ndan sadece rayl\u0131 sistemler d\u00f6nemine ge\u00e7i\u015fin bir e\u015fi\u011fi olarak d\u00fc\u015f\u00fcnmeyin. Metro yat\u0131r\u0131m\u0131, Mersin&#8217;in 100. y\u0131l\u0131nda bu \u015fehre yap\u0131lacak onlarca projenin amiral gemisidir. Mersin B\u00fcy\u00fck\u015fehir Belediye Ba\u015fkan\u0131 olarak Mersin vizyonum sizin gelecek hayallerinizle \u00f6rt\u00fc\u015f\u00fcyor. Benim gelecek hayallerim Mersin&#8217;in bug\u00fcn\u00fcne s\u0131\u011fm\u0131yor. Sizin de hayallerinizin s\u0131\u011fmad\u0131\u011f\u0131n\u0131 biliyorum. Sizlerle Mersin&#8217;i yeni \u00e7a\u011fa ta\u015f\u0131yaca\u011f\u0131z. Millet olarak, 100 y\u0131l \u00f6nce kurtulu\u015f m\u00fccadelesi i\u00e7in sava\u015fmay\u0131 ve zafer kazanmay\u0131 bildi\u011fimiz gibi yeni \u00e7a\u011fda da bilimle, ak\u0131lla, k\u00fclt\u00fcrle, sanatla nice zaferler kazanaca\u011f\u0131z&#8221; dedi.<\/p>\n<p>Ba\u015fkan Se\u00e7er, a\u00e7\u0131l\u0131\u015f\u0131n\u0131 yapt\u0131klar\u0131 100. Y\u0131l Etkinlik Alan\u0131&#8217;na da Mersinlileri davet ederek; &#8220;Milli M\u00fccadele&#8217;yi, Mersin&#8217;in 100 y\u0131l\u0131n\u0131 anlatan \u00e7ok k\u0131ymetli sergiler, birbirinden de\u011ferli isimlerle s\u00f6yle\u015filer, m\u00fczik dinletileri ve g\u00f6rsel deneyimler orada halk\u0131m\u0131z\u0131 bekliyor. B\u00fcy\u00fck \u00d6nderimiz Gazi Mustafa Kemal Atat\u00fcrk ba\u015fta olmak \u00fczere, vatan\u0131 u\u011fruna hayatlar\u0131n\u0131 feda eden \u015fehitlerimizi rahmet ve \u015f\u00fckranla an\u0131yorum&#8221; diye konu\u015ftu. Kutlama program\u0131 Jandarma Genel Komutanl\u0131\u011f\u0131 taraf\u0131ndan yap\u0131lan helikopterli g\u00f6sterinin ard\u0131ndan sona erdi. Daha sonra Mersin Valisi Ali \u0130hsan Su, Akdeniz B\u00f6lge ve Garnizon Komutan\u0131 Tu\u011famiral Fuat Gedik ve Mersin B\u00fcy\u00fck\u015fehir Belediye Ba\u015fkan\u0131 Vahap Se\u00e7er Muharip Gazileri dernek binas\u0131n\u0131 ziyaret etti.<\/p>\n","protected":false},"excerpt":{"rendered":"<p>Mersin B\u00fcy\u00fck\u015fehir Belediye Ba\u015fkan\u0131 Vahap Se\u00e7er, Mersin Valili\u011fi&#8217;nin ev sahipli\u011finde d\u00fczenlenen 3 Ocak Mersin&#8217;in D\u00fc\u015fman \u0130\u015fgalinden Kurtulu\u015funun 100. Y\u0131l\u0131 Kutlama Program\u0131&#8217;na kat\u0131ld\u0131. Ba\u015fkan Se\u00e7er, zafer i\u00e7in a\u011f\u0131r bedeller \u00f6dendi\u011finden s\u00f6z &hellip; <a href=\"https:\/\/akdenizolaygazetesi.com\/?p=15950\" class=\"more-link\">Devam\u0131n\u0131 Oku&#8230;<\/a><\/p>\n","protected":false},"author":2,"featured_media":15951,"comment_status":"open","ping_status":"open","sticky":false,"template":"","format":"standard","meta":[],"categories":[2,3,5],"tags":[],"_links":{"self":[{"href":"https:\/\/akdenizolaygazetesi.com\/index.php?rest_route=\/wp\/v2\/posts\/15950"}],"collection":[{"href":"https:\/\/akdenizolaygazetesi.com\/index.php?rest_route=\/wp\/v2\/posts"}],"about":[{"href":"https:\/\/akdenizolaygazetesi.com\/index.php?rest_route=\/wp\/v2\/types\/post"}],"author":[{"embeddable":true,"href":"https:\/\/akdenizolaygazetesi.com\/index.php?rest_route=\/wp\/v2\/users\/2"}],"replies":[{"embeddable":true,"href":"https:\/\/akdenizolaygazetesi.com\/index.php?rest_route=%2Fwp%2Fv2%2Fcomments&post=15950"}],"version-history":[{"count":1,"href":"https:\/\/akdenizolaygazetesi.com\/index.php?rest_route=\/wp\/v2\/posts\/15950\/revisions"}],"predecessor-version":[{"id":15952,"href":"https:\/\/akdenizolaygazetesi.com\/index.php?rest_route=\/wp\/v2\/posts\/15950\/revisions\/15952"}],"wp:featuredmedia":[{"embeddable":true,"href":"https:\/\/akdenizolaygazetesi.com\/index.php?rest_route=\/wp\/v2\/media\/15951"}],"wp:attachment":[{"href":"https:\/\/akdenizolaygazetesi.com\/index.php?rest_route=%2Fwp%2Fv2%2Fmedia&parent=15950"}],"wp:term":[{"taxonomy":"category","embeddable":true,"href":"https:\/\/akdenizolaygazetesi.com\/index.php?rest_route=%2Fwp%2Fv2%2Fcategories&post=15950"},{"taxonomy":"post_tag","embeddable":true,"href":"https:\/\/akdenizolaygazetesi.com\/index.php?rest_route=%2Fwp%2Fv2%2Ftags&post=15950"}],"curies":[{"name":"wp","href":"https:\/\/api.w.org\/{rel}","templated":true}]}}