{"id":15953,"date":"2022-01-03T21:04:42","date_gmt":"2022-01-03T18:04:42","guid":{"rendered":"http:\/\/akdenizolaygazetesi.com\/?p=15953"},"modified":"2022-01-03T21:04:42","modified_gmt":"2022-01-03T18:04:42","slug":"binlerce-mersinli-3-ocak-zafer-yuruyusunde-tek-yurek-oldu","status":"publish","type":"post","link":"https:\/\/akdenizolaygazetesi.com\/?p=15953","title":{"rendered":"B\u0130NLERCE MERS\u0130NL\u0130, 3 OCAK ZAFER Y\u00dcR\u00dcY\u00dc\u015e\u00dc&#8217;NDE TEK Y\u00dcREK OLDU"},"content":{"rendered":"<p>Mersinliler; 3 Ocak Zafer Y\u00fcr\u00fcy\u00fc\u015f\u00fc&#8217;nde bir araya gelerek, kalpaklar\u0131yla, bayraklar\u0131yla, mar\u015flarla,  mehteran e\u015fli\u011finde Toroslar&#8217;dan Cumhuriyet Meydan\u0131&#8217;na kadar y\u00fcr\u00fcd\u00fc.<\/p>\n<p>Toroslar Belediye Ba\u015fkan\u0131 Ats\u0131z Af\u015f\u0131n Y\u0131lmaz&#8217;\u0131n \u00f6nc\u00fcl\u00fc\u011f\u00fcnde ger\u00e7ekle\u015fen y\u00fcr\u00fcy\u00fc\u015fte, 7&#8217;den 70&#8217;e herkes tek y\u00fcrek olarak milli m\u00fccadele ruhu ve heyecan\u0131yla t\u00fcm T\u00fcrkiye&#8217;ye \u00f6rnek oldu.<\/p>\n<p>Binlerce Mersinli ile birlikte kol kola girerek y\u00fcr\u00fcyen Ba\u015fkan Y\u0131lmaz; &#8220;3 Ocak&#8217;\u0131n ruhuna yara\u015f\u0131r bir y\u00fcr\u00fcy\u00fc\u015f ger\u00e7ekle\u015ftirdik. Her zaman yan\u0131m\u0131zda olan, y\u00fcr\u00fcy\u00fc\u015f\u00fcm\u00fcze destek veren t\u00fcm hem\u015fehrilerime te\u015fekk\u00fcr ediyorum&#8221; dedi.<\/p>\n<p>Toroslar Belediyesi&#8217;nin, 3 Ocak Mersin&#8217;in D\u00fc\u015fman \u0130\u015fgalinden Kurtulu\u015fu&#8217;nun 100. y\u0131l d\u00f6n\u00fcm\u00fcnde d\u00fczenlendi\u011fi &#8220;Geleneksel 3 Ocak Zafer Y\u00fcr\u00fcy\u00fc\u015f\u00fc&#8221;, co\u015fkuyla yap\u0131ld\u0131.<\/p>\n<p>Mersin&#8217;in d\u00f6rt bir yan\u0131ndan gelen binlerce ki\u015fi Atalar\u0131n\u0131n miras\u0131na sahip \u00e7\u0131kt\u0131. Sabah\u0131n erken saatlerinde Belediye binas\u0131 \u00f6n\u00fcnde toplanan vatanda\u015flara Toroslar Belediyesince milli m\u00fccadelenin simgesi kalpak hediye edilirken, ayn\u0131 zamanda s\u0131cak \u00e7orba ikram\u0131nda da bulunuldu.<\/p>\n<p>Y\u00fcr\u00fcy\u00fc\u015f \u00f6ncesinde, ba\u015fta Cumhuriyetimizin kurucusu Ulu \u00d6nderimiz Gazi Mustafa Kemal Atat\u00fcrk olmak \u00fczere t\u00fcm \u015fehitlerimiz i\u00e7in belediye \u00f6n\u00fcnde bir t\u00f6ren d\u00fczenlendi.<\/p>\n<p>Sayg\u0131 duru\u015fu ve \u0130stiklal Mar\u015f\u0131&#8217;n\u0131n okunmas\u0131yla ba\u015flayan y\u00fcr\u00fcy\u00fc\u015f; MHP Mersin Milletvekilleri Olcay K\u0131lavuz ve Baki \u015eim\u015fek, Toroslar \u0130l\u00e7e Kaymakam\u0131 \u0130brahim \u00c7enet, MHP MYK \u00dcyesi Serdar Soydan, MHP Mersin \u0130l Ba\u015fkan\u0131 Zeynel U\u011fur G\u00f6lgeli, AK Parti Mersin \u0130l Ba\u015fkan\u0131 Cesim Ercik, Belediye Ba\u015fkanlar\u0131, Te\u015fkilat Ba\u015fkanlar\u0131, sivil toplum kurulu\u015flar\u0131n\u0131n temsilcileri, gaziler, mahalle muhtarlar\u0131 ve binlerce vatanda\u015f\u0131n kat\u0131l\u0131m\u0131yla ger\u00e7ekle\u015fti.<\/p>\n<p>Toroslar Belediye binas\u0131 \u00f6n\u00fcnden ba\u015flayarak Kuvayi Milliye Caddesi, Hastane Caddesi, \u0130stiklal Caddesi ve Sakarya Caddesi g\u00fczergah\u0131ndan Cumhuriyet Meydan\u0131&#8217;na kadar s\u00fcren y\u00fcr\u00fcy\u00fc\u015fte temsili Elif&#8217;in Ka\u011fn\u0131s\u0131 ve s\u0131rt\u0131nda cepheye mermi ta\u015f\u0131yan Nene Hatunlar da tarihi yeniden canland\u0131rd\u0131.<\/p>\n<p>Mersin&#8217;deki kurtulu\u015f co\u015fkusunu g\u00f6r\u00fcnt\u00fclemek isteyenler ise cep telefonlar\u0131na sar\u0131l\u0131rken, evlerinin ve i\u015fyerlerinin balkonlar\u0131na \u00e7\u0131kan vatanda\u015flar da korteje T\u00fcrk Bayraklar\u0131yla ve alk\u0131\u015flar\u0131yla destek verdi.<\/p>\n<p>Ba\u015fkan Y\u0131lmaz; &#8220;Her 3 Ocak&#8217;ta Y\u00fcreklerimiz Bir Ba\u015fka \u00c7arp\u0131yor&#8221;<\/p>\n<p>Binlerce Mersinli ile birlikte kol kola girerek mar\u015flar ve mehteran e\u015fli\u011finde y\u00fcr\u00fcyen Toroslar Belediye Ba\u015fkan\u0131 Ats\u0131z Af\u015f\u0131n Y\u0131lmaz, Kuvayi Milliye ruhunu bir kez daha ya\u015fatarak Mersin&#8217;e ve atalar\u0131n\u0131n emanetine sahip \u00e7\u0131kan t\u00fcm hem\u015fehrilerine te\u015fekk\u00fcr etti.<\/p>\n<p>Ba\u015fkan Y\u0131lmaz ; &#8220;Bug\u00fcn 3 Ocak Mersin&#8217;in kurtulu\u015f g\u00fcn\u00fc. Bug\u00fcn Kuvayi Milliye ve Milli irade bayram\u0131. \u0130ngilizler, Frans\u0131zlar b\u00f6lgemizi i\u015fgal ettiler. Ermeni \u00e7etecileri de halka zul\u00fcm ettiler. Kuvayi Milliyeciler bir araya geldi. Milli iradeyle, Ulu \u00d6nderimiz Gazi Mustafa Kemal Atat\u00fcrk&#8217;\u00fcn \u00f6nderli\u011finde, liderli\u011finde Kurtulu\u015f Sava\u015f\u0131m\u0131z\u0131 verdik. Ba\u011f\u0131ms\u0131zl\u0131\u011f\u0131m\u0131za kavu\u015ftuk. 3 Ocak Zafer Y\u00fcr\u00fcy\u00fc\u015f\u00fcm\u00fcz\u00fc bu y\u0131l da gururla, co\u015fkuyla, birlik beraberlik i\u00e7inde ger\u00e7ekle\u015ftirdik. T\u00fcm hem\u015fehrilerime can\u0131 g\u00f6n\u00fclden te\u015fekk\u00fcr ediyorum. Mersinimizin D\u00fc\u015fman \u0130\u015fgalinden Kurtulu\u015fu&#8217;nun 100. y\u0131l d\u00f6n\u00fcm\u00fc kutlu olsun&#8221; diye konu\u015ftu.<\/p>\n","protected":false},"excerpt":{"rendered":"<p>Mersinliler; 3 Ocak Zafer Y\u00fcr\u00fcy\u00fc\u015f\u00fc&#8217;nde bir araya gelerek, kalpaklar\u0131yla, bayraklar\u0131yla, mar\u015flarla, mehteran e\u015fli\u011finde Toroslar&#8217;dan Cumhuriyet Meydan\u0131&#8217;na kadar y\u00fcr\u00fcd\u00fc. Toroslar Belediye Ba\u015fkan\u0131 Ats\u0131z Af\u015f\u0131n Y\u0131lmaz&#8217;\u0131n \u00f6nc\u00fcl\u00fc\u011f\u00fcnde ger\u00e7ekle\u015fen y\u00fcr\u00fcy\u00fc\u015fte, 7&#8217;den 70&#8217;e herkes &hellip; <a href=\"https:\/\/akdenizolaygazetesi.com\/?p=15953\" class=\"more-link\">Devam\u0131n\u0131 Oku&#8230;<\/a><\/p>\n","protected":false},"author":2,"featured_media":15954,"comment_status":"open","ping_status":"open","sticky":false,"template":"","format":"standard","meta":[],"categories":[2,3,5],"tags":[],"_links":{"self":[{"href":"https:\/\/akdenizolaygazetesi.com\/index.php?rest_route=\/wp\/v2\/posts\/15953"}],"collection":[{"href":"https:\/\/akdenizolaygazetesi.com\/index.php?rest_route=\/wp\/v2\/posts"}],"about":[{"href":"https:\/\/akdenizolaygazetesi.com\/index.php?rest_route=\/wp\/v2\/types\/post"}],"author":[{"embeddable":true,"href":"https:\/\/akdenizolaygazetesi.com\/index.php?rest_route=\/wp\/v2\/users\/2"}],"replies":[{"embeddable":true,"href":"https:\/\/akdenizolaygazetesi.com\/index.php?rest_route=%2Fwp%2Fv2%2Fcomments&post=15953"}],"version-history":[{"count":1,"href":"https:\/\/akdenizolaygazetesi.com\/index.php?rest_route=\/wp\/v2\/posts\/15953\/revisions"}],"predecessor-version":[{"id":15955,"href":"https:\/\/akdenizolaygazetesi.com\/index.php?rest_route=\/wp\/v2\/posts\/15953\/revisions\/15955"}],"wp:featuredmedia":[{"embeddable":true,"href":"https:\/\/akdenizolaygazetesi.com\/index.php?rest_route=\/wp\/v2\/media\/15954"}],"wp:attachment":[{"href":"https:\/\/akdenizolaygazetesi.com\/index.php?rest_route=%2Fwp%2Fv2%2Fmedia&parent=15953"}],"wp:term":[{"taxonomy":"category","embeddable":true,"href":"https:\/\/akdenizolaygazetesi.com\/index.php?rest_route=%2Fwp%2Fv2%2Fcategories&post=15953"},{"taxonomy":"post_tag","embeddable":true,"href":"https:\/\/akdenizolaygazetesi.com\/index.php?rest_route=%2Fwp%2Fv2%2Ftags&post=15953"}],"curies":[{"name":"wp","href":"https:\/\/api.w.org\/{rel}","templated":true}]}}