{"id":15956,"date":"2022-01-03T21:06:13","date_gmt":"2022-01-03T18:06:13","guid":{"rendered":"http:\/\/akdenizolaygazetesi.com\/?p=15956"},"modified":"2022-01-03T21:06:13","modified_gmt":"2022-01-03T18:06:13","slug":"kuvayi-milliye-karargahi-mersinin-kurtulusunun-100-yil-donumunde-acildi","status":"publish","type":"post","link":"https:\/\/akdenizolaygazetesi.com\/?p=15956","title":{"rendered":"&#8220;KUVAY\u0130 M\u0130LL\u0130YE KARARGAHI, MERS\u0130N&#8217;\u0130N KURTULU\u015eU&#8217;NUN 100. YIL D\u00d6N\u00dcM\u00dcNDE A\u00c7ILDI&#8221;"},"content":{"rendered":"<p>Toroslar Belediye Ba\u015fkan\u0131 Ats\u0131z Af\u015f\u0131n Y\u0131lmaz&#8217;\u0131n, kent tarihini ve k\u00fclt\u00fcrel miras\u0131 g\u00fcn y\u00fcz\u00fcne \u00e7\u0131karan projelerinden bir olan &#8220;Kuvayi Milliye Karargah\u0131&#8221;, Mersin&#8217;in D\u00fc\u015fman \u0130\u015fgalinden Kurtulu\u015fu&#8217;nun 100. y\u0131l d\u00f6n\u00fcm\u00fcnde d\u00fczenlenen t\u00f6renle a\u00e7\u0131ld\u0131.<\/p>\n<p>Ba\u015fkan Y\u0131lmaz; &#8220;Kuvayi Milliye Karargah\u0131m\u0131z\u0131n; birli\u011fimizin, beraberli\u011fimizin, milli irademizin ve milli \u015fuurumuzun bir sembol\u00fc olarak burada ilelebet kalmas\u0131n\u0131 temenni ediyoruz. Toroslar\u0131m\u0131za, Mersinimize hay\u0131rl\u0131, u\u011furlu olsun&#8221; dedi.<\/p>\n<p>Buluklu Mahallesi&#8217;nde, Milli M\u00fccadele \u00e7al\u0131\u015fmalar\u0131na karargahl\u0131k etmi\u015f ve iki kattan olu\u015fan eski konak restore edilerek, Milli M\u00fccadelenin destans\u0131 hik\u00e2yesi, \u015fehit ve gazilerin an\u0131s\u0131na bir \u00e7at\u0131 alt\u0131nda bir araya getirildi. Foto\u011fraflar, belgeler ve etnografik eserlerle donat\u0131lan bina, ge\u00e7mi\u015f ile gelecek aras\u0131nda \u00f6nemli bir k\u00f6pr\u00fc g\u00f6revi g\u00f6recek.<\/p>\n<p>&#8220;Kuvayi Milliye \u015eehitleri Kabirleri Ba\u015f\u0131nda An\u0131ld\u0131&#8221;<\/p>\n<p>Karargah\u0131n a\u00e7\u0131l\u0131\u015f\u0131 \u00f6ncesinde, 4 May\u0131s 1919&#8217;da Frans\u0131zlar taraf\u0131ndan \u015fehit edilen Kuvayi Milliye \u015fehidi \u00dcmm\u00fc Erdem ile i\u015fgal zaman\u0131nda gazi olan \u00dcmm\u00fchan G\u00fcn, \u00c7avu\u015flu Mezarl\u0131\u011f\u0131ndaki kabirleri ba\u015f\u0131nda dualarla yad edildi.<\/p>\n<p>Ba\u015fkan Y\u0131lmaz; &#8220;Her t\u00fcrl\u00fc zorlu\u011fu yenme azim ve kararl\u0131l\u0131\u011f\u0131yla Milli M\u00fccadele d\u00f6neminde vatan\u0131na sahip \u00e7\u0131kan T\u00fcrk kad\u0131n\u0131, gelecekte de bize g\u00fc\u00e7 vermeye devam edecektir. Vatan sevgisinin, azmin, fedakarl\u0131\u011f\u0131n, gururun simgesi t\u00fcm kahraman kad\u0131nlar\u0131m\u0131z\u0131 rahmetle, sayg\u0131yla an\u0131yoruz. Ruhlar\u0131 \u015fad, mekanlar\u0131 cennet olsun&#8221; diye konu\u015ftu.<\/p>\n<p>&#8220;Kuvayi Milliye Kenti Mersin&#8217;e Yak\u0131\u015fan Kuvayi Milliye Karargah\u0131, Yo\u011fun \u0130lgi G\u00f6rd\u00fc&#8221;<\/p>\n<p>Mersin Toroslar Belediyesi&#8217;nin Buluklu Mahallesi&#8217;nde hayata ge\u00e7irdi\u011fi Kuvayi Milliye Karargah\u0131&#8217;n\u0131n a\u00e7\u0131l\u0131\u015f\u0131, yo\u011fun ilgi g\u00f6rd\u00fc.<\/p>\n<p>A\u00e7\u0131l\u0131\u015fa; Mersin Valisi Ali \u0130hsan Su, Toroslar Kaymakam\u0131 \u0130brahim \u00c7enet, Akdeniz Belediye Ba\u015fkan\u0131 M. Mustafa G\u00fcltak, MHP Mersin \u0130l Ba\u015fkan\u0131 Zeynel U\u011fur G\u00f6lgeli, Mersin Emniyet M\u00fcd\u00fcr\u00fc Mehmet Aslan, Mersin Ticaret ve Sanayi Odas\u0131 Y\u00f6netim Kurulu Ba\u015fkan\u0131 Ayhan K\u0131z\u0131ltan, MTSO Meclis Ba\u015fkan\u0131 Hamit \u0130zol, Te\u015fkilat Ba\u015fkanlar\u0131, Belediye Meclis \u00dcyeleri, Sivil Toplum Kurulu\u015flar\u0131n\u0131n Temsilcileri, Mahalle Muhtarlar\u0131, \u015fehit yak\u0131nlar\u0131 ve \u00e7ok say\u0131da vatanda\u015f kat\u0131ld\u0131.<\/p>\n<p>Toroslar Belediyesi Halk Oyunlar\u0131 ekibinin g\u00f6sterisi ile ba\u015flayan a\u00e7\u0131l\u0131\u015f program\u0131, Sayg\u0131 duru\u015fu, \u0130stiklal Mar\u015f\u0131 ve dualar\u0131n okunmas\u0131yla devam etti.<\/p>\n<p>Ba\u015fkan Y\u0131lmaz; &#8220;Kuvayi Milliye Karargah\u0131m\u0131z, Mersinimize Hay\u0131rl\u0131 Olsun&#8221;<\/p>\n<p>Toroslar Belediye Ba\u015fkan\u0131 Ats\u0131z Af\u015f\u0131n Y\u0131lmaz, kent tarihini g\u00fcn y\u00fcz\u00fcne \u00e7\u0131karman\u0131n ve bu binay\u0131 3 Ocak Zaferi&#8217;nin 100. y\u0131l\u0131nda a\u00e7man\u0131n mutlulu\u011funu ya\u015fad\u0131klar\u0131n\u0131 s\u00f6yledi.<\/p>\n<p>Ba\u015fkan Y\u0131lmaz; &#8220;100 y\u0131l \u00f6nce 30 Ekim 1918&#8217;de Mondros M\u00fctarekesi&#8217;nin imzalanmas\u0131ndan sonra 17 Aral\u0131k 1918&#8217;de \u0130ngilizler, 1 Ocak 1919&#8217;da Frans\u0131zlar Mersin Liman\u0131na, iskelelere yana\u015f\u0131p \u00f6nce Mersin&#8217;i, daha sonra b\u00f6lgedeki di\u011fer \u015fehirleri tek tek i\u015fgal ettiler. Bu i\u015fgal s\u0131ras\u0131nda zaten daha \u00f6nceden de b\u00f6lgede ter\u00f6r estiren, zul\u00fcm eden Ermeni \u00c7eteleri de Frans\u0131z \u00fcniformas\u0131 giydiler ve b\u00f6lge insan\u0131na zul\u00fcm etmeye ba\u015flad\u0131lar. \u00c7avu\u015flu mezarl\u0131\u011f\u0131m\u0131zda Ermeni \u00e7eteleri taraf\u0131ndan \u00c7avu\u015flu&#8217;da k\u00f6r e\u015finin yan\u0131nda \u015fehit edilen \u00dcmm\u00fc Teyzemizi rahmetle, minnetle and\u0131k. Hem bu olay i\u015fgalcilerin milletimize, vatan\u0131m\u0131za, namusumuza uzatt\u0131\u011f\u0131 eli ortaya koymas\u0131 a\u00e7\u0131s\u0131ndan \u00f6nemli, hem de bug\u00fcn burada hep beraber yapt\u0131\u011f\u0131m\u0131z a\u00e7\u0131l\u0131\u015f; milli iradenin bu zulme, haks\u0131zl\u0131\u011fa, adaletsizli\u011fe kar\u015f\u0131 ortak hareket etme g\u00fcc\u00fcn\u00fcn sembol\u00fcd\u00fcr&#8221; dedi.<\/p>\n<p>Konu\u015fmas\u0131nda birlik ve beraberli\u011fe vurgu yapan Ba\u015fkan Y\u0131lmaz; &#8220;Buras\u0131 \u00f6nce Frans\u0131z i\u015fgal kuvvetleri taraf\u0131ndan karargah olarak kullan\u0131lm\u0131\u015f bir binad\u0131r. Daha sonra Kuvayi Milliyeciler, dedelerimiz bir araya geldiler. Gazi Mustafa Kemal Atat\u00fcrk&#8217;\u00fcn \u00f6nderli\u011finde t\u00fcm T\u00fcrkiye&#8217;de M\u00fcdafaa-i Hukuk Cemiyetleri&#8217;ni birle\u015ftirdiler ve d\u00fc\u015fman\u0131 kovdular. Bu bina daha sonra Kuvayi Milliye Karargah\u0131 olarak kullan\u0131ld\u0131. Nedense i\u015fgal anlat\u0131l\u0131rken, 1. D\u00fcnya Sava\u015f\u0131 ve sonras\u0131 anlat\u0131l\u0131rken i\u015fgalciler diye ge\u00e7i\u015ftirilir. Ge\u00e7i\u015ftirmemek gerekir bunu anlatmak gerekir. \u00dclkemizi i\u015fgal edenler; \u0130ngilizler, Frans\u0131zlar, Yunanl\u0131lar ve \u0130talyanlar&#8217;d\u0131r. Bunlar\u0131n himayesinde sadece Mersin&#8217;de de\u011fil t\u00fcm Anadolu&#8217;da insan\u0131m\u0131za zul\u00fcm edenler de Ermeni \u00c7etecileridir. Ba\u015fta Ulu \u00d6nderimiz Gazi Mustafa Kemal Atat\u00fcrk olmak \u00fczere vatan\u0131m\u0131z\u0131n kurtulmas\u0131nda, Kurtulu\u015f Sava\u015f\u0131m\u0131zda can veren, kan veren, ter ak\u0131tan t\u00fcm \u015fehitlerimizi, gazilerimizi rahmetle minnetle an\u0131yorum. Ruhlar\u0131 \u015fad olsun&#8221; diye konu\u015ftu.<\/p>\n<p>Ba\u015fkan Y\u0131lmaz, Karargah\u0131n restore edilmesine destek veren Mersin Valisi Ali \u0130hsan Su&#8217;ya ve emek veren herkese te\u015fekk\u00fcr ederek; &#8220;Binam\u0131z\u0131n tahsisinden restore edilmesine destek veren Mersin Valimiz Say\u0131n Ali \u0130hsan Su&#8217;ya, binam\u0131z\u0131n haz\u0131rlanmas\u0131na emek veren Akdeniz Kent Konseyi Ba\u015fkan\u0131 ve T\u00fcrkiye Dil ve Edebiyat Derne\u011fi Ba\u015fkan\u0131 Say\u0131n Mustafa Erim&#8217;e, Mersin \u00dcniversitesi \u00d6\u011fretim \u00dcyeleri Dr. \u00d6\u011fr. \u00dcyesi Say\u0131n Abdullah Elcan&#8217;a, Do\u00e7. Dr. Say\u0131n \u0130brahim Bozkurt&#8217;a, Prof. Dr. Say\u0131n Mustafa \u00d6zyurt&#8217;a, T\u00fcrk Ocaklar\u0131 Mersin \u015eube Ba\u015fkan\u0131m\u0131z Say\u0131n Dr. \u00dcnal K\u0131l\u0131\u00e7&#8217;a, Gazeteci, Yazar Say\u0131n Hayati Tek&#8217;e, Mimarlar\u0131m\u0131z Say\u0131n Hatice G\u00fcneri G\u00fcvener ve Ye\u015fim Ensari&#8217;ye te\u015fekk\u00fcr ediyoruz&#8221; \u015feklinde konu\u015ftu.<\/p>\n<p>Vali Su; &#8220;Bu Tarihi Binan\u0131n A\u00e7\u0131l\u0131\u015f\u0131n\u0131 Yapmaktan Mutluluk Duyuyorum&#8221;<\/p>\n<p>Mersin Valisi Ali \u0130hsan Su da Kuvayi Milliye Karargah\u0131 olarak tarihte kullan\u0131lan bu binan\u0131n yeniden restore edilip hizmete a\u00e7\u0131lmas\u0131ndan dolay\u0131 mutluluk duydu\u011funu belirterek, bu g\u00fczel \u00e7al\u0131\u015fmas\u0131ndan dolay\u0131 Toroslar Belediye Ba\u015fkan\u0131 Ats\u0131z Af\u015f\u0131n Y\u0131lmaz&#8217;a te\u015fekk\u00fcr etti.<\/p>\n<p>Vali Su; &#8220;Biz millet olarak tarihten g\u00fcn\u00fcm\u00fcze asla boyunduruk alt\u0131nda ya\u015famad\u0131k. Her zaman ba\u011f\u0131ms\u0131zl\u0131\u011f\u0131m\u0131za, h\u00fcrriyetimize, istiklalimize sahip \u00e7\u0131kt\u0131k. Milli \u015fairimiz Mehmet Akif Ersoy &#8216;un ifade etti\u011fi gibi &#8220;Ben ezelden beridir h\u00fcr ya\u015fad\u0131m, h\u00fcr ya\u015far\u0131m. Hangi \u00e7\u0131lg\u0131n bana zincir vuracakm\u0131\u015f? \u015ea\u015far\u0131m! K\u00fckremi\u015f sel gibiyim, bendimi \u00e7i\u011fner, a\u015far\u0131m. Y\u0131rtar\u0131m da\u011flar\u0131, enginlere s\u0131\u011fmam, ta\u015far\u0131m.&#8221;. O y\u00fczden h\u00fcrriyet ve ba\u011f\u0131ms\u0131zl\u0131k bizim milletimizin karakterinde var. Bu bak\u0131mdan tarih boyunca y\u00fcce milletimiz, ma\u011fdurlar\u0131n, mazlumlar\u0131n yan\u0131nda olmu\u015f, onlara kol kanaat germi\u015f ve kendisi de tarihten g\u00fcn\u00fcm\u00fcze kadar daima ba\u011f\u0131ms\u0131z ve h\u00fcr ya\u015fam\u0131\u015ft\u0131r. \u0130n\u015fallah bundan sonra da ilelebet h\u00fcr ve ba\u011f\u0131ms\u0131z ya\u015fayacakt\u0131r. Buras\u0131 olarak tarihi olarak \u00f6zel bir bina oldu. Ba\u015fkan\u0131m\u0131z Ats\u0131z Af\u015f\u0131n Y\u0131lmaz&#8217;a te\u015fekk\u00fcr ediyoruz. Buray\u0131 gezenler de tarihimizi daha iyi \u00f6z\u00fcmseyerek, daha iyi anlam\u0131\u015f olacaklar. Bu g\u00fczel bina Mersinimize hay\u0131rl\u0131 olsun. Bu duygu ve d\u00fc\u015f\u00fcncelerle Ulu \u00d6nderimiz Gazi Mustafa Kemal Atat\u00fcrk&#8217;\u00fc, silah arkada\u015flar\u0131n\u0131, t\u00fcm \u015fehitlerimizi ve gazilerimizi rahmetle, minnetle an\u0131yorum&#8221; ifadelerini kulland\u0131.<\/p>\n<p>Konu\u015fmalar\u0131n ard\u0131ndan Ba\u015fkan Y\u0131lmaz, Mersin Valisi Ali \u0130hsan Su,  kent protokol\u00fc ve hem\u015fehrileriyle birlikte Kuvayi Milliye Karargah\u0131&#8217;n\u0131n a\u00e7\u0131l\u0131\u015f\u0131n\u0131 yapt\u0131. Ba\u015fkan Y\u0131lmaz daha sonra Vali Su&#8217;ya ve protokol \u00fcyelerine karargah\u0131 gezdirerek tan\u0131tt\u0131.<\/p>\n","protected":false},"excerpt":{"rendered":"<p>Toroslar Belediye Ba\u015fkan\u0131 Ats\u0131z Af\u015f\u0131n Y\u0131lmaz&#8217;\u0131n, kent tarihini ve k\u00fclt\u00fcrel miras\u0131 g\u00fcn y\u00fcz\u00fcne \u00e7\u0131karan projelerinden bir olan &#8220;Kuvayi Milliye Karargah\u0131&#8221;, Mersin&#8217;in D\u00fc\u015fman \u0130\u015fgalinden Kurtulu\u015fu&#8217;nun 100. y\u0131l d\u00f6n\u00fcm\u00fcnde d\u00fczenlenen t\u00f6renle a\u00e7\u0131ld\u0131. &hellip; <a href=\"https:\/\/akdenizolaygazetesi.com\/?p=15956\" class=\"more-link\">Devam\u0131n\u0131 Oku&#8230;<\/a><\/p>\n","protected":false},"author":2,"featured_media":15957,"comment_status":"open","ping_status":"open","sticky":false,"template":"","format":"standard","meta":[],"categories":[1,2,3],"tags":[],"_links":{"self":[{"href":"https:\/\/akdenizolaygazetesi.com\/index.php?rest_route=\/wp\/v2\/posts\/15956"}],"collection":[{"href":"https:\/\/akdenizolaygazetesi.com\/index.php?rest_route=\/wp\/v2\/posts"}],"about":[{"href":"https:\/\/akdenizolaygazetesi.com\/index.php?rest_route=\/wp\/v2\/types\/post"}],"author":[{"embeddable":true,"href":"https:\/\/akdenizolaygazetesi.com\/index.php?rest_route=\/wp\/v2\/users\/2"}],"replies":[{"embeddable":true,"href":"https:\/\/akdenizolaygazetesi.com\/index.php?rest_route=%2Fwp%2Fv2%2Fcomments&post=15956"}],"version-history":[{"count":1,"href":"https:\/\/akdenizolaygazetesi.com\/index.php?rest_route=\/wp\/v2\/posts\/15956\/revisions"}],"predecessor-version":[{"id":15958,"href":"https:\/\/akdenizolaygazetesi.com\/index.php?rest_route=\/wp\/v2\/posts\/15956\/revisions\/15958"}],"wp:featuredmedia":[{"embeddable":true,"href":"https:\/\/akdenizolaygazetesi.com\/index.php?rest_route=\/wp\/v2\/media\/15957"}],"wp:attachment":[{"href":"https:\/\/akdenizolaygazetesi.com\/index.php?rest_route=%2Fwp%2Fv2%2Fmedia&parent=15956"}],"wp:term":[{"taxonomy":"category","embeddable":true,"href":"https:\/\/akdenizolaygazetesi.com\/index.php?rest_route=%2Fwp%2Fv2%2Fcategories&post=15956"},{"taxonomy":"post_tag","embeddable":true,"href":"https:\/\/akdenizolaygazetesi.com\/index.php?rest_route=%2Fwp%2Fv2%2Ftags&post=15956"}],"curies":[{"name":"wp","href":"https:\/\/api.w.org\/{rel}","templated":true}]}}