{"id":15959,"date":"2022-01-03T21:07:46","date_gmt":"2022-01-03T18:07:46","guid":{"rendered":"http:\/\/akdenizolaygazetesi.com\/?p=15959"},"modified":"2022-01-03T21:07:46","modified_gmt":"2022-01-03T18:07:46","slug":"baskan-secer-tarih-verdi-metro-35-yilda-bitecek","status":"publish","type":"post","link":"https:\/\/akdenizolaygazetesi.com\/?p=15959","title":{"rendered":"BA\u015eKAN SE\u00c7ER TAR\u0130H VERD\u0130: &#8220;METRO 3,5 YILDA B\u0130TECEK&#8221;"},"content":{"rendered":"<p>Mersin B\u00fcy\u00fck\u015fehir Belediye Ba\u015fkan\u0131 Vahap Se\u00e7er&#8217;in ev sahipli\u011finde, Cumhuriyet Halk Partisi (CHP) Genel Ba\u015fkan\u0131 Kemal K\u0131l\u0131\u00e7daro\u011flu ve \u0130Y\u0130 Parti Genel Ba\u015fkan\u0131 Meral Ak\u015fener&#8217;in kat\u0131l\u0131mlar\u0131yla, Mersin&#8217;in d\u00fc\u015fman i\u015fgalinden kurtulu\u015funun 100. y\u0131l d\u00f6n\u00fcm\u00fcnde Mersin Metrosu&#8217;nun Temel Atma T\u00f6reni ger\u00e7ekle\u015ftirildi. Ba\u015fkan Se\u00e7er, Metro ile bir medeniyet projesi ger\u00e7ekle\u015ftirdiklerinin alt\u0131n\u0131 \u00e7izerek, Metro Projesi&#8217;nin teknik detaylar\u0131n\u0131 payla\u015ft\u0131. Se\u00e7er, &#8220;Metro 3,5 y\u0131lda bitecek. Direkt ya da dolayl\u0131 4 bin ki\u015fi faydalanacak. Bizim Metro&#8217;ya \u00f6deyece\u011fimiz paran\u0131n 3&#8217;te 2&#8217;si Mersin&#8217;de kalacak. Mersin&#8217;e rayl\u0131 sistemler d\u00f6nemi hay\u0131rl\u0131 olsun&#8221; dedi.<\/p>\n<p>Cumhuriyet Meydan\u0131&#8217;nda d\u00fczenlenen Temel Atma T\u00f6reni&#8217;ne; CHP Genel Ba\u015fkan\u0131 Kemal K\u0131l\u0131\u00e7daro\u011flu, \u0130Y\u0130 Parti Genel Ba\u015fkan\u0131 Meral Ak\u015fener, Mersin B\u00fcy\u00fck\u015fehir Belediye Ba\u015fkan\u0131 Vahap Se\u00e7er ve e\u015fi Meral Se\u00e7er,  Adana B\u00fcy\u00fck\u015fehir Belediye Ba\u015fkan\u0131 Zeydan Karalar, Hatay B\u00fcy\u00fck\u015fehir Belediye Ba\u015fkan\u0131 L\u00fctf\u00fc Sava\u015f, CHP Mersin \u0130l Ba\u015fkan\u0131 Adil Aktay, \u0130Y\u0130 Parti Mersin \u0130l Ba\u015fkan\u0131 Mehmet Dutar, genel ba\u015fkan yard\u0131mc\u0131lar\u0131, milletvekilleri, il ve il\u00e7e belediye ba\u015fkanlar\u0131, sivil toplum kurulu\u015flar\u0131 ile odalar\u0131n temsilcileri, muhtarlar, gaziler, bas\u0131n emek\u00e7ileri ve \u00e7ok say\u0131da vatanda\u015f kat\u0131ld\u0131. Vatanda\u015flar, ellerinde T\u00fcrk Bayraklar\u0131 ile alan\u0131 doldurdu. Co\u015fkulu bir temel atma t\u00f6reni ger\u00e7ekle\u015fti.<\/p>\n<p>K\u0131l\u0131\u00e7daro\u011flu: &#8220;Demek ki meydan dolabiliyor. Demek ki halk de\u011fi\u015fim istiyor&#8221;<\/p>\n<p>CHP Genel Ba\u015fkan\u0131 Kemal K\u0131l\u0131\u00e7daro\u011flu, temel atma t\u00f6reni i\u00e7in Cumhuriyet Meydan\u0131&#8217;n\u0131 dolduran co\u015fkulu kalabal\u0131\u011fa seslenerek; &#8220;Benim umudum sizlersiniz. Bu meydanda miting yapmam\u0131za daha \u00f6nce izin vermemi\u015flerdi. Demek ki meydan dolabiliyor. Demek ki halk de\u011fi\u015fim istiyor. Demek ki halk se\u00e7im istiyor. Demek ki halk d\u00f6n\u00fc\u015f\u00fcm istiyor. Demek ki halk adalet istiyor, adalet. Hak istiyor, hukuk istiyor&#8221; dedi.<\/p>\n<p>&#8220;Bir belediye ba\u015fkan\u0131n\u0131n kendi kentine yapabilece\u011fi en b\u00fcy\u00fck yat\u0131r\u0131m\u0131n temelini at\u0131yoruz&#8221;<\/p>\n<p>K\u0131l\u0131\u00e7daro\u011flu, \u0130Y\u0130 Parti Genel Ba\u015fkan\u0131 Meral Ak\u015fener&#8217;in konu\u015fmas\u0131nda \u00f6nemli noktalara de\u011findi\u011fini s\u00f6zlerine ekleyerek; &#8220;Sizden sadece bir iste\u011fim var; sak\u0131n ola ki umutsuzlu\u011fa kap\u0131lmay\u0131n. Bug\u00fcn, Mersin&#8217;in kurtulu\u015funun 100. y\u0131l\u0131. Bug\u00fcn metronun temelini ataca\u011f\u0131z. Dolay\u0131s\u0131yla bir belediye ba\u015fkan\u0131n\u0131n kendi kentine yapabilece\u011fi en b\u00fcy\u00fck yat\u0131r\u0131m\u0131n temelini at\u0131yoruz. O nedenle g\u00fczel \u015feyleri yap\u0131yoruz. Belediye ba\u015fkan\u0131 arkada\u015flar\u0131ma \u015funu s\u00f6yledim; sak\u0131n ola ki hi\u00e7bir ayr\u0131m yapmay\u0131n. E\u011fer bir pozitif ayr\u0131mc\u0131l\u0131k yapacaksan\u0131z; yoksul mahallelerden, fakir mahallelerden ba\u015flayacaks\u0131n\u0131z. Kentte ya\u015fayanlar\u0131n her birisi huzur i\u00e7inde ya\u015fayacak ve bulundu\u011funuz belediyede hi\u00e7bir \u00e7ocuk yata\u011fa a\u00e7 girmeyecek. Bunun s\u00f6z\u00fcn\u00fc vereceksiniz dedim ve belediye ba\u015fkanlar\u0131m\u0131z b\u00f6yle \u00e7al\u0131\u015f\u0131yorlar&#8221; ifadelerine yer verdi.<\/p>\n<p>&#8220;5 y\u0131l i\u00e7inde bu b\u00f6lge Akdeniz&#8217;in en g\u00f6rkemli b\u00f6lgesi haline gelecek&#8221;<\/p>\n<p>K\u0131l\u0131\u00e7daro\u011flu, Millet \u0130ttifak\u0131 olarak \u00f6nemli ba\u015far\u0131lara imza atacaklar\u0131n\u0131 ifade ederek, \u015f\u00f6yle devam etti:<\/p>\n<p>&#8220;Millet \u0130ttifak\u0131 olarak in\u015fallah biz yeni bir ba\u015far\u0131ya da imza ataca\u011f\u0131z. S\u00fcleyman \u015eah T\u00fcrbesi&#8217;ni tekrar topraklar\u0131m\u0131za g\u00f6t\u00fcrece\u011fiz ve bayra\u011f\u0131m\u0131z\u0131 g\u00f6ndere dikece\u011fiz. Hepiniz bunun tan\u0131\u011f\u0131 olacaks\u0131n\u0131z. Size s\u00f6z\u00fcm s\u00f6z; Millet \u0130ttifak\u0131 olarak Samanda\u011f&#8217;dan ba\u015flay\u0131p Mersin&#8217;e kadar b\u00fct\u00fcn bu havzay\u0131 Akdeniz&#8217;in en g\u00f6rkemli havzas\u0131 haline getirece\u011fiz. 5 y\u0131l i\u00e7inde Adana&#8217;dan, Mersin&#8217;den, Hatay&#8217;dan ba\u015flayarak bu b\u00f6lge Akdeniz&#8217;in en g\u00f6rkemli b\u00f6lgesi haline gelecek. Yine g\u00f6receksiniz, 5 y\u0131l i\u00e7inde bu b\u00f6lgede katma de\u011feri y\u00fcksek \u00fcr\u00fcnler \u00fcretilmeye ba\u015flanacak. G\u00f6receksiniz, bu b\u00f6lge hem Afrika&#8217;n\u0131n hem Avrupa&#8217;n\u0131n hem Uzak Do\u011fu&#8217;nun hem Kafkaslar\u0131n en g\u00fc\u00e7l\u00fc merkezi haline gelecek. G\u00f6receksiniz, bu b\u00f6lgede bacalar t\u00fctecek. G\u00f6receksiniz, bu b\u00f6lgede ya\u015fayan herkesin huzuru yerinde olacak ve herkes huzur i\u00e7inde ya\u015fayacak. \u0130\u015fi olacak, a\u015f\u0131 olacak, huzur i\u00e7inde ya\u015fayacak.&#8221;<\/p>\n<p>&#8220;Kayna\u011f\u0131n nereye harcanaca\u011f\u0131n\u0131 belirleyen siyasi otoritedir&#8221;<\/p>\n<p>Genel Ba\u015fkan Kemal K\u0131l\u0131\u00e7daro\u011flu, kaynaklar\u0131 ve b\u00fct\u00e7eyi vatanda\u015flara hizmet i\u00e7in ay\u0131racaklar\u0131n\u0131 belirterek, &#8220;Kayna\u011f\u0131n nereye harcanaca\u011f\u0131n\u0131 belirleyen siyasi otoritedir. Siyasi otorite diyor ki; &#8216;Ben yanda\u015flara kaynak ay\u0131raca\u011f\u0131m&#8217;. Biz de diyece\u011fiz ki; &#8216;Biz yanda\u015flara de\u011fil, vatanda\u015flara hizmet edece\u011fiz, kayna\u011f\u0131 vatanda\u015fa ay\u0131raca\u011f\u0131z, fabrikalara ay\u0131raca\u011f\u0131z&#8217; diyece\u011fiz. Bir \u015fey daha s\u00f6yleyeyim; bir soygun d\u00fczenine de son verece\u011fiz. Allah&#8217;\u0131n izniyle bir soygun d\u00fczenine de son verece\u011fiz. Hazine garantili, hani var ya gitmedi\u011finiz yollardan dolarla para. Hani var ya k\u00f6pr\u00fclerden ge\u00e7iyorsunuz, avrolarla paralar. Hani var ya 50 y\u0131ll\u0131k, 70 y\u0131ll\u0131k, 30 y\u0131ll\u0131k garantiler. B\u00fct\u00fcn bunlar\u0131n tamam\u0131na Allah&#8217;\u0131n izniyle Millet \u0130ttifak\u0131 s\u00fcrecinde son verece\u011fiz. Tamam\u0131n\u0131 kamula\u015ft\u0131raca\u011f\u0131z. Son verece\u011fiz, g\u00f6receksiniz. Hani para nerede? Para var efendim, para var. Paray\u0131 halk i\u00e7in kullanacaks\u0131n\u0131z, bir avu\u00e7 ki\u015fi i\u00e7in de\u011fil. Bunlar\u0131n tamam\u0131n\u0131 l\u00fctfen bilin, haf\u0131zan\u0131z\u0131n bir yerinde tutun ve g\u00f6receksiniz ki bunlar\u0131n tamam\u0131 olabiliyor ve olacak ve yapaca\u011f\u0131z. Her evde tencere kaynayacak&#8221; dedi.<\/p>\n<p>K\u0131l\u0131\u00e7daro\u011flu gen\u00e7lere seslendi: &#8220;Otoriter bir y\u00f6netimi, demokratik yollarla de\u011fi\u015ftireceksiniz&#8221;<\/p>\n<p>\u0130lk kez sand\u0131\u011fa gidecek olan gen\u00e7lere seslenen K\u0131l\u0131\u00e7daro\u011flu, &#8220;Umutsuzlu\u011fa kap\u0131lmayacaks\u0131n\u0131z, bir. \u0130ki; Cumhuriyet Tarihi&#8217;ne \u00e7ok de\u011ferli bir miras b\u0131rakacaks\u0131n\u0131z. \u00d6n\u00fcn\u00fcze sand\u0131k gelecek, b\u00fcy\u00fck bir heyecanla sand\u0131\u011fa gideceksiniz ve ilk kez oy kullanacaks\u0131n\u0131z ve ilk kez otoriter bir y\u00f6netimi, demokratik yollarla de\u011fi\u015ftireceksiniz ve d\u00fcnya siyaset tarihine \u00e7ok ama \u00e7ok \u00f6nemli bir miras\u0131 sizler b\u0131rakacaks\u0131n\u0131z. Sand\u0131\u011fa gideceksiniz, demokrasinin tarihini yazacaks\u0131n\u0131z. D\u00fcnya siyaset tarihine ola\u011fan\u00fcst\u00fc bir miras\u0131 evet, sizler b\u0131rakacaks\u0131n\u0131z. O nedenle gen\u00e7ler biliyorum, siyasete biraz mesafelisiniz ama sand\u0131\u011fa gitmeyi sak\u0131n unutmay\u0131n. &#8216;Sand\u0131k gelecek mi?&#8217; O soru da soruluyor. Gelecek efendim, gelecek. Bug\u00fcn olmazsa, yar\u0131n gelecek, yar\u0131n olmazsa \u00f6b\u00fcr g\u00fcn gelecek&#8221; diye konu\u015ftu.<\/p>\n<p>&#8220;Hakk\u0131, hukuku ve adaleti beraber getirece\u011fiz&#8221;<\/p>\n<p>Genel Ba\u015fkan K\u0131l\u0131\u00e7daro\u011flu, vatanda\u015flar\u0131n att\u0131\u011f\u0131 &#8216;Hak, Hukuk, Adalet&#8217; slogan\u0131 \u00fcst\u00fcne; &#8220;Hi\u00e7 endi\u015felenmeyin; hakk\u0131, hukuku ve adaleti beraber getirece\u011fiz. Birlikte getirece\u011fiz. Beraber bu \u00fclkede huzur i\u00e7inde ya\u015fayaca\u011f\u0131z. Hi\u00e7 kimsenin kimli\u011fiyle, hi\u00e7 kimsenin inanc\u0131yla, hi\u00e7 kimsenin ya\u015fam tarz\u0131yla ilgilenmeyece\u011fiz. Herkesin inanc\u0131na, herkesin kimli\u011fine, herkesin ya\u015fam tarz\u0131na sayg\u0131 g\u00f6sterece\u011fiz. Biz \u00fclkemizi seviyoruz. \u00dclkemiz i\u00e7in \u00e7al\u0131\u015fmak istiyoruz. 7&#8217;den 70&#8217;e \u00fclkemiz i\u00e7in \u00e7al\u0131\u015fmak istiyoruz. Bizim bir hedefimiz daha var. Onu da ifade edeyim; siyaset\u00e7i millete hesap verdi\u011fi zaman g\u00fcven ili\u015fkisi peki\u015fmi\u015f olur. Biz harcayaca\u011f\u0131m\u0131z her kuru\u015fun hesab\u0131n\u0131 millete verece\u011fiz. Bunun s\u00f6z\u00fcn\u00fc veriyoruz. Belediye ba\u015fkanlar\u0131m\u0131z da bunu yap\u0131yorlar. Onlar da \u00e7ok g\u00fczel yat\u0131r\u0131mlar yap\u0131yorlar. Onlar da hesab\u0131n\u0131 millete veriyorlar. \u0130haleleri yay\u0131nl\u0131yorlar. Dolay\u0131s\u0131yla her kuru\u015fun hesab\u0131n\u0131 verme gelene\u011fini in\u015fallah siyasetin i\u00e7ine yerle\u015ftirece\u011fiz ve herkes b\u00f6yle ya\u015fayacak&#8221; dedi.<\/p>\n<p>&#8220;Sand\u0131\u011fa sahip \u00e7\u0131kmak bizim, oy kullanmak sizin g\u00f6reviniz&#8221;<\/p>\n<p>En ge\u00e7 2 y\u0131l i\u00e7inde b\u00fct\u00fcn Suriyelileri davulla, zurnayla memleketlerine g\u00f6ndereceklerini anlatan K\u0131l\u0131\u00e7daro\u011flu, &#8220;Bize g\u00fcveneceksiniz. Bak\u0131n, s\u00f6z veriyoruz, bize g\u00fcveneceksiniz. Biz de size g\u00fcvenece\u011fiz. G\u00fcven \u00fczerine siyaseti in\u015fa edece\u011fiz. Asla \u0131rk\u00e7\u0131l\u0131k yapm\u0131yorum. Herkesin kimli\u011fine sayg\u0131l\u0131y\u0131m. Suriyeliler de kendi \u00fclkelerinde ya\u015fas\u0131nlar, huzur i\u00e7inde ya\u015fas\u0131nlar, birlikte ya\u015fas\u0131nlar. Buraya arzu ederlerse turist olarak gelebilirler, kap\u0131lar\u0131m\u0131z a\u00e7\u0131k, gezebilirler. Hi\u00e7bir sorun yok. Onlar\u0131n a\u00e7maz noktaya getirdi\u011fi d\u0131\u015f politikay\u0131 Mustafa Kemal&#8217;in s\u00f6yledi\u011fi gibi &#8216;Yurtta Bar\u0131\u015f, D\u00fcnyada Bar\u0131\u015f&#8217;\u0131n \u00fczerine in\u015fa edece\u011fiz. Suriye&#8217;yle de bar\u0131\u015faca\u011f\u0131z, M\u0131s\u0131r&#8217;la da bar\u0131\u015faca\u011f\u0131z, b\u00fct\u00fcn kom\u015fular\u0131m\u0131zla bar\u0131\u015faca\u011f\u0131z. Sadece i\u00e7 politikada de\u011fil, d\u0131\u015f politikada da T\u00fcrkiye kurucu ayarlar\u0131na yeniden d\u00f6necek. Hepinize \u015f\u00fckran bor\u00e7luyuz. \u00c7ok te\u015fekk\u00fcr ederim, \u00e7ok sa\u011f olun, var olun. Asla unutmay\u0131n; sand\u0131k gelecek. Sand\u0131\u011fa sahip \u00e7\u0131kmak bizim g\u00f6revimiz. Ama oy kullanmak sizin g\u00f6reviniz&#8221; diye konu\u015ftu.<\/p>\n<p>Ak\u015fener: &#8220;Bundan 100 y\u0131l evvel kendi kendini kurtaran \u015fehir Mersin&#8221;<\/p>\n<p>\u0130Y\u0130 Parti Genel Ba\u015fkan\u0131 Meral Ak\u015fener, Mersin&#8217;in kurtulu\u015funun 100. y\u0131l\u0131nda Mersin Metrosu&#8217;nun temelini atmak i\u00e7in bir arada olmaktan onur duyduklar\u0131n\u0131 belirterek, &#8220;Bug\u00fcn burada olmak, sizlerle beraber olmak, hem demokrasinin \u015fehri, belediye ba\u015fkan\u0131m\u0131z\u0131n s\u00f6yledi\u011fi gibi ho\u015fg\u00f6r\u00fc, bar\u0131\u015f gibi g\u00fczel kavramlar\u0131 i\u00e7inde bar\u0131nd\u0131ran \u015fehir ama en \u00f6nemlisi sayg\u0131n\u0131n \u015fehri ve bug\u00fcn 3 Ocak 2022 ve tam bundan 100 y\u0131l evvel kendi kendini kurtaran \u015fehir Mersin. Sizlerle beraber olmak, aran\u0131zda bulunmak ve b\u00f6yle bir kalabal\u0131kla kad\u0131nl\u0131 erkekli, gen\u00e7li ya\u015f alm\u0131\u015f insanlar\u0131n bulundu\u011fu b\u00f6yle bir kalabal\u0131\u011f\u0131n kar\u015f\u0131s\u0131nda olmak ve Genel Ba\u015fkan\u0131m\u0131z Say\u0131n K\u0131l\u0131\u00e7daro\u011flu ile birlikte burada bulunmak, milletvekili arkada\u015flar\u0131m\u0131zla, il ba\u015fkanlar\u0131m\u0131zla, belediye ba\u015fkanlar\u0131m\u0131zla, sizinle beraber olmak inan\u0131lmaz bir heyecan, b\u00fcy\u00fck bir onur&#8221; dedi. Ak\u015fener, kendilerini davet etti\u011fi i\u00e7in Ba\u015fkan Se\u00e7er&#8217;e te\u015fekk\u00fcr ederek; &#8220;G\u00fczel bir konuyla ilgili buraday\u0131z. B\u00fcy\u00fck\u015fehir Belediye Ba\u015fkan\u0131 karde\u015fimize \u00e7ok te\u015fekk\u00fcr ediyorum. Bizleri davet etti, sizlerle bulu\u015fturdu&#8221; ifadelerini kulland\u0131.<\/p>\n<p>&#8220;Bu harami d\u00fczeni helal oylar\u0131n\u0131zla g\u00f6ndermek i\u00e7in derhal se\u00e7im, hemen se\u00e7im&#8221;<\/p>\n<p>T\u00fcrkiye&#8217;de haks\u0131z, adam kay\u0131ran ve liyakatsiz bir sistemin oldu\u011funu s\u00f6yleyen Ak\u015fener, &#8220;\u0130\u015fte bu harami d\u00fczeni birlikte y\u0131kaca\u011f\u0131z biz. Nas\u0131l yapaca\u011f\u0131z? Sizin, yani milletimizin &#8216;se\u00e7men velinimettir d\u00fcsturunu&#8217; el ele ortaya koyarak y\u0131kaca\u011f\u0131z. E\u011fer senin o\u011flun, k\u0131z\u0131n 92 ile 86 ile m\u00fclakatta eleniyorsa bu \u00fclkede \u00e7ok \u00f6nemli bir problem var demektir. Haks\u0131zl\u0131k problemi var demektir. \u0130sraf problemi var demektir, yolsuzluk problemi var demektir ve bunun sorumlusu da bu ucube sistemdir&#8221; diye konu\u015ftu.<\/p>\n<p>Cumhuriyet Meydan\u0131&#8217;n\u0131 dolduran vatanda\u015flar\u0131n bir mesaj verdi\u011fine vurgu yapan Ak\u015fener, \u015funlar\u0131 s\u00f6yledi:<\/p>\n<p>&#8220;Bug\u00fcn burada bu a\u00e7\u0131l\u0131\u015f i\u00e7in Mersinli&#8217;nin tevecc\u00fch\u00fc var. Mersinli burada ve bir mesaj veriyor. Sadece bu meydanda de\u011fil bak\u0131n yanda da var. Orada da insanlar sesleniyor. Milletle ters d\u00fc\u015fe d\u00fc\u015fe, milletle bilek g\u00fcre\u015fi yapa yapa ayakta kalan bir siyaset olmam\u0131\u015ft\u0131r. Tencerenin devirmedi\u011fi bir iktidar da olmam\u0131\u015ft\u0131r. Kad\u0131nlar\u0131n tencere kaynatmakta problemi var. Dolay\u0131s\u0131yla kendileri \u00e7ok tok oldu\u011fu i\u00e7in &#8216;iki domates al&#8217; diyorlar. Size &#8216;iki domates ye&#8217; diyenler, &#8216;yar\u0131m simit ye&#8217; diyenler kendileri ne yiyor? Buna son vermek i\u00e7in bu harami d\u00fczeni helal oylar\u0131n\u0131zla sand\u0131kta demokrasi ile g\u00f6ndermek i\u00e7in &#8216;derhal se\u00e7im, hemen se\u00e7im&#8217; diyorum.&#8221;<\/p>\n<p>Se\u00e7er: &#8220;Mersinliler sizin demokrasi m\u00fccadelenizde her zaman yan\u0131n\u0131zda olacakt\u0131r&#8221;<\/p>\n<p>Ba\u015fkan Se\u00e7er, konu\u015fmas\u0131nda 3 Ocak&#8217;\u0131n Mersin i\u00e7in \u00f6zel bir g\u00fcn oldu\u011fundan s\u00f6z ederek; &#8220;Mersin&#8217;in kurtulu\u015fu. Atat\u00fcrk&#8217;\u00fcn yakt\u0131\u011f\u0131 ba\u011f\u0131ms\u0131zl\u0131k ate\u015finin kutlu finalinin 100. y\u0131l\u0131. Tam 100 y\u0131l \u00f6nce. Kar\u015f\u0131 tarafta, \u015fimdiki \u0130l Jandarma Binas\u0131&#8217;n\u0131n oldu\u011fu eski H\u00fck\u00fcmet Kona\u011f\u0131&#8217;nda tam bu saatlerde Frans\u0131z Bayra\u011f\u0131 indirildi. Yerine g\u00f6ndere T\u00fcrk Bayra\u011f\u0131 \u00e7ekildi ve Frans\u0131zlar G\u00fcmr\u00fck \u0130skelesi&#8217;nden Mersin&#8217;i terk etti. Geldikleri gibi gittiler. Bu g\u00fczel g\u00fcnde, bu \u00f6zel g\u00fcnde, bu kutlu g\u00fcnde Say\u0131n Genel Ba\u015fkanlar\u0131m\u0131z bizleri yaln\u0131z b\u0131rakmad\u0131, Mersinlileri yaln\u0131z b\u0131rakmad\u0131, bizleri onurland\u0131rd\u0131. Onlara Mersinliler ad\u0131na te\u015fekk\u00fcr ediyorum. Say\u0131n Genel Ba\u015fkanlar\u0131m, emin olabilirsiniz ki sizler bizi nas\u0131l yaln\u0131z b\u0131rakmad\u0131ysan\u0131z Mersinliler de sizin demokrasi m\u00fccadelenizde her zaman yan\u0131n\u0131zda olacakt\u0131r. Sizler T\u00fcrkiye&#8217;nin ayd\u0131nl\u0131k y\u00fczlerisiniz. Gelecek ayd\u0131nl\u0131k T\u00fcrkiye&#8217;nin mimarlar\u0131s\u0131n\u0131z. Her zaman yan\u0131n\u0131zda dimdik olaca\u011f\u0131z. Azmimizle, \u015fevkimizle, inanc\u0131m\u0131zla, \u00e7izgimiz olan Atat\u00fcrk \u00e7izgisiyle, Atat\u00fcrk devrimlerinin, ilkelerinin inanc\u0131yla yanlar\u0131nda olaca\u011f\u0131z&#8221; dedi.<\/p>\n<p>&#8220;\u0130nad\u0131na karde\u015f\u00e7esine ya\u015fayaca\u011f\u0131z&#8221;<\/p>\n<p>Mersin&#8217;in d\u00fcnyan\u0131n en g\u00fczel kentlerinden birisi oldu\u011fu vurgusunu yapan Ba\u015fkan Se\u00e7er, &#8220;Mersin huzur kenti, karde\u015flik kenti, ho\u015fg\u00f6r\u00fc kenti, bar\u0131\u015f kenti. Biz hepimiz hangi renkten olursak olal\u0131m, hangi b\u00f6lgeden gelmi\u015f olursak olal\u0131m, burada tek yumruk, tek v\u00fccut, inad\u0131na karde\u015f\u00e7esine ya\u015fayaca\u011f\u0131z. Mersin g\u00f6\u00e7lerle kurulmu\u015f bir kent. Yerli n\u00fcfusumuz 2 milyon. Ama 400 bin de ge\u00e7ici koruma alt\u0131ndaki s\u0131\u011f\u0131nmac\u0131lar\u0131 a\u011f\u0131rl\u0131yoruz. Belediyemizin kaynaklar\u0131 2 milyon n\u00fcfusumuza g\u00f6re geliyor. Ama biz bu gelen kaynaklar\u0131 hi\u00e7bir ayr\u0131m yapmadan 2 milyon 400 bin insan\u0131m\u0131z\u0131n hizmetine sunuyoruz. Ayr\u0131mc\u0131l\u0131k yapmadan, gayr\u0131mc\u0131l\u0131k yapmadan, biz insan\u0131 insan oldu\u011fu i\u00e7in seviyoruz. \u0130nsanlar\u0131 \u00f6tekile\u015ftirmiyoruz, insanlar\u0131 kutupla\u015ft\u0131rm\u0131yoruz, insanlara nefret tohumu atm\u0131yoruz. Sevgiyi, karde\u015fli\u011fi, ho\u015fg\u00f6r\u00fcy\u00fc, bar\u0131\u015f\u0131 s\u00f6yl\u00fcyoruz. Onlara bu kavramlar\u0131 bir \u015fark\u0131 gibi s\u00f6yl\u00fcyoruz. Mersin m\u00fcstesna bir kent. Gelecekte sadece b\u00f6lgede de\u011fil, \u00fclkede de\u011fil, d\u00fcnyada y\u0131ld\u0131z\u0131 parlayacak ender kentlerden bir tanesi. Bu kentin, bu g\u00fczel insanlar\u0131n\u0131n deste\u011fiyle Belediye Ba\u015fkanl\u0131\u011f\u0131 yapmaktan onur ve \u015feref duyuyorum&#8221; diye konu\u015ftu.<\/p>\n<p>&#8220;Biz Mersin&#8217;i seviyoruz&#8221;<\/p>\n<p>Belediyecili\u011fin sadece yoldan, binadan, ranttan, imardan ibaret olmad\u0131\u011f\u0131n\u0131 dile getiren Se\u00e7er, \u015funlar\u0131 s\u00f6yledi;<\/p>\n<p>&#8220;2,5 y\u0131l sonra bug\u00fcn burada, Cumhuriyet Meydan\u0131&#8217;nda bir kez daha bizlere destek oldu\u011funuz i\u00e7in sizlere m\u00fcte\u015fekkiriz. &#8216;Sizlerin ba\u015f\u0131n\u0131 \u00f6ne e\u011fdirmeyece\u011fiz&#8217; dedik. \u00c7al\u0131\u015faca\u011f\u0131z. \u00c7al\u0131\u015f\u0131yoruz. Bak\u0131n pandemi s\u00fcrecini ge\u00e7irdik. T\u00fcm d\u00fcnya ya\u015fad\u0131. Arzu etmezdik. Bug\u00fcne kadar kimseye muhta\u00e7 olmayan insanlar ekme\u011fe muhta\u00e7 oldu. Ama biz biliyorduk. Say\u0131n Genel Ba\u015fkanlar\u0131m\u0131z\u0131n bizlere talimat\u0131 var. Millet \u0130ttifak\u0131&#8217;n\u0131n belediye ba\u015fkanlar\u0131na. Belediyecilik sadece yoldan, binadan, ranttan, imardan ibaret de\u011fildir. Belediyecilik insan\u0131n kalbine girmektir, g\u00f6nl\u00fcne girmektir. So\u011fuk k\u0131\u015f g\u00fcnlerinde onun yan\u0131nda olmakt\u0131r. A\u00e7ken onun karn\u0131n\u0131 doyurmakt\u0131r. Ac\u0131s\u0131 varken onun ac\u0131s\u0131n\u0131 dindirmektir. Biz bu \u015fiarla hareket ediyoruz. Her zaman Mersin halk\u0131n\u0131n yan\u0131nda olduk. G\u0131das\u0131yla, ekme\u011fiyle, bebeklerine mamas\u0131yla, \u00e7ocuklar\u0131m\u0131za s\u00fct\u00fcyle, ya\u015fl\u0131 insanlar\u0131m\u0131za bak\u0131m\u0131yla, onlara s\u0131cak yemek teminiyle hep yan\u0131nda olduk. Hi\u00e7 y\u00fcz\u00fcm\u00fcz\u00fc \u00e7evirmedik, hi\u00e7 y\u00fcks\u00fcnmedik, hi\u00e7 surat yapmad\u0131k, hi\u00e7 parmak sallamad\u0131k, hi\u00e7 onlar\u0131 a\u015fa\u011f\u0131lamad\u0131k. Biz hep onlar\u0131 kucaklad\u0131k. Biz biriz, beraberiz \u00e7\u00fcnk\u00fc Mersiniz dedik. Biz Mersin&#8217;i seviyoruz. Mersin&#8217;e a\u015f\u0131\u011f\u0131z. Mersin demokrasi kenti, Mersin uygarl\u0131k kenti, medeniyetlerin be\u015fi\u011fi, en kadim k\u00fclt\u00fcrlerin be\u015fi\u011fi Mersin. Mersin Mustafa Kemal&#8217;in kenti, devrimci bir kent. Bundan sonra da b\u00f6yle devam edecek. Mersin&#8217;in bu anlay\u0131\u015f\u0131n\u0131 de\u011fi\u015ftirmeye kimsenin g\u00fcc\u00fc yetmeyecek.&#8221;<\/p>\n<p>&#8220;Bizim \u00fclk\u00fcm\u00fcz insanl\u0131\u011fa hizmet. \u0130nsana hizmet&#8221;<\/p>\n<p>Mersin&#8217;in \u00f6nemli potansiyellerinden s\u00f6z ederek konu\u015fmas\u0131n\u0131 s\u00fcrd\u00fcren Ba\u015fkan Se\u00e7er, &#8220;Mersin&#8217;de tar\u0131m var. \u00c7ok de\u011ferli liman\u0131m\u0131z var. \u00c7ok de\u011ferli geli\u015fen sanayi sitelerimiz var, b\u00f6lgelerimiz var, turizmimiz var, lojisti\u011fimiz var. Allah bize her \u015feyi vermi\u015f. Allah bize her \u015feyi vermi\u015f, lay\u0131k olmak zorunday\u0131z. \u00c7al\u0131\u015fmak zorunday\u0131z, \u00fcretmek zorunday\u0131z. 7\/24 \u00e7al\u0131\u015fmak zorunday\u0131z. \u00c7al\u0131\u015f\u0131yoruz, \u00e7al\u0131\u015fmaya da devam ediyoruz. Ama birileri de \u015fu ayaklar\u0131m\u0131za pranga vurmasa, engellemeye \u00e7al\u0131\u015fmasa, siyaset u\u011fruna, oy u\u011fruna Mersin&#8217;in gelece\u011fini karartmasa \u00e7ok daha iyi olacak. Yan\u0131m\u0131zda durun. Bizlere yard\u0131mc\u0131 olun. Bizimle beraber y\u00fcr\u00fcy\u00fcn. Bizim \u00fclk\u00fcm\u00fcz insanl\u0131\u011fa hizmet. \u0130nsana hizmet. Hem\u015fehrimize hizmet. Her alanda yan\u0131n\u0131zday\u0131z. Biz istiyoruz, Mersin kalk\u0131ns\u0131n. Mersin gen\u00e7 bir n\u00fcfusa sahip. Mersin i\u015fsizi \u00e7ok bir kent. \u00c7ok say\u0131da i\u015fsizimiz var. Onlara istihdam alan\u0131 yaratmam\u0131z laz\u0131m. Buradan da sesleniyorum merkezi h\u00fck\u00fcmete; uluslararas\u0131 havaalan\u0131m\u0131z\u0131 bir an \u00f6nce bitirin art\u0131k. 10 sene oldu. Buraya planlara i\u015fledi\u011finiz, Cumhurba\u015fkanl\u0131\u011f\u0131 Yat\u0131r\u0131m Program\u0131na ald\u0131\u011f\u0131n\u0131z Ana Konteyner Transit Liman\u0131&#8217;n\u0131 yap\u0131n art\u0131k. Lobilere kurban etmeyin. Biz buraday\u0131z, g\u00f6zetliyoruz neyin ne oldu\u011funu. Otoyolu, \u00c7e\u015fmeli-Ta\u015fucu hatt\u0131n\u0131 bitirin art\u0131k. Bak\u0131n, \u0130stanbul Havaalan\u0131&#8217;yla \u00f6v\u00fcn\u00fcyorsunuz. Ama bu yat\u0131r\u0131mlar\u0131 da bitirin art\u0131k. Mersin g\u00f6\u00e7lerle b\u00fcy\u00fcm\u00fc\u015f bir kent dedim. Mersin g\u00f6\u00e7\u00fcn y\u00fck\u00fcn\u00fc ta\u015f\u0131yan bir kent dedim. Merkezi h\u00fck\u00fcmetler Mersin&#8217;e pozitif ayr\u0131mc\u0131l\u0131k yapmak zorundad\u0131r. \u015eimdi burada gelece\u011fin iktidar\u0131n\u0131n Genel Ba\u015fkanlar\u0131 oturuyor. 2 de\u011ferli Say\u0131n Genel Ba\u015fkan&#8221; dedi.<\/p>\n<p>&#8220;Millet \u0130ttifak\u0131&#8217;na mensup belediyeler tarih yazd\u0131&#8221;<\/p>\n<p>CHP Lideri K\u0131l\u0131\u00e7daro\u011flu ile \u0130Y\u0130 Parti Lideri Ak\u015fener&#8217;e, Mersin ad\u0131na talebini ileten Ba\u015fkan Se\u00e7er; &#8220;B\u00fct\u00fcn bu s\u0131k\u0131nt\u0131lar\u0131 tek ba\u015f\u0131na \u00e7eken Mersin&#8217;e iktidar\u0131m\u0131zda pozitif ayr\u0131mc\u0131l\u0131k istiyorum. Buraya daha fazla yat\u0131r\u0131m istiyorum. Bizi g\u00f6rmenizi istiyorum, bizi anlaman\u0131z\u0131 istiyorum. Evelallah hepsi olacak.  \u00c7al\u0131\u015fan\u0131n elinden hi\u00e7bir \u015fey kurtulmayacak. Bak\u0131n sosyal belediyecilikte Millet \u0130ttifak\u0131&#8217;na mensup belediyeler tarih yazd\u0131. Bunlardan bir tanesi de Mersin B\u00fcy\u00fck\u015fehir Belediyesi. G\u00fcne\u015f bal\u00e7\u0131kla s\u0131vanmaz. \u0130stedikleri kadar bunun \u00fcst\u00fcn\u00fc \u00f6rtmeye \u00e7al\u0131\u015fs\u0131nlar. Muvaffak olamazlar. Ama k\u0131t imk\u00e2nlara ra\u011fmen, her t\u00fcrl\u00fc zorluklara ra\u011fmen, a\u011flamadan, s\u0131zlamadan, \u015fik\u00e2yet etmeden, ba\u011f\u0131rmadan, \u00e7a\u011f\u0131rmadan g\u00f6revimizi yapt\u0131k lay\u0131k\u0131yla. Yapmaya devam ediyoruz. K\u00f6y\u00fcn\u00fcze d\u00fczg\u00fcn yollardan gidebiliyorsunuz. \u00dcr\u00fcn\u00fcn\u00fcz\u00fc h\u00e2le, pazara \u00e7ok g\u00fczel yollardan getirebiliyorsunuz. Bak\u0131n, Mersin tertemiz bir kent. Mersin&#8217;de huzur var. Para, bulunur. Yap\u0131l\u0131r. Para kaybedilir, yerine konur. Ama bir ailenin huzuru ka\u00e7arsa o aile da\u011f\u0131l\u0131r. Biz b\u00fcy\u00fck bir aileyiz ve huzurumuz yerinde. Biz birbirimizi seviyoruz, say\u0131yoruz&#8221; diye konu\u015ftu.<\/p>\n<p>&#8220;Mersin&#8217;e rayl\u0131 sistemler d\u00f6nemi hay\u0131rl\u0131 olsun&#8221;<\/p>\n<p>Ba\u015fkan Se\u00e7er, \u015f\u00f6yle devam etti:<\/p>\n<p>&#8220;Bug\u00fcn 3 Ocak 2022. Tarihi bir g\u00fcn. Mersin&#8217;de rayl\u0131 sistemler d\u00f6neminin ba\u015flad\u0131\u011f\u0131 bir g\u00fcn. 35 kilometre rayl\u0131 sistem. Alttan giden metromuz var, \u015fimdi temelini ataca\u011f\u0131z. Eski Mezitli Belediyesi \u00f6n\u00fcnden ba\u015flayacak, eski otogarda bitecek, 13.4 kilometre. 2. Etap Yeni\u015fehir Fuar Alan\u0131&#8217;nda ba\u015flayacak. 34. Cadde boyunca devam edecek. Oradan \u00dcniversite Hastanesi&#8217;ne, \u00dcniversite&#8217;ye ve GMK Bulvar\u0131&#8217;na ring yapacak 11 kilometrelik tramvay hatt\u0131. 3. Etap, eski otogardan ba\u015flay\u0131p; 1. Etap&#8217;\u0131n do\u011fu noktas\u0131nda son buldu\u011fu istasyonda. \u015eehir Hastanesi ve yeni otogara kadar gidecek, 10.5 kilometre. Toplamda 34.9 kilometre Mersin&#8217;e rayl\u0131 sistemler d\u00f6nemi hay\u0131rl\u0131 olsun&#8221; dedi.<\/p>\n<p>&#8220;Mersin ticareti canlanacak&#8221;<\/p>\n<p>Metronun kentteki ticareti de canland\u0131raca\u011f\u0131n\u0131 vurgulayan Ba\u015fkan Se\u00e7er, \u015funlar\u0131 s\u00f6yledi; &#8220;Bug\u00fcn temelini ataca\u011f\u0131m\u0131z metro 3,5 y\u0131lda bitecek. Direkt ya da dolayl\u0131 4 bin ki\u015fi faydalanacak. Bizim metroya \u00f6deyece\u011fimiz paran\u0131n 3&#8217;te 2&#8217;si Mersin&#8217;de kalacak. Orada \u00e7al\u0131\u015fanlar\u0131n cebine gidecek. Onlara g\u0131da sa\u011flayanlar\u0131n kasas\u0131na girecek. Giysi satanlar\u0131n kasas\u0131na girecek. Yani Mersin ticareti canlanacak. 11 istasyon olacak. Bizim merkezdeki en b\u00fcy\u00fck otopark derdimiz de ortadan kalkacak. Bak\u0131n, metro sadece konforlu bir toplu ta\u015f\u0131ma arac\u0131 de\u011fil, 11 istasyonun 7&#8217;sinde toplamda 1400 ara\u00e7l\u0131k otopark var. Bisiklet park yerleri var. Sosyal alanlar var. K\u00fclt\u00fcr alanlar\u0131 var. Al\u0131\u015fveri\u015f merkezleri var.&#8221;<\/p>\n<p>&#8220;B\u00fct\u00fcn il\u00e7eleri birbirine ba\u011flayacak&#8221;<\/p>\n<p>Metroyla kentin sadece s\u00fcratli, ucuz, konforlu ve g\u00fcvenli bir toplu ta\u015f\u0131ma arac\u0131na kavu\u015fmad\u0131\u011f\u0131n\u0131 belirten Se\u00e7er; &#8220;Bir medeniyet projesi ger\u00e7ekle\u015ftiriyoruz. Bir demokrasi projesi, bar\u0131\u015f projesi. Metroyu kullanan her vatanda\u015f\u0131m\u0131n kimli\u011fi, sosyoekonomik durumu, zengindir, fakirdir, \u0130Y\u0130 Partili&#8217;dir, CHP&#8217;lidir, AK Partili&#8217;dir ayr\u0131m\u0131 olmadan herkes, zengini fakiri metroda seyahat eder. Neden? Metro rahatt\u0131r, metro konforludur. Demokratik bir zemin sunacak. Akdeniz il\u00e7esinde oturan bir karde\u015fim Yeni\u015fehir&#8217;e, Mezitli&#8217;ye, Toroslar&#8217;a rahat\u00e7a gidebilecek. B\u00fct\u00fcn il\u00e7eleri birbirine ba\u011flayacak. Merkezi bitirelim, Tarsus&#8217;a da Silifke&#8217;ye de b\u00fct\u00fcn il\u00e7elerimize de rayl\u0131 sistemler projemizi bir bir hayata ge\u00e7irece\u011fiz. Endi\u015feniz olmas\u0131n&#8221; dedi.<\/p>\n<p>&#8220;\u0130nan\u00e7 ve umut y\u0131l\u0131 olsun 2022&#8221;<\/p>\n<p>Ba\u015fkan Se\u00e7er, &#8220;Yeni bir y\u0131la girdik. \u0130nanmal\u0131y\u0131z. \u015eehrimize inanmal\u0131y\u0131z, \u00fclkemize inanmal\u0131y\u0131z. Ama en \u00f6nemlisi kendimize inanmal\u0131y\u0131z. Kendimize inanal\u0131m. Umut edelim. \u0130nan\u00e7 ve umut y\u0131l\u0131 olsun 2022. Yeni y\u0131l\u0131n\u0131z kutlu olsun. 3 Ocak&#8217;\u0131n\u0131z kutlu olsun, metronuz hay\u0131rl\u0131 olsun&#8221; s\u00f6zleriyle konu\u015fmas\u0131n\u0131 noktalad\u0131. Konu\u015fmalar\u0131n ard\u0131ndan temsili olarak temel atma t\u00f6reni ger\u00e7ekle\u015ftirildi.<\/p>\n<p>Genel Ba\u015fkanlar Temel Atma T\u00f6reni&#8217;nden \u00f6nce &#8216;100. Y\u0131l Etkinlik Alan\u0131&#8217;n\u0131 gezdi<\/p>\n<p>CHP Genel Ba\u015fkan\u0131 K\u0131l\u0131\u00e7daro\u011flu, \u0130Y\u0130 Parti Genel Ba\u015fkan\u0131 Ak\u015fener ve Ba\u015fkan Se\u00e7er ile protokol \u00fcyeleri Mersin Metrosu&#8217;nun temel atma t\u00f6reninden \u00f6nce, Mersin&#8217;in kurtulu\u015funun 100. y\u0131l d\u00f6n\u00fcm\u00fc dolay\u0131s\u0131yla B\u00fcy\u00fck\u015fehir Belediyesi taraf\u0131ndan haz\u0131rlanan &#8216;100. Y\u0131l Etkinlik Alan\u0131&#8217;ndaki  &#8216;Milli M\u00fccadele, Y\u00fczy\u0131l ve Mersin&#8217;in Haf\u0131zas\u0131 Sergileri&#8217;ni gezdi, yetkililerden bilgi ald\u0131. Genel Ba\u015fkanlar, Etkinlik Alan\u0131&#8217;nda yer alan VR Mersin ile sanal turda gezinti yapt\u0131. Daha sonra da B\u00fcy\u00fck\u015fehir Belediyesi K\u00fclt\u00fcr ve Sosyal \u0130\u015fler Dairesi Ba\u015fkanl\u0131\u011f\u0131 Koordinat\u00f6r\u00fc Bengi \u0130spir \u00d6zd\u00fclger&#8217;in verdi\u011fi m\u00fczik ziyafeti ile Etkinlik Alan\u0131 ziyareti son buldu.<\/p>\n","protected":false},"excerpt":{"rendered":"<p>Mersin B\u00fcy\u00fck\u015fehir Belediye Ba\u015fkan\u0131 Vahap Se\u00e7er&#8217;in ev sahipli\u011finde, Cumhuriyet Halk Partisi (CHP) Genel Ba\u015fkan\u0131 Kemal K\u0131l\u0131\u00e7daro\u011flu ve \u0130Y\u0130 Parti Genel Ba\u015fkan\u0131 Meral Ak\u015fener&#8217;in kat\u0131l\u0131mlar\u0131yla, Mersin&#8217;in d\u00fc\u015fman i\u015fgalinden kurtulu\u015funun 100. y\u0131l &hellip; <a href=\"https:\/\/akdenizolaygazetesi.com\/?p=15959\" class=\"more-link\">Devam\u0131n\u0131 Oku&#8230;<\/a><\/p>\n","protected":false},"author":2,"featured_media":15960,"comment_status":"open","ping_status":"open","sticky":false,"template":"","format":"standard","meta":[],"categories":[7,2,3,5,11],"tags":[],"_links":{"self":[{"href":"https:\/\/akdenizolaygazetesi.com\/index.php?rest_route=\/wp\/v2\/posts\/15959"}],"collection":[{"href":"https:\/\/akdenizolaygazetesi.com\/index.php?rest_route=\/wp\/v2\/posts"}],"about":[{"href":"https:\/\/akdenizolaygazetesi.com\/index.php?rest_route=\/wp\/v2\/types\/post"}],"author":[{"embeddable":true,"href":"https:\/\/akdenizolaygazetesi.com\/index.php?rest_route=\/wp\/v2\/users\/2"}],"replies":[{"embeddable":true,"href":"https:\/\/akdenizolaygazetesi.com\/index.php?rest_route=%2Fwp%2Fv2%2Fcomments&post=15959"}],"version-history":[{"count":1,"href":"https:\/\/akdenizolaygazetesi.com\/index.php?rest_route=\/wp\/v2\/posts\/15959\/revisions"}],"predecessor-version":[{"id":15961,"href":"https:\/\/akdenizolaygazetesi.com\/index.php?rest_route=\/wp\/v2\/posts\/15959\/revisions\/15961"}],"wp:featuredmedia":[{"embeddable":true,"href":"https:\/\/akdenizolaygazetesi.com\/index.php?rest_route=\/wp\/v2\/media\/15960"}],"wp:attachment":[{"href":"https:\/\/akdenizolaygazetesi.com\/index.php?rest_route=%2Fwp%2Fv2%2Fmedia&parent=15959"}],"wp:term":[{"taxonomy":"category","embeddable":true,"href":"https:\/\/akdenizolaygazetesi.com\/index.php?rest_route=%2Fwp%2Fv2%2Fcategories&post=15959"},{"taxonomy":"post_tag","embeddable":true,"href":"https:\/\/akdenizolaygazetesi.com\/index.php?rest_route=%2Fwp%2Fv2%2Ftags&post=15959"}],"curies":[{"name":"wp","href":"https:\/\/api.w.org\/{rel}","templated":true}]}}