{"id":15963,"date":"2022-01-04T13:48:09","date_gmt":"2022-01-04T10:48:09","guid":{"rendered":"http:\/\/akdenizolaygazetesi.com\/?p=15963"},"modified":"2022-01-04T13:48:09","modified_gmt":"2022-01-04T10:48:09","slug":"baskan-secer-sehit-aileleri-ve-gazilerle-yemekte-bulustu","status":"publish","type":"post","link":"https:\/\/akdenizolaygazetesi.com\/?p=15963","title":{"rendered":"BA\u015eKAN SE\u00c7ER, \u015eEH\u0130T A\u0130LELER\u0130 VE GAZ\u0130LERLE YEMEKTE BULU\u015eTU"},"content":{"rendered":"<p>Mersin&#8217;in d\u00fc\u015fman i\u015fgalinden kurtulu\u015funun 100. y\u0131l\u0131 kent genelinde d\u00fczenlenen co\u015fku dolu etkinliklerle kutland\u0131. Mersin B\u00fcy\u00fck\u015fehir Belediyesi, etkinliklerin ard\u0131ndan ak\u015fam saatlerinde \u015fehit ailelerini ve gazileri yemekte a\u011f\u0131rlad\u0131. Mersin B\u00fcy\u00fck\u015fehir Belediye Ba\u015fkan\u0131 Vahap Se\u00e7er, e\u015fi Meral Se\u00e7er ile birlikte \u015fehit aileleri, yak\u0131nlar\u0131 ve gazilerle bir araya geldi.<br \/>\nSuphi \u00d6ner \u00d6\u011fretmen Evi&#8217;nde d\u00fczenlenen etkinli\u011fe; Ba\u015fkan Se\u00e7er ve e\u015fi Meral Se\u00e7er&#8217;in yan\u0131 s\u0131ra Mersin Valisi Ali \u0130hsan Su ve e\u015fi Zeliha Su, Akdeniz B\u00f6lge ve Garnizon Komutan\u0131 Tu\u011famiral Fuat Gedik ve e\u015fi Oya Gedik, B\u00fcy\u00fck\u015fehir Belediyesi b\u00fcrokratlar\u0131, B\u00fcy\u00fck\u015fehir Belediyesi Meclis \u00fcyeleri, T\u00fcrkiye Muharip Gaziler Derne\u011fi Genel Ba\u015fkan\u0131 Beyaz\u0131t Yumuk, T\u00fcrkiye Muharip Gaziler Derne\u011fi Mersin \u015eube Ba\u015fkan\u0131 Kemal C\u0131nd\u0131z, Azerbaycan Askeri Dernekler Ba\u015fkan\u0131 Emin Hasanl\u0131 ile \u015fehit aileleri, yak\u0131nlar\u0131 ve gaziler kat\u0131ld\u0131.<br \/>\n&#8220;Tarihten g\u00fcn\u00fcm\u00fcze y\u00fcce milletimiz h\u00fcr ya\u015fam\u0131\u015f bundan sonra da h\u00fcr ya\u015fayacakt\u0131r&#8221;<br \/>\nMersin Valisi Ali \u0130hsan Su, yapt\u0131\u011f\u0131 konu\u015fmada \u015funlar\u0131 s\u00f6yledi:<br \/>\n&#8220;Bu g\u00fczel Mersin ak\u015fam\u0131nda, Mersin&#8217;imizin d\u00fc\u015fman i\u015fgalinden kurtulu\u015funun 100. y\u0131l\u0131nda sizlerle beraber olmaktan, bu g\u00fczel geceyi payla\u015fmaktan b\u00fcy\u00fck bir memnuniyet duydu\u011fumu ifade etmek istiyorum. Tarihten g\u00fcn\u00fcm\u00fcze y\u00fcce milletimiz hi\u00e7bir zaman esaret alt\u0131nda kalmam\u0131\u015f, karakteri olan ba\u011f\u0131ms\u0131zl\u0131k, h\u00fcrriyet u\u011fruna her \u015feyini ortaya koyarak tarih boyunca g\u00fcn\u00fcm\u00fcze kadar ba\u011f\u0131ms\u0131z ve h\u00fcr ya\u015fam\u0131\u015f; bundan sonra da ba\u011f\u0131ms\u0131z ve h\u00fcr ya\u015fayacakt\u0131r.&#8221;<br \/>\n&#8220;Bug\u00fcn Mersin&#8217;imiz i\u00e7in \u00e7ok \u00f6nemli, tarihi bir g\u00fcn&#8221;<br \/>\nBa\u015fkan Se\u00e7er, g\u00fcn\u00fcn \u00f6nemine de\u011finerek ba\u015flad\u0131\u011f\u0131 konu\u015fmas\u0131nda, &#8220;Bug\u00fcn Mersin&#8217;imiz i\u00e7in \u00e7ok \u00f6nemli, tarihi bir g\u00fcn. Gazi Mustafa Kemal Atat\u00fcrk&#8217;\u00fcn yakm\u0131\u015f oldu\u011fu ba\u011f\u0131ms\u0131zl\u0131k ate\u015finin finalinin kutlu g\u00fcn\u00fcd\u00fcr. Ulusal kurtulu\u015f m\u00fccadelesi 1918 y\u0131l\u0131nda Gazi Mustafa Kemal&#8217;in Mersin&#8217;i ziyareti ile ba\u015flam\u0131\u015f bir m\u00fccadeledir.  Tarih\u00e7iler genelde 19 May\u0131s 1919&#8217;da Gazi Mustafa Kemal Atat\u00fcrk&#8217;\u00fcn Samsun&#8217;a \u00e7\u0131k\u0131\u015f\u0131yla bunun ba\u015flad\u0131\u011f\u0131n\u0131 yazarlar ama tarihi yorumlayanlar ger\u00e7ek ba\u015flang\u0131\u00e7 tarihini 5 Kas\u0131m 1918&#8217;de Gazi Mustafa Kemal Atat\u00fcrk&#8217;\u00fcn Mersin&#8217;i ziyareti ve ba\u011f\u0131ms\u0131zl\u0131k ate\u015finin buradan ate\u015flendi\u011fi y\u00f6n\u00fcnde belirtirler&#8221; ifadelerine yer verdi.<br \/>\n&#8220;Birli\u011fimiz, beraberli\u011fimiz, karde\u015fli\u011fimiz, sevgimiz, sayg\u0131m\u0131z daim olsun&#8221;<br \/>\nMersin&#8217;in de\u011ferli bir kent oldu\u011fu vurgusunu yineleyen Ba\u015fkan Se\u00e7er, \u015f\u00f6yle devam etti:<br \/>\n&#8220;Biz \u00f6nemli, de\u011ferli ve g\u00fczel bir kentte ya\u015f\u0131yoruz. G\u00f6\u00e7le b\u00fcy\u00fcm\u00fc\u015f bir kentte ya\u015f\u0131yoruz. Yani T\u00fcrkiye&#8217;nin do\u011fusundan bat\u0131s\u0131na, kuzeyinden Orta Anadolu&#8217;suna her b\u00f6lgeden insanlar\u0131n farkl\u0131 ama\u00e7larla gelip burada \u00e7olu\u011funun \u00e7ocu\u011funun gelece\u011fini aramak, onlara daha iyi bir istikbal kurma ama\u00e7l\u0131 yerle\u015fmeleri ile b\u00fcy\u00fcm\u00fc\u015f, geli\u015fmi\u015f, serpilmi\u015f bir kentte ya\u015f\u0131yoruz. Burada bir \u015feyin alt\u0131n\u0131 \u00e7izmemiz gerekiyor. Bunu s\u00f6ylememiz gerekiyor. Mersin&#8217;de maddiyattan \u00f6te bir \u015fey var; maneviyat. Yani insanlar\u0131n inan\u00e7la, hissederek, kalpten birbirlerini sevmesi, saymas\u0131, ho\u015fg\u00f6r\u00fc, birlik ve beraberlik d\u00fc\u015f\u00fcnceleri. Mersin&#8217;de toplumda bir aks\u0131rma olursa T\u00fcrkiye yata\u011fa d\u00fc\u015fer. Toplumsal bar\u0131\u015f\u0131n \u00f6ncelikle Mersin&#8217;de tesis edilmesi \u00e7ok \u00f6nemlidir. Bak\u0131n 400 bin Suriyeliye ev sahipli\u011fi yapan bir kentte ya\u015f\u0131yoruz. Buradan yola \u00e7\u0131karak b\u00f6yle bir kentte, b\u00f6yle stratejik, \u00f6nemli bir kentte Belediye Ba\u015fkanl\u0131\u011f\u0131m\u0131n bu duygularla verdi\u011fi sorumlulu\u011fu yerine getirme huzuruyla g\u00f6revimi yapt\u0131\u011f\u0131m\u0131 ifade etmek isterim. Sizlerle gurur duyuyoruz. Bu g\u00fczel topraklar\u0131 sizlerin, \u015fehitlerimizin sayesinde biz de \u00e7ocuklar\u0131m\u0131za miras olarak b\u0131rak\u0131yoruz. Bir y\u00f6netici olarak sizlere ili\u015fkin ne s\u00f6ylersem, ne kadar g\u00fczel \u015feyler s\u00f6ylersem, ne kadar sevgi, sayg\u0131 dolu s\u00f6zler s\u00f6ylesem eminim ki kifayetsiz kalacak. Ez c\u00fcmle; birli\u011fimiz, beraberli\u011fimiz, karde\u015fli\u011fimiz, sevgimiz, sayg\u0131m\u0131z daim olsun. 3 Ocak kurtulu\u015f g\u00fcn\u00fcm\u00fcz kutlu olsun.&#8221;<br \/>\nAzerbaycan Askeri Dernekler Ba\u015fkan\u0131 Emin Hasanl\u0131 da g\u00fcn\u00fcn anlam ve \u00f6nemine dair yapt\u0131\u011f\u0131 k\u0131sa konu\u015fmada Mersin&#8217;in d\u00fc\u015fman i\u015fgalinden kurtulu\u015funun 100. y\u0131l\u0131n\u0131 kutlad\u0131.<\/p>\n","protected":false},"excerpt":{"rendered":"<p>Mersin&#8217;in d\u00fc\u015fman i\u015fgalinden kurtulu\u015funun 100. y\u0131l\u0131 kent genelinde d\u00fczenlenen co\u015fku dolu etkinliklerle kutland\u0131. Mersin B\u00fcy\u00fck\u015fehir Belediyesi, etkinliklerin ard\u0131ndan ak\u015fam saatlerinde \u015fehit ailelerini ve gazileri yemekte a\u011f\u0131rlad\u0131. Mersin B\u00fcy\u00fck\u015fehir Belediye Ba\u015fkan\u0131 &hellip; <a href=\"https:\/\/akdenizolaygazetesi.com\/?p=15963\" class=\"more-link\">Devam\u0131n\u0131 Oku&#8230;<\/a><\/p>\n","protected":false},"author":2,"featured_media":15964,"comment_status":"open","ping_status":"open","sticky":false,"template":"","format":"standard","meta":[],"categories":[2,3,5],"tags":[],"_links":{"self":[{"href":"https:\/\/akdenizolaygazetesi.com\/index.php?rest_route=\/wp\/v2\/posts\/15963"}],"collection":[{"href":"https:\/\/akdenizolaygazetesi.com\/index.php?rest_route=\/wp\/v2\/posts"}],"about":[{"href":"https:\/\/akdenizolaygazetesi.com\/index.php?rest_route=\/wp\/v2\/types\/post"}],"author":[{"embeddable":true,"href":"https:\/\/akdenizolaygazetesi.com\/index.php?rest_route=\/wp\/v2\/users\/2"}],"replies":[{"embeddable":true,"href":"https:\/\/akdenizolaygazetesi.com\/index.php?rest_route=%2Fwp%2Fv2%2Fcomments&post=15963"}],"version-history":[{"count":1,"href":"https:\/\/akdenizolaygazetesi.com\/index.php?rest_route=\/wp\/v2\/posts\/15963\/revisions"}],"predecessor-version":[{"id":15965,"href":"https:\/\/akdenizolaygazetesi.com\/index.php?rest_route=\/wp\/v2\/posts\/15963\/revisions\/15965"}],"wp:featuredmedia":[{"embeddable":true,"href":"https:\/\/akdenizolaygazetesi.com\/index.php?rest_route=\/wp\/v2\/media\/15964"}],"wp:attachment":[{"href":"https:\/\/akdenizolaygazetesi.com\/index.php?rest_route=%2Fwp%2Fv2%2Fmedia&parent=15963"}],"wp:term":[{"taxonomy":"category","embeddable":true,"href":"https:\/\/akdenizolaygazetesi.com\/index.php?rest_route=%2Fwp%2Fv2%2Fcategories&post=15963"},{"taxonomy":"post_tag","embeddable":true,"href":"https:\/\/akdenizolaygazetesi.com\/index.php?rest_route=%2Fwp%2Fv2%2Ftags&post=15963"}],"curies":[{"name":"wp","href":"https:\/\/api.w.org\/{rel}","templated":true}]}}