{"id":15966,"date":"2022-01-04T13:49:46","date_gmt":"2022-01-04T10:49:46","guid":{"rendered":"http:\/\/akdenizolaygazetesi.com\/?p=15966"},"modified":"2022-01-04T13:49:46","modified_gmt":"2022-01-04T10:49:46","slug":"buyuksehirden-ogrencilere-part-time-is-firsati","status":"publish","type":"post","link":"https:\/\/akdenizolaygazetesi.com\/?p=15966","title":{"rendered":"B\u00dcY\u00dcK\u015eEH\u0130R&#8217;DEN \u00d6\u011eRENC\u0130LERE PART T\u0130ME \u0130\u015e FIRSATI"},"content":{"rendered":"<p>Mersin B\u00fcy\u00fck\u015fehir Belediyesi Kariyer Merkezi, &#8220;Kariyer Mersin&#8221; projesi ile \u00fcniversite \u00f6\u011frencilerine part time i\u015f imkan\u0131 sunuyor. B\u00fcy\u00fck\u015fehir&#8217;e ba\u011fl\u0131 Deniz K\u0131z\u0131 A.\u015e. b\u00fcnyesinde bulunan kafelerde part time i\u015f imk\u00e2n\u0131 sa\u011flanacak proje i\u00e7in ba\u015fvurular ba\u015flad\u0131.<br \/>\n\u0130lk m\u00fclakatlar Kariyer Merkezi&#8217;nde yap\u0131ld\u0131<br \/>\nMersin B\u00fcy\u00fck\u015fehir Belediyesi Denizk\u0131z\u0131 Turizm A.\u015e.&#8217;ye ba\u011fl\u0131 sahildeki kafe ve i\u015fletmelerde part time olarak \u00e7al\u0131\u015fmak isteyen \u00f6\u011frenciler, kendi \u00fcniversitelerinin kariyer merkezlerine ba\u015fvuru yapabilecekleri gibi kariyermerkezi@mersin.bel.tr adresine de \u00f6zge\u00e7mi\u015flerini g\u00f6nderebilir. \u00d6\u011frencilere y\u00f6nelik ilk m\u00fclakatlar 29 Aral\u0131k&#8217;ta Kariyer Merkezi&#8217;nde ger\u00e7ekle\u015fti. Bundan sonraki s\u00fcre\u00e7te de \u00fcniversite ve meslek lisesi \u00f6\u011frencileri ile g\u00f6r\u00fc\u015fmeler periyodik olarak s\u00fcrecek.<br \/>\n\u00d6\u011frencilerin i\u015f hayat\u0131na haz\u0131rlanmas\u0131 a\u00e7\u0131s\u0131ndan \u00e7ok \u00f6nemli<br \/>\nB\u00fcy\u00fck\u015fehir Belediyesi Kariyer Merkez M\u00fcd\u00fcr\u00fc Serkan \u00d6zada, Kariyer Mersin Projesi&#8217;nin en \u00f6nemli ba\u015fl\u0131klar\u0131ndan birinin pandemi ile daralan ekonominin istihdam \u00fczerindeki olumsuz etkilerine kar\u015f\u0131 \u00f6zellikle \u00fcniversite ve meslek lisesi \u00f6\u011frencilerini i\u015f hayat\u0131na haz\u0131rlama konusunda destek sa\u011flamak oldu\u011funu belirtti.<br \/>\n&#8220;Kafelerimizi \u00f6\u011frenci istihdam\u0131na a\u00e7\u0131yoruz&#8221;<br \/>\nB\u00fcy\u00fck\u015fehir Belediyesi Denizk\u0131z\u0131 Turizm A.\u015e. Genel M\u00fcd\u00fcr\u00fc Bu\u011fra Y\u0131ld\u0131z,  Kariyer Mersin Projesi \u00e7er\u00e7evesinde yap\u0131lan toplant\u0131larda ihtiya\u00e7 dahilinde \u00f6\u011frencilere kap\u0131lar\u0131n\u0131 a\u00e7t\u0131klar\u0131n\u0131 belirterek, &#8220;Bug\u00fcn ger\u00e7ekle\u015ftirdi\u011fimiz m\u00fclakatlarda kendi alan\u0131m\u0131zda deneyimli \u00fcniversitelilerle g\u00f6r\u00fc\u015fmemiz son derece yararl\u0131 oldu. Bundan sonraki s\u00fcre\u00e7te de bu g\u00f6r\u00fc\u015fmeleri daha s\u0131k yapmay\u0131 hedefliyoruz&#8221; dedi.<\/p>\n","protected":false},"excerpt":{"rendered":"<p>Mersin B\u00fcy\u00fck\u015fehir Belediyesi Kariyer Merkezi, &#8220;Kariyer Mersin&#8221; projesi ile \u00fcniversite \u00f6\u011frencilerine part time i\u015f imkan\u0131 sunuyor. B\u00fcy\u00fck\u015fehir&#8217;e ba\u011fl\u0131 Deniz K\u0131z\u0131 A.\u015e. b\u00fcnyesinde bulunan kafelerde part time i\u015f imk\u00e2n\u0131 sa\u011flanacak proje &hellip; <a href=\"https:\/\/akdenizolaygazetesi.com\/?p=15966\" class=\"more-link\">Devam\u0131n\u0131 Oku&#8230;<\/a><\/p>\n","protected":false},"author":2,"featured_media":15967,"comment_status":"open","ping_status":"open","sticky":false,"template":"","format":"standard","meta":[],"categories":[2,3],"tags":[],"_links":{"self":[{"href":"https:\/\/akdenizolaygazetesi.com\/index.php?rest_route=\/wp\/v2\/posts\/15966"}],"collection":[{"href":"https:\/\/akdenizolaygazetesi.com\/index.php?rest_route=\/wp\/v2\/posts"}],"about":[{"href":"https:\/\/akdenizolaygazetesi.com\/index.php?rest_route=\/wp\/v2\/types\/post"}],"author":[{"embeddable":true,"href":"https:\/\/akdenizolaygazetesi.com\/index.php?rest_route=\/wp\/v2\/users\/2"}],"replies":[{"embeddable":true,"href":"https:\/\/akdenizolaygazetesi.com\/index.php?rest_route=%2Fwp%2Fv2%2Fcomments&post=15966"}],"version-history":[{"count":1,"href":"https:\/\/akdenizolaygazetesi.com\/index.php?rest_route=\/wp\/v2\/posts\/15966\/revisions"}],"predecessor-version":[{"id":15968,"href":"https:\/\/akdenizolaygazetesi.com\/index.php?rest_route=\/wp\/v2\/posts\/15966\/revisions\/15968"}],"wp:featuredmedia":[{"embeddable":true,"href":"https:\/\/akdenizolaygazetesi.com\/index.php?rest_route=\/wp\/v2\/media\/15967"}],"wp:attachment":[{"href":"https:\/\/akdenizolaygazetesi.com\/index.php?rest_route=%2Fwp%2Fv2%2Fmedia&parent=15966"}],"wp:term":[{"taxonomy":"category","embeddable":true,"href":"https:\/\/akdenizolaygazetesi.com\/index.php?rest_route=%2Fwp%2Fv2%2Fcategories&post=15966"},{"taxonomy":"post_tag","embeddable":true,"href":"https:\/\/akdenizolaygazetesi.com\/index.php?rest_route=%2Fwp%2Fv2%2Ftags&post=15966"}],"curies":[{"name":"wp","href":"https:\/\/api.w.org\/{rel}","templated":true}]}}