{"id":15969,"date":"2022-01-04T14:02:00","date_gmt":"2022-01-04T11:02:00","guid":{"rendered":"http:\/\/akdenizolaygazetesi.com\/?p=15969"},"modified":"2022-01-04T14:02:00","modified_gmt":"2022-01-04T11:02:00","slug":"tedbiri-elden-birakmayalim-koronaviruse-yakalanmayalim","status":"publish","type":"post","link":"https:\/\/akdenizolaygazetesi.com\/?p=15969","title":{"rendered":"\u201cTEDB\u0130R\u0130 ELDEN BIRAKMAYALIM, KORONAV\u0130R\u00dcSE YAKALANMAYALIM\u201d"},"content":{"rendered":"<p>Koronavir\u00fcs\u00fc ikinci kez atlatan Akdeniz Belediye Ba\u015fkan\u0131 M. Mustafa G\u00fcltak, salg\u0131na kar\u015f\u0131 a\u015f\u0131lar\u0131n eksiksiz yap\u0131lmas\u0131 ve gerekli her t\u00fcrl\u00fc tedbire mutlaka uyulmas\u0131 \u00e7a\u011fr\u0131s\u0131 yapt\u0131. T\u00fcm d\u00fcnyada vakalar\u0131n artt\u0131\u011f\u0131na dikkat \u00e7eken Ba\u015fkan G\u00fcltak; \u201cKoronavir\u00fcs\u2019\u00fc 2 kez ge\u00e7irmi\u015f bir sa\u011fl\u0131k\u00e7\u0131 olarak s\u00f6yl\u00fcyorum ki tedbiri asla elden b\u0131rakmayal\u0131m. Sahip oldu\u011fumuz en k\u0131ymetli sermayemiz sa\u011fl\u0131\u011f\u0131m\u0131z. Aman vir\u00fcse yakalanmay\u0131n! Zira zannetmeyin ki tamamen ge\u00e7iyor. Hay\u0131r, v\u00fccutta mutlaka harabiyet b\u0131rak\u0131yor\u201d dedi. Ba\u015fkan G\u00fcltak, Koronavir\u00fcs ile m\u00fccadele etti\u011fi g\u00fcnlerde aray\u0131p soran herkese de te\u015fekk\u00fcr etti.<br \/>\nAkdeniz Belediye Meclisi; 2022 y\u0131l\u0131n\u0131n ilk toplant\u0131s\u0131n\u0131, M. Mustafa G\u00fcltak Ba\u015fkanl\u0131\u011f\u0131\u2019nda T\u0131rm\u0131l Sanayi Sitesi\u2019ne kazand\u0131r\u0131lan Atat\u00fcrk Konferans Salonu\u2019nda ger\u00e7ekle\u015ftirdi. Sayg\u0131 Duru\u015fu ve \u0130stiklal Mar\u015f\u0131 ile ba\u015flayan toplant\u0131da bir \u00f6nceki birle\u015fim tutanak \u00f6zeti oyland\u0131, sonras\u0131nda Meclis\u2019e sunulan \u00f6nergeler okunup kabul edildi. Toplant\u0131da, Meclis Denetim Komisyonu \u00fcyeliklerine Tufan Nenni, Y\u0131ld\u0131r\u0131m Akp\u0131nar ve Mahmut D\u00f6nmez se\u00e7ildi. Meclis\u2019te; 5393 Say\u0131l\u0131 Kanunu\u2019nun 49. Maddesine g\u00f6re belediyede g\u00f6revli tam zamanl\u0131 s\u00f6zle\u015fmeli personelin, 2022 y\u0131l\u0131 \u00fccretlerinin tespit edilmesine ili\u015fkin teklif de oybirli\u011fiyle komisyonlara havale edildi.<br \/>\nAkdeniz Belediyesi, Uluslararas\u0131 Tar\u0131m \u015eehirleri Birli\u011fi \u00fcye olacak<br \/>\nAkdeniz Belediyesi\u2019nin; tar\u0131m ve g\u0131da alan\u0131nda \u00fcretim, i\u015fbirli\u011fi ve kurumlarca edinilen tecr\u00fcbelerin payla\u015f\u0131m\u0131 noktas\u0131nda olu\u015fturulan \u201cAgricities Uluslararas\u0131 Tar\u0131m \u015eehirleri Birli\u011fi\u2019ne\u201d \u00fcye olmas\u0131 ve Meclis \u00fcyelerinden 2 asil, 1 yedek \u00fcye se\u00e7ilmesi i\u00e7in Ba\u015fkan G\u00fcltak\u2019a yetki verilmesine ili\u015fkin teklif komisyonlara sevk edildi.<br \/>\n\u00c7e\u015fitli plan tadilat teklifleri g\u00f6r\u00fc\u015f\u00fcld\u00fc<br \/>\nMeclis\u2019te; Mersin B\u00fcy\u00fck\u015fehir Belediye Meclisi taraf\u0131ndan onaylanan 1\/5000 \u00f6l\u00e7ekli naz\u0131m imar plan de\u011fi\u015fikli\u011fine istinaden haz\u0131rlanan; Akdeniz il\u00e7esi s\u0131n\u0131rlar\u0131ndaki \u00e7e\u015fitli parsellere ili\u015fkin 1\/1000 \u00f6l\u00e7ekli uygulama plan imar plan tadilatlar\u0131 ile ilgili teklifler de g\u00f6r\u00fc\u015f\u00fcl\u00fcp oybirli\u011fi ile komisyonlara havale edildi.  Mersin \u0130l Milli E\u011fitim M\u00fcd\u00fcrl\u00fc\u011f\u00fc talebine istinaden haz\u0131rlanan 1\/1000 \u00d6l\u00e7ekli Uygulama \u0130mar Plan\u0131 de\u011fi\u015fikli\u011fiyle komisyonlara havale edilen teklif de oybirli\u011fi ile kabul. <\/p>\n<p>Akdeniz s\u0131n\u0131rlar\u0131nda 1\/1000 \u00d6l\u00e7ekli Uygulama \u0130mar Plan\u0131na g\u00f6re yap\u0131lan i\u015f ve i\u015flemlerden dolay\u0131 kapanan yollardan ihdas edilen k\u0131s\u0131mlar\u0131n, ilgili parsel sahibine sat\u0131\u015f\u0131 ve belediyenin hisseli oldu\u011fu arsalar\u0131n di\u011fer hissedarlara sat\u0131\u015f\u0131nda 2022 y\u0131l\u0131 i\u00e7in Belediye Enc\u00fcmeni\u2019ne yetki verilmesi ile komisyonlardan oybirli\u011fi ile gelen karar, yine oybirli\u011fi ile kabul edildi.<br \/>\nG\u00f6r\u00fc\u015f\u00fclen \u00f6nergeler, komisyonlara havale edildi<br \/>\nMuhtarl\u0131k \u0130\u015fleri M\u00fcd\u00fcrl\u00fc\u011f\u00fc\u2019nden gelen; muhtarl\u0131k binalar\u0131nda kullan\u0131lan elektrik, internet, telefon ve benzeri harcama faturalar\u0131n\u0131n toplamda 500 TL\u2019ye olan k\u0131sm\u0131n\u0131n belediye b\u00fct\u00e7esinden \u00f6denmesine ili\u015fkin \u00f6nerge, oybirli\u011fi ile komisyonlara sevk edildi. Meclis toplant\u0131s\u0131n\u0131n sonunda s\u00f6z alan T\u0131rm\u0131l Sanayi Sitesi Ba\u015fkan\u0131 \u0130lhan \u00c7okg\u00fcn de Akdeniz Belediye Meclis \u00fcyelerini, siteye kazand\u0131rd\u0131klar\u0131 Atat\u00fcrk Konferans Salonu\u2019nda misafir etmekten onur ve gurur duyduklar\u0131n\u0131 ifade etti. <\/p>\n","protected":false},"excerpt":{"rendered":"<p>Koronavir\u00fcs\u00fc ikinci kez atlatan Akdeniz Belediye Ba\u015fkan\u0131 M. Mustafa G\u00fcltak, salg\u0131na kar\u015f\u0131 a\u015f\u0131lar\u0131n eksiksiz yap\u0131lmas\u0131 ve gerekli her t\u00fcrl\u00fc tedbire mutlaka uyulmas\u0131 \u00e7a\u011fr\u0131s\u0131 yapt\u0131. T\u00fcm d\u00fcnyada vakalar\u0131n artt\u0131\u011f\u0131na dikkat \u00e7eken &hellip; <a href=\"https:\/\/akdenizolaygazetesi.com\/?p=15969\" class=\"more-link\">Devam\u0131n\u0131 Oku&#8230;<\/a><\/p>\n","protected":false},"author":2,"featured_media":15970,"comment_status":"open","ping_status":"open","sticky":false,"template":"","format":"standard","meta":[],"categories":[2,3,5],"tags":[],"_links":{"self":[{"href":"https:\/\/akdenizolaygazetesi.com\/index.php?rest_route=\/wp\/v2\/posts\/15969"}],"collection":[{"href":"https:\/\/akdenizolaygazetesi.com\/index.php?rest_route=\/wp\/v2\/posts"}],"about":[{"href":"https:\/\/akdenizolaygazetesi.com\/index.php?rest_route=\/wp\/v2\/types\/post"}],"author":[{"embeddable":true,"href":"https:\/\/akdenizolaygazetesi.com\/index.php?rest_route=\/wp\/v2\/users\/2"}],"replies":[{"embeddable":true,"href":"https:\/\/akdenizolaygazetesi.com\/index.php?rest_route=%2Fwp%2Fv2%2Fcomments&post=15969"}],"version-history":[{"count":1,"href":"https:\/\/akdenizolaygazetesi.com\/index.php?rest_route=\/wp\/v2\/posts\/15969\/revisions"}],"predecessor-version":[{"id":15971,"href":"https:\/\/akdenizolaygazetesi.com\/index.php?rest_route=\/wp\/v2\/posts\/15969\/revisions\/15971"}],"wp:featuredmedia":[{"embeddable":true,"href":"https:\/\/akdenizolaygazetesi.com\/index.php?rest_route=\/wp\/v2\/media\/15970"}],"wp:attachment":[{"href":"https:\/\/akdenizolaygazetesi.com\/index.php?rest_route=%2Fwp%2Fv2%2Fmedia&parent=15969"}],"wp:term":[{"taxonomy":"category","embeddable":true,"href":"https:\/\/akdenizolaygazetesi.com\/index.php?rest_route=%2Fwp%2Fv2%2Fcategories&post=15969"},{"taxonomy":"post_tag","embeddable":true,"href":"https:\/\/akdenizolaygazetesi.com\/index.php?rest_route=%2Fwp%2Fv2%2Ftags&post=15969"}],"curies":[{"name":"wp","href":"https:\/\/api.w.org\/{rel}","templated":true}]}}