{"id":1597,"date":"2020-11-04T18:22:09","date_gmt":"2020-11-04T15:22:09","guid":{"rendered":"http:\/\/mersinekonomipolitikagazetesi.com\/?p=1597"},"modified":"2020-11-04T18:22:09","modified_gmt":"2020-11-04T15:22:09","slug":"mersin-uluslararasi-muzik-festivali-odulleri-aciklandi","status":"publish","type":"post","link":"https:\/\/akdenizolaygazetesi.com\/?p=1597","title":{"rendered":"&#8216;Mersin Uluslararas\u0131 M\u00fczik Festivali \u00d6d\u00fclleri&#8217; a\u00e7\u0131kland\u0131"},"content":{"rendered":"<p>Bu y\u0131l 17.&#8217;si d\u00fczenlenecek olan &#8216;Mersin Uluslararas\u0131 M\u00fczik Festivali&#8217; kapsam\u0131nda \u00f6d\u00fcllerin verilece\u011fi isimler a\u00e7\u0131kland\u0131.<\/p>\n<p><span style=\"font-size:16px;\"><span style=\"font-family: sans-serif; line-height: 20px; text-align: justify; background-color: rgb(242, 244, 245);\">Festival Y\u00fcr\u00fctme Kurulu taraf\u0131ndan yap\u0131lan a\u00e7\u0131klamada, sanat y\u00f6netmenli\u011fini Erdo\u011fan \u015eanal\u2019\u0131n, sanat dan\u0131\u015fma kurulu \u00fcyeliklerini Prof. Rengim G\u00f6kmen, Prof. Dr. Cihat A\u015fk\u0131n, \u0130brahim Yaz\u0131c\u0131 ve Remzi Buharal\u0131\u2019n\u0131n yapt\u0131\u011f\u0131 festival kapsam\u0131nda, \u00fc\u00e7 ayr\u0131 dalda \u00f6d\u00fcl verilece\u011fi bildirildi.\u00a0<\/span><br style=\"box-sizing: border-box; font-family: sans-serif; font-size: 14px; line-height: 20px; text-align: justify; background-color: rgb(242, 244, 245);\" \/><br \/>\n<span style=\"font-family: sans-serif; line-height: 20px; text-align: justify; background-color: rgb(242, 244, 245);\">A\u00e7\u0131klamada, &#8216;Festival Sanat \u00d6d\u00fcl\u00fc&#8217;ne keman virt\u00fc\u00f6z\u00fc Suna Kan, &#8216;Festival Kent \u00d6d\u00fcl\u00fc&#8217;ne s\u00fcmerolog Muazzez \u0130lmiye \u00c7\u0131\u011f, &#8216;Nevit Kodall\u0131 Gen\u00e7 Yetenek \u00d6d\u00fcl\u00fc&#8217;ne ise keman sanat\u00e7\u0131s\u0131 Yi\u011fit Karata\u015f\u2019\u0131n lay\u0131k g\u00f6r\u00fcld\u00fc\u011f\u00fc bildirildi.\u00a0<\/span><br style=\"box-sizing: border-box; font-family: sans-serif; font-size: 14px; line-height: 20px; text-align: justify; background-color: rgb(242, 244, 245);\" \/><br \/>\n<span style=\"font-family: sans-serif; line-height: 20px; text-align: justify; background-color: rgb(242, 244, 245);\">Mersin Uluslararas\u0131 M\u00fczik Festivali Y\u00fcr\u00fctme Kurulu Ba\u015fkan\u0131 Selma Ya\u011fc\u0131, 17 y\u0131ld\u0131r da\u011f\u0131tt\u0131klar\u0131 \u00f6d\u00fcllerle pek \u00e7ok sanat\u00e7\u0131y\u0131 Mersin\u2019e getirdiklerini, bir o kadar da klasik m\u00fczi\u011fin gen\u00e7 y\u0131ld\u0131zlar\u0131n\u0131 sanatseverlerle bulu\u015fturduklar\u0131n\u0131 belirterek, &#8220;Bu kez de k\u00fclt\u00fcr\u00fcm\u00fcz\u00fcn dev ismi keman sanat\u00e7\u0131s\u0131 Suna Kan ve y\u00fcz y\u0131l\u0131 a\u015fk\u0131n \u00f6mr\u00fcne y\u00fczlerce de\u011ferli \u00e7al\u0131\u015fma s\u0131\u011fd\u0131rarak hepimize rol model olan Muazzez \u0130lmiye \u00c7\u0131\u011f\u2019a sanat ve kent \u00f6d\u00fcllerini verirken, Mersin\u2019de yeti\u015fmi\u015f ve ba\u015far\u0131lar\u0131yla d\u00fcnya \u00e7ap\u0131nda ad\u0131ndan s\u00f6z edilen Yi\u011fit Karata\u015f, &#8216;Nevit Kodall\u0131 Gen\u00e7 Yetenek \u00d6d\u00fcl\u2019ne de\u011fer bulunmu\u015ftur. Sayg\u0131n adlar\u0131n\u0131 g\u00fczel Mersin\u2019e ta\u015f\u0131m\u0131\u015f olmaktan \u00e7ok mutluyuz ve onurluyuz\u201d dedi.\u00a0<\/span><br style=\"box-sizing: border-box; font-family: sans-serif; font-size: 14px; line-height: 20px; text-align: justify; background-color: rgb(242, 244, 245);\" \/><br \/>\n<span style=\"font-family: sans-serif; line-height: 20px; text-align: justify; background-color: rgb(242, 244, 245);\">Festival \u00f6d\u00fcllerinin, 14 Nisan&#8217;da ger\u00e7ekle\u015ftirilecek a\u00e7\u0131l\u0131\u015f konseri \u00f6ncesi sahiplerine takdim edilece\u011fi ifade edildi.\u00a0<\/span><\/span><\/p>\n","protected":false},"excerpt":{"rendered":"<p>Bu y\u0131l 17.&#8217;si d\u00fczenlenecek olan &#8216;Mersin Uluslararas\u0131 M\u00fczik Festivali&#8217; kapsam\u0131nda \u00f6d\u00fcllerin verilece\u011fi isimler a\u00e7\u0131kland\u0131. Festival Y\u00fcr\u00fctme Kurulu taraf\u0131ndan yap\u0131lan a\u00e7\u0131klamada, sanat y\u00f6netmenli\u011fini Erdo\u011fan \u015eanal\u2019\u0131n, sanat dan\u0131\u015fma kurulu \u00fcyeliklerini Prof. Rengim &hellip; <a href=\"https:\/\/akdenizolaygazetesi.com\/?p=1597\" class=\"more-link\">Devam\u0131n\u0131 Oku&#8230;<\/a><\/p>\n","protected":false},"author":1,"featured_media":0,"comment_status":"open","ping_status":"open","sticky":false,"template":"","format":"standard","meta":[],"categories":[],"tags":[],"_links":{"self":[{"href":"https:\/\/akdenizolaygazetesi.com\/index.php?rest_route=\/wp\/v2\/posts\/1597"}],"collection":[{"href":"https:\/\/akdenizolaygazetesi.com\/index.php?rest_route=\/wp\/v2\/posts"}],"about":[{"href":"https:\/\/akdenizolaygazetesi.com\/index.php?rest_route=\/wp\/v2\/types\/post"}],"author":[{"embeddable":true,"href":"https:\/\/akdenizolaygazetesi.com\/index.php?rest_route=\/wp\/v2\/users\/1"}],"replies":[{"embeddable":true,"href":"https:\/\/akdenizolaygazetesi.com\/index.php?rest_route=%2Fwp%2Fv2%2Fcomments&post=1597"}],"version-history":[{"count":0,"href":"https:\/\/akdenizolaygazetesi.com\/index.php?rest_route=\/wp\/v2\/posts\/1597\/revisions"}],"wp:attachment":[{"href":"https:\/\/akdenizolaygazetesi.com\/index.php?rest_route=%2Fwp%2Fv2%2Fmedia&parent=1597"}],"wp:term":[{"taxonomy":"category","embeddable":true,"href":"https:\/\/akdenizolaygazetesi.com\/index.php?rest_route=%2Fwp%2Fv2%2Fcategories&post=1597"},{"taxonomy":"post_tag","embeddable":true,"href":"https:\/\/akdenizolaygazetesi.com\/index.php?rest_route=%2Fwp%2Fv2%2Ftags&post=1597"}],"curies":[{"name":"wp","href":"https:\/\/api.w.org\/{rel}","templated":true}]}}