{"id":15977,"date":"2022-01-05T12:13:23","date_gmt":"2022-01-05T09:13:23","guid":{"rendered":"http:\/\/akdenizolaygazetesi.com\/?p=15977"},"modified":"2022-01-05T12:13:23","modified_gmt":"2022-01-05T09:13:23","slug":"hos-geldin-bebek-projesi-ile-akdenizde-4-bin-500u-askin-aileye-ulasildi","status":"publish","type":"post","link":"https:\/\/akdenizolaygazetesi.com\/?p=15977","title":{"rendered":"HO\u015e GELD\u0130N BEBEK PROJES\u0130 \u0130LE AKDEN\u0130Z\u2019DE 4 B\u0130N 500\u2019\u00dc A\u015eKIN A\u0130LEYE ULA\u015eILDI"},"content":{"rendered":"<p>Akdeniz Belediyesi\u2019nin, 2020 y\u0131l\u0131 ba\u015f\u0131nda Mersin\u2019de ilk kez hayata katt\u0131\u011f\u0131 ve vatanda\u015flar\u0131n b\u00fcy\u00fck takdirini toplayan \u00f6rnek sosyal projelerden olan \u201cHo\u015f Geldin Projesi\u201d, ilk g\u00fcnk\u00fc ilgi ve be\u011feni alt\u0131nda devam ediyor. Ses getiren proje sayesinde 2 y\u0131l i\u00e7inde Akdeniz il\u00e7esinde ula\u015f\u0131lan aile say\u0131s\u0131 4 bin 500\u2019\u00fc a\u015ft\u0131.<br \/>\nAkdeniz Belediye Ba\u015fkan\u0131 M. Mustafa G\u00fcltak\u2019\u0131n, \u2018G\u00f6n\u00fcl Belediyecili\u011fi\u2019 ilkesiyle 2020 y\u0131l\u0131 ba\u015f\u0131nda bir ilke imza atarak hayata katt\u0131\u011f\u0131 \u201cHo\u015f Geldin Bebek\u201d projesi kapsam\u0131nda, aradan ge\u00e7en 2 y\u0131l i\u00e7inde 4 bin 500\u2019den fazla bebe\u011fe ula\u015f\u0131ld\u0131. D\u00fcnyaya g\u00f6zlerini yeni a\u00e7an bebekleri i\u00e7in anne-babalar\u0131 tebrik etmek amac\u0131yla ziyaretlerine devam eden Ba\u015fkan G\u00fcltak, bebek ve annenin ihtiya\u00e7lar\u0131n\u0131n bulundu\u011fu \u00e7antalar\u0131 hediye ediyor.<br \/>\nKad\u0131n ve Aile Hizmetleri M\u00fcd\u00fcrl\u00fc\u011f\u00fc ekipleri de yeni do\u011fan bebekleri ve ebeveynleri ziyaret ederek i\u00e7inde onlarca \u00e7e\u015fit \u00fcr\u00fcn\u00fcn bulundu\u011fu \u00e7antay\u0131 ailelere ula\u015ft\u0131r\u0131yor. Hediye edilen \u00e7antada, biberondan emzi\u011fe, \u00e7e\u015fitli mamalara ve bebek bezine kadar bir bebe\u011fin ve annenin ihtiyac\u0131n\u0131 duydu\u011fu pek \u00e7ok \u00fcr\u00fcn bulunurken, aileler de proje nedeniyle memnuniyet ve te\u015fekk\u00fcrlerini dile getirdi.<br \/>\n\u201cZiyaret etti\u011fimiz ilk bebeklerimiz 2 ya\u015f\u0131n\u0131 doldurdu\u201d<br \/>\nMersin\u2019de bir ilk olan ve 2020 y\u0131l\u0131 ba\u015f\u0131nda ba\u015flat\u0131lan projeye b\u00fcy\u00fck \u00f6nem verdiklerinin alt\u0131n\u0131 \u00e7izen Ba\u015fkan G\u00fcltak; \u201cMersin\u2019de bu g\u00fczel ve \u00f6rnek projeyi ba\u015flatan ilk belediye olmaktan dolay\u0131 gururlu ve sevin\u00e7liyiz. Nitekim projeyi ilk ba\u015flatt\u0131\u011f\u0131m\u0131zda ziyaret etti\u011fimiz bebeklerimiz bug\u00fcn 2 ya\u015f\u0131n\u0131 doldurdu. Sevimli bebeklerimize ve anne-babalar\u0131na; yeni y\u0131lda sa\u011fl\u0131kl\u0131, mutlu ve huzur dolu bir \u00f6m\u00fcr ve gelecek diliyorum. Ho\u015f Geldin Bebek projemiz ile bu g\u00fczel g\u00fcnlerinde anne ve babalar\u0131n sevincini, heyecan ve mutlulu\u011funu payla\u015f\u0131yoruz. En mutlu g\u00fcnlerinde insan\u0131m\u0131z\u0131n yan\u0131nda olmaya devam edece\u011fiz\u201d dedi.<br \/>\n\u201cAnnelerin y\u00fck\u00fcn\u00fc bir nebze hafifletiyoruz\u201d<br \/>\n\u201c\u00d6zellikle ilk kez anne olan kad\u0131nlara bu deste\u011fin verilmesini \u00f6nemsiyor, onlar\u0131n y\u00fck\u00fcn\u00fc bir nebze de olsa hafifletiyoruz\u201d diyen Ba\u015fkan G\u00fcltak; \u201c\u00c7\u00fcnk\u00fc bebek bak\u0131m\u0131 ger\u00e7ekten \u00e7ok me\u015fakkatli ve fedak\u00e2rl\u0131k isteyen bir s\u00fcre\u00e7tir. Ailelerimize verdi\u011fimiz bu hizmet ile bebe\u011fin a\u015f\u0131 takviminin takibi, sa\u011fl\u0131\u011f\u0131yla ilgili sorunlar\u0131n erken te\u015fhisi ve b\u00f6ylece tedavinin ba\u015far\u0131l\u0131 olmas\u0131 da sa\u011flanm\u0131\u015f oluyor. Akdeniz s\u0131n\u0131rlar\u0131 i\u00e7erisinde ya\u015fayan ailelerimizin mutlulu\u011fu mutlulu\u011fumuz, sevinci sevincimizdir. Toplumun en \u00f6nemli \u00e7ekirdek birimi ailelerimize her t\u00fcrl\u00fc deste\u011fimiz devam edecek\u201d ifadelerini kulland\u0131.<\/p>\n","protected":false},"excerpt":{"rendered":"<p>Akdeniz Belediyesi\u2019nin, 2020 y\u0131l\u0131 ba\u015f\u0131nda Mersin\u2019de ilk kez hayata katt\u0131\u011f\u0131 ve vatanda\u015flar\u0131n b\u00fcy\u00fck takdirini toplayan \u00f6rnek sosyal projelerden olan \u201cHo\u015f Geldin Projesi\u201d, ilk g\u00fcnk\u00fc ilgi ve be\u011feni alt\u0131nda devam ediyor. &hellip; <a href=\"https:\/\/akdenizolaygazetesi.com\/?p=15977\" class=\"more-link\">Devam\u0131n\u0131 Oku&#8230;<\/a><\/p>\n","protected":false},"author":2,"featured_media":15978,"comment_status":"open","ping_status":"open","sticky":false,"template":"","format":"standard","meta":[],"categories":[2,3,5],"tags":[],"_links":{"self":[{"href":"https:\/\/akdenizolaygazetesi.com\/index.php?rest_route=\/wp\/v2\/posts\/15977"}],"collection":[{"href":"https:\/\/akdenizolaygazetesi.com\/index.php?rest_route=\/wp\/v2\/posts"}],"about":[{"href":"https:\/\/akdenizolaygazetesi.com\/index.php?rest_route=\/wp\/v2\/types\/post"}],"author":[{"embeddable":true,"href":"https:\/\/akdenizolaygazetesi.com\/index.php?rest_route=\/wp\/v2\/users\/2"}],"replies":[{"embeddable":true,"href":"https:\/\/akdenizolaygazetesi.com\/index.php?rest_route=%2Fwp%2Fv2%2Fcomments&post=15977"}],"version-history":[{"count":1,"href":"https:\/\/akdenizolaygazetesi.com\/index.php?rest_route=\/wp\/v2\/posts\/15977\/revisions"}],"predecessor-version":[{"id":15979,"href":"https:\/\/akdenizolaygazetesi.com\/index.php?rest_route=\/wp\/v2\/posts\/15977\/revisions\/15979"}],"wp:featuredmedia":[{"embeddable":true,"href":"https:\/\/akdenizolaygazetesi.com\/index.php?rest_route=\/wp\/v2\/media\/15978"}],"wp:attachment":[{"href":"https:\/\/akdenizolaygazetesi.com\/index.php?rest_route=%2Fwp%2Fv2%2Fmedia&parent=15977"}],"wp:term":[{"taxonomy":"category","embeddable":true,"href":"https:\/\/akdenizolaygazetesi.com\/index.php?rest_route=%2Fwp%2Fv2%2Fcategories&post=15977"},{"taxonomy":"post_tag","embeddable":true,"href":"https:\/\/akdenizolaygazetesi.com\/index.php?rest_route=%2Fwp%2Fv2%2Ftags&post=15977"}],"curies":[{"name":"wp","href":"https:\/\/api.w.org\/{rel}","templated":true}]}}