{"id":1598,"date":"2020-11-04T18:22:09","date_gmt":"2020-11-04T15:22:09","guid":{"rendered":"http:\/\/mersinekonomipolitikagazetesi.com\/?p=1598"},"modified":"2020-11-04T18:22:09","modified_gmt":"2020-11-04T15:22:09","slug":"forum-mersinden-engelsiz-yasama-destek","status":"publish","type":"post","link":"https:\/\/akdenizolaygazetesi.com\/?p=1598","title":{"rendered":"Forum Mersin\u2019den engelsiz ya\u015fama destek"},"content":{"rendered":"<p>Forum Mersin Al\u0131\u015f Veri\u015f Merkezi, &#8216;Engelsiz T\u00fcketici Projesi&#8217; kapsam\u0131nda, Mersin \u0130l Ticaret M\u00fcd\u00fcrl\u00fc\u011f\u00fc ile \u00f6zel bir i\u015fbirli\u011fine imza att\u0131.<\/p>\n<p><span style=\"font-size:16px;\"><span style=\"font-family: sans-serif; line-height: 20px; text-align: justify; background-color: rgb(242, 244, 245);\">Forum Mersin, her misafirine en iyi hizmeti verebilmek i\u00e7in Mersin \u0130l Ticaret M\u00fcd\u00fcrl\u00fc\u011f\u00fc taraf\u0131ndan ger\u00e7ekle\u015ftirilen &#8216;Engelsiz T\u00fcketici Projesi\u2019ne destek oldu. D\u00fcnya T\u00fcketiciler G\u00fcn\u00fc dolay\u0131s\u0131yla ger\u00e7ekle\u015ftirilen proje kapsam\u0131nda engelli vatanda\u015flar, kar\u015f\u0131la\u015ft\u0131klar\u0131 sorunlar ve \u00e7\u00f6z\u00fcm \u00f6nerileri ba\u015fl\u0131\u011f\u0131yla haz\u0131rlanan bro\u015f\u00fcrleri tek tek hem al\u0131\u015fveri\u015f yapmaya gelen vatanda\u015flara hem de \u00e7al\u0131\u015fanlara da\u011f\u0131tt\u0131.\u00a0<\/span><br style=\"box-sizing: border-box; font-family: sans-serif; font-size: 14px; line-height: 20px; text-align: justify; background-color: rgb(242, 244, 245);\" \/><br \/>\n<span style=\"font-family: sans-serif; line-height: 20px; text-align: justify; background-color: rgb(242, 244, 245);\">\u201cEngelsiz T\u00fcketici Projesi\u201d\u00a0<\/span><br style=\"box-sizing: border-box; font-family: sans-serif; font-size: 14px; line-height: 20px; text-align: justify; background-color: rgb(242, 244, 245);\" \/><br \/>\n<span style=\"font-family: sans-serif; line-height: 20px; text-align: justify; background-color: rgb(242, 244, 245);\">Engelsiz T\u00fcketici Projesi ile engelli t\u00fcketicilerin al\u0131\u015fveri\u015flerde kar\u015f\u0131la\u015ft\u0131klar\u0131 sorunlar ve \u00e7\u00f6z\u00fcm \u00f6nerileri ba\u015fl\u0131\u011f\u0131 ile 30 Ocak 2018 tarihinde yap\u0131lan \u00e7al\u0131\u015fma toplant\u0131s\u0131n\u0131n sonu\u00e7 bildirgesi, proje sonunda al\u0131\u015fveri\u015f merkezi i\u00e7indeki ma\u011faza \u00e7al\u0131\u015fanlar\u0131na da\u011f\u0131t\u0131ld\u0131. \u0130l Ticaret M\u00fcd\u00fcr Vekili Hac\u0131 Akif Y\u0131ld\u0131z, projenin \u00f6ncelikli amac\u0131n\u0131n, engelli t\u00fcketicilerin al\u0131\u015fveri\u015flerde kar\u015f\u0131la\u015ft\u0131\u011f\u0131 sorunlara bir nebzede \u0131\u015f\u0131k olabilmek ve kurum olarak sat\u0131c\u0131 ile vatanda\u015f aras\u0131nda bir k\u00f6pr\u00fc olu\u015fturabilmek oldu\u011funu s\u00f6yledi.<\/span><\/span><\/p>\n","protected":false},"excerpt":{"rendered":"<p>Forum Mersin Al\u0131\u015f Veri\u015f Merkezi, &#8216;Engelsiz T\u00fcketici Projesi&#8217; kapsam\u0131nda, Mersin \u0130l Ticaret M\u00fcd\u00fcrl\u00fc\u011f\u00fc ile \u00f6zel bir i\u015fbirli\u011fine imza att\u0131. Forum Mersin, her misafirine en iyi hizmeti verebilmek i\u00e7in Mersin \u0130l &hellip; <a href=\"https:\/\/akdenizolaygazetesi.com\/?p=1598\" class=\"more-link\">Devam\u0131n\u0131 Oku&#8230;<\/a><\/p>\n","protected":false},"author":1,"featured_media":0,"comment_status":"open","ping_status":"open","sticky":false,"template":"","format":"standard","meta":[],"categories":[],"tags":[],"_links":{"self":[{"href":"https:\/\/akdenizolaygazetesi.com\/index.php?rest_route=\/wp\/v2\/posts\/1598"}],"collection":[{"href":"https:\/\/akdenizolaygazetesi.com\/index.php?rest_route=\/wp\/v2\/posts"}],"about":[{"href":"https:\/\/akdenizolaygazetesi.com\/index.php?rest_route=\/wp\/v2\/types\/post"}],"author":[{"embeddable":true,"href":"https:\/\/akdenizolaygazetesi.com\/index.php?rest_route=\/wp\/v2\/users\/1"}],"replies":[{"embeddable":true,"href":"https:\/\/akdenizolaygazetesi.com\/index.php?rest_route=%2Fwp%2Fv2%2Fcomments&post=1598"}],"version-history":[{"count":0,"href":"https:\/\/akdenizolaygazetesi.com\/index.php?rest_route=\/wp\/v2\/posts\/1598\/revisions"}],"wp:attachment":[{"href":"https:\/\/akdenizolaygazetesi.com\/index.php?rest_route=%2Fwp%2Fv2%2Fmedia&parent=1598"}],"wp:term":[{"taxonomy":"category","embeddable":true,"href":"https:\/\/akdenizolaygazetesi.com\/index.php?rest_route=%2Fwp%2Fv2%2Fcategories&post=1598"},{"taxonomy":"post_tag","embeddable":true,"href":"https:\/\/akdenizolaygazetesi.com\/index.php?rest_route=%2Fwp%2Fv2%2Ftags&post=1598"}],"curies":[{"name":"wp","href":"https:\/\/api.w.org\/{rel}","templated":true}]}}