{"id":15989,"date":"2022-01-05T12:23:33","date_gmt":"2022-01-05T09:23:33","guid":{"rendered":"http:\/\/akdenizolaygazetesi.com\/?p=15989"},"modified":"2022-01-05T12:23:33","modified_gmt":"2022-01-05T09:23:33","slug":"baskan-yilmaz-kahraman-ordumuzla-gurur-duyuyoruz","status":"publish","type":"post","link":"https:\/\/akdenizolaygazetesi.com\/?p=15989","title":{"rendered":"BA\u015eKAN YILMAZ, &#8220;KAHRAMAN ORDUMUZLA GURUR DUYUYORUZ&#8221;"},"content":{"rendered":"<p>Toroslar Belediyesi&#8217;nin 3 Ocak Mersin&#8217;in D\u00fc\u015fman \u0130\u015fgalinden Kurtulu\u015fu&#8217;nun y\u0131l d\u00f6n\u00fcm\u00fc dolay\u0131s\u0131yla d\u00fczenledi\u011fi etkinlikler kapsam\u0131nda Yunus Emre K\u00fclt\u00fcr Merkezinde, Mersin Akdeniz B\u00f6lge ve Garnizon Bando Tak\u0131m\u0131 bir g\u00f6steri yapt\u0131. Ard\u0131ndan Toroslar Belediyesi&#8217;nin, Mersin Yazarlar Derne\u011fi (MEYAD) ile birlikte geleneksel olarak d\u00fczenledi\u011fi &#8220;3 Ocak Mersin&#8217;in Kurtulu\u015fu&#8221; konulu \u015fiir yar\u0131\u015fmas\u0131nda dereceye girenlere d\u00fczenlenen t\u00f6renle \u00f6d\u00fclleri takdim edildi.<br \/>\nGarnizon Bando Tak\u0131m\u0131, sergiledi\u011fi performansla kat\u0131l\u0131mc\u0131lar\u0131 mest etti. B\u00fcy\u00fck be\u011feni toplayan g\u00f6steride, seslendirilen mar\u015flar e\u015fli\u011finde dalgaland\u0131r\u0131lan T\u00fcrk bayraklar\u0131n\u0131n olu\u015fturdu\u011fu g\u00f6r\u00fcnt\u00fc &#8220;3 Ocak&#8221; ruhunun \u00f6n g\u00fczel g\u00f6stergesi oldu.<\/p>\n<p>BA\u015eKAN YILMAZ, &#8220;KAHRAMAN ORDUMUZLA GURUR DUYUYORUZ&#8221;<br \/>\nMilli duygular\u0131n doruklarda ya\u015fand\u0131\u011f\u0131 g\u00f6steride, Toroslar Belediye Ba\u015fkan\u0131 Ats\u0131z Af\u015f\u0131n Y\u0131lmaz da okunan \u0130zmir Mar\u015f\u0131&#8217;na sahnede e\u015flik etti. 7&#8217;den 70&#8217;e herkesin bildi\u011fi bu milli mar\u015f\u0131, b\u00fct\u00fcn salonun bir a\u011f\u0131zdan okumas\u0131 duygu dolu anlar ya\u015fatt\u0131.<br \/>\nBa\u015fkan Y\u0131lmaz, &#8220;3 Ocak Kurtulu\u015f G\u00fcn\u00fc&#8221; dolay\u0131s\u0131yla Yunus Emre K\u00fclt\u00fcr Merkezi&#8217;nde sahne alan Garnizon Bando Tak\u0131m\u0131na ve Akdeniz B\u00f6lge ve Garnizon Komutan\u0131 Tu\u011famiral Fuat Gedik&#8217;e te\u015fekk\u00fcr ederek, &#8220;Her ordunun b\u00f6yle g\u00fczel bando tak\u0131m\u0131 olmaz, ordu ne kadar b\u00fcy\u00fckse bandosu da b\u00f6yle g\u00fczel olur. Kahraman ordumuzla gurur duyuyoruz&#8221; dedi.<\/p>\n<p>3 OCAK \u015e\u0130\u0130R YARI\u015eMASI&#8217;NIN \u00d6D\u00dcLLER\u0130, SAH\u0130PLER\u0130N\u0130 BULDU<\/p>\n<p>3 Ocak Mersin&#8217;in D\u00fc\u015fman \u0130\u015fgalinden Kurtulu\u015fu&#8217;nun 100&#8217;\u00fcnc\u00fc y\u0131l d\u00f6n\u00fcm\u00fc etkinlikleri kapsam\u0131nda geleneksel olarak organize edilen \u015fiir yar\u0131\u015fmas\u0131, T\u00fcrkiye&#8217;nin \u00e7e\u015fitli illerinden yo\u011fun ilgi g\u00f6rd\u00fc.<br \/>\nYar\u0131\u015fmaya, Mersin ve il\u00e7elerinin yan\u0131 s\u0131ra Trabzon, Eski\u015fehir, Van, Bursa, Osmaniye, Konya, Tokat, \u00c7anakkale, Kahramanmara\u015f, Ankara, Karaman, Adana, \u0130stanbul ve Siirt olmak \u00fczere T\u00fcrkiye&#8217;nin 14 ilinden toplam 58 eser kat\u0131ld\u0131.<br \/>\nJ\u00fcri \u00fcyelerinin yapt\u0131\u011f\u0131 de\u011ferlendirme sonucunda; &#8220;\u00dc\u00e7 Ocak Destan\u0131&#8221;  adl\u0131 \u015fiiri ile Mersin&#8217;den Mustafa Do\u011fan birinci, &#8220;Sahip \u00c7\u0131k Mersin&#8217;e (Vermem Asla)&#8221; adl\u0131 \u015fiiri ile Mersin&#8217;in Mezitli il\u00e7esinden Faruk G\u00f6kbulut ikinci, &#8220;Mersin \u00dc\u00e7 Ocak&#8221; adl\u0131 \u015fiiri ile Mersin&#8217;in Tarsus il\u00e7esinden Nadir Do\u011fanc\u0131 ise \u00fc\u00e7\u00fcnc\u00fc oldu.<\/p>\n<p>\u00d6d\u00fcl t\u00f6renine; te\u015fkilat ba\u015fkanlar\u0131, sivil toplum kurulu\u015flar\u0131n\u0131n temsilcileri, belediye meclis \u00fcyeleri ve vatanda\u015flar kat\u0131ld\u0131. Birinciye tam alt\u0131n, ikinciye yar\u0131m alt\u0131n ve \u00fc\u00e7\u00fcnc\u00fcye \u00e7eyrek alt\u0131n\u0131n verildi\u011fi yar\u0131\u015fmada Toroslar Belediye Ba\u015fkan\u0131 Ats\u0131z Af\u015f\u0131n Y\u0131lmaz ve protokol \u00fcyeleri taraf\u0131ndan j\u00fcri \u00fcyelerine de \u00e7i\u00e7ek ve plaket takdim edilerek te\u015fekk\u00fcr edildi. Yar\u0131\u015fmaya eser g\u00f6nderen t\u00fcm kat\u0131l\u0131mc\u0131lara da g\u00fcn\u00fcn an\u0131s\u0131na te\u015fekk\u00fcr belgeleri verildi.<\/p>\n<p>A\u00e7\u0131l\u0131\u015f konu\u015fmas\u0131n\u0131 yapan MEYAD Ba\u015fkan\u0131 R\u00fc\u015ft\u00fc Ayd\u0131n, Ba\u015fkan Y\u0131lmaz&#8217;a desteklerinden dolay\u0131 te\u015fekk\u00fcr ederek, &#8220;Bu y\u0131l Mersin&#8217;in D\u00fc\u015fman \u0130\u015fgalinden Kurtulu\u015fu&#8217;nun 100. y\u0131l\u0131n\u0131 kutluyoruz. 3 Ocak Kurtulu\u015f G\u00fcn\u00fc ile ilgili d\u00fczenledi\u011fimiz yar\u0131\u015fmaya T\u00fcrkiye&#8217;nin bir\u00e7ok vilayetinden 58 \u015fiir kat\u0131ld\u0131. Bizler bug\u00fcn bu topraklarda huzurla ya\u015fayabiliyorsak bunu kurtulu\u015f m\u00fccadelesi veren atalar\u0131m\u0131za bor\u00e7luyuz. 100. y\u0131l \u00f6nce bizlere emanet ettikleri bu g\u00fczel kenti bizde ayn\u0131 \u015fekilde gelecek nesillerimize teslim etmeliyiz. Bu de\u011ferlerimizi yeni nesle aktarman\u0131n bir yolu da edebiyatt\u0131r. Ba\u015fta bu yar\u0131\u015fma heyecan\u0131m\u0131za destek veren sanat dostu, edebiyat sevdal\u0131s\u0131, k\u00fclt\u00fcr el\u00e7isi Toroslar Belediye Ba\u015fkan\u0131m\u0131z Say\u0131n Ats\u0131z Af\u015f\u0131n Y\u0131lmaz olmak \u00fczere de\u011ferlendirme j\u00fcrimize ve kat\u0131l\u0131m sa\u011flayan herkese te\u015fekk\u00fcr ederim&#8221; diye konu\u015ftu.<\/p>\n<p>BA\u015eKAN YILMAZ, &#8220;3 OCAK GURUR G\u00dcN\u00dcM\u00dcZ&#8221;<\/p>\n<p>Programda konu\u015fan Ba\u015fkan Y\u0131lmaz, &#8220;Bug\u00fcn gelenek haline gelen &#8220;3 Ocak Mersin&#8217;in Kurtulu\u015fu&#8221; konulu \u015fiir yar\u0131\u015fmas\u0131n\u0131n \u00f6d\u00fcl t\u00f6reni i\u00e7in bir araday\u0131z. \u00d6ncelikle MEYAD Ba\u015fkan\u0131 R\u00fc\u015ft\u00fc Ayd\u0131n&#8217;a, \u00f6zg\u00fcven g\u00f6sterip \u015fiir yazan k\u0131ymetli \u015fairlerimize ve bug\u00fcn bizleri yaln\u0131z b\u0131rakmayan de\u011ferli misafirlerimize te\u015fekk\u00fcr ediyorum. Bug\u00fcn Mersin&#8217;in Kurtulu\u015fu&#8217;nun 100. y\u0131l d\u00f6n\u00fcm\u00fc. Biz de bu duyguyu anlamak, anlatmak, idrak etmek ve gen\u00e7lerimize, \u00e7ocuklar\u0131m\u0131za ya\u015fatmak i\u00e7in bir\u00e7ok etkinlik yapt\u0131k. T\u00fcrk Ocaklar\u0131 Mersin \u015eubesi ve k\u0131ymetli akademisyenlerimizle birlikte, Mersin&#8217;in Kurtulu\u015fu ile ilgili yap\u0131lan bilimsel \u00e7al\u0131\u015fmalar\u0131 bir eser haline gelirdik. Bu \u00e7al\u0131\u015fma Mersinimizin kurtulu\u015fu ile ilgili g\u00fczel bir bilimsel eser oldu. \u0130\u015fgalci Frans\u0131z kuvvetlerinin \u00fcniformalar\u0131n\u0131 giyen Ermeni \u00e7eteciler taraf\u0131ndan e\u015fi ile birlikte \u00f6n\u00fc kesilen ve namusuna el uzat\u0131lan, direnmesi \u00fczerine de \u015fehit edilen rahmetli \u00dcmm\u00fc Teyzemizi de \u00c7avu\u015flu Mezarl\u0131\u011f\u0131m\u0131zda kabri ba\u015f\u0131nda dualarla and\u0131k. Mezar\u0131n\u0131 bularak bak\u0131m ve onar\u0131m\u0131n\u0131 yapt\u0131k. Bu de\u011ferlerimizi korumak,  anlamak ve anlatmak bizlerin g\u00f6revi&#8221; ifadelerini kulland\u0131.<\/p>\n<p>3 Ocak programlar\u0131 kapsam\u0131nda Buluklu Mahallesi&#8217;nde a\u00e7\u0131l\u0131\u015f\u0131n\u0131 ger\u00e7ekle\u015ftirdikleri Kuvayi Milliye Kararg\u00e2h\u0131 hakk\u0131nda da konu\u015fan Ba\u015fkan Y\u0131lmaz, &#8220;Kuvayi Milliyecileri \u00f6zellikle Mersin&#8217;de anlamak ve anlatmak amac\u0131yla Kuvayi Milliye Kararg\u00e2h\u0131 kurduk. \u0130\u015fgalci Frans\u0131z kuvvetlerinin, i\u015fgal s\u00fcresince kararg\u00e2h olarak kulland\u0131\u011f\u0131 binay\u0131, Say\u0131n Valimiz Ali \u0130hsan Su&#8217;nun deste\u011fiyle restorasyonunu yaparak, kararg\u00e2h haline getirdik. Kararg\u00e2hta Kuvayi Milliye hareketinde g\u00f6rev alan atalar\u0131m\u0131z\u0131n isimleri, foto\u011fraflar\u0131 ve bilgileri yer al\u0131yor. Amac\u0131m\u0131z buraya gelen gen\u00e7lerimizin, \u00e7ocuklar\u0131m\u0131z\u0131n ve ziyaretlerimizin olan\u0131 biteni anlayabilmesi ve bir tarih \u015fuuru olu\u015fturmak. Ba\u015fta Ulu \u00d6nderimiz Gazi Mustafa Kemal Atat\u00fcrk olmak \u00fczere vatan\u0131m\u0131z\u0131n kurtulmas\u0131nda, Kurtulu\u015f Sava\u015f\u0131m\u0131zda can veren, kan veren, ter ak\u0131tan t\u00fcm \u015fehitlerimizi, gazilerimizi rahmetle minnetle an\u0131yorum. Mersinimizin D\u00fc\u015fman \u0130\u015fgalinden Kurtulu\u015fu&#8217;nun 100. y\u0131l d\u00f6n\u00fcm\u00fc kapsam\u0131nda d\u00fczenledi\u011fimiz yar\u0131\u015fmam\u0131za kat\u0131larak kentimizin kurtulu\u015f m\u00fccadelesini en g\u00fczel ifadelerle m\u0131sralara d\u00f6ken t\u00fcm \u015fairlerimize te\u015fekk\u00fcr ediyor, j\u00fcri \u00fcyelerinin yapt\u0131\u011f\u0131 de\u011ferlendirme sonucu dereceye giren yar\u0131\u015fmac\u0131lar\u0131 da tebrik ediyorum&#8221; \u015feklinde konu\u015ftu.<\/p>\n<p>Ba\u015fkan Y\u0131lmaz, Kanuni Sultan S\u00fcleyman&#8217;\u0131n Muhibbi mahlas\u0131yla yazd\u0131\u011f\u0131 \u015fiiri okudu. \u015eiirin s\u00f6zleri \u015f\u00f6yle; &#8220;Sanma \u015f\u00e2h\u0131m herkesi sen s\u00e2d\u0131k\u00e2ne y\u00e2r olur<br \/>\nHerkesi sen dost mu sand\u0131n belki ol a\u011fy\u00e2r olur<br \/>\nS\u00e2d\u0131k\u00e2ne belki ol bu \u00e2lemde dild\u00e2r olur<br \/>\nY\u00e2r olur a\u011fy\u00e2r olur dild\u00e2r olur serd\u00e2r olur&#8221;<\/p>\n<p>Ziya Pa\u015fa&#8217;n\u0131n &#8220;Erbab\u0131 kemali \u00e7ekemez n\u00e2k\u0131s olanlar, Rencide olur didei huffa\u015f ziyadan&#8221; me\u015fhur s\u00f6z\u00fcn\u00fc de aktaran Ba\u015fkan Y\u0131lmaz, kat\u0131l\u0131mc\u0131lardan b\u00fcy\u00fck alk\u0131\u015f ald\u0131.<\/p>\n<p>Milli m\u00fccadele ruhunun yeni nesle aktar\u0131lmas\u0131n\u0131n ama\u00e7land\u0131\u011f\u0131 yar\u0131\u015fmaya kat\u0131larak Mersin&#8217;in kurtulu\u015f m\u00fccadelesini en g\u00fczel ifadelerle m\u0131sralara d\u00f6ken ve j\u00fcri \u00fcyelerinin yapt\u0131\u011f\u0131 de\u011ferlendirme sonucu dereceye giren yar\u0131\u015fmac\u0131lar\u0131n eserleri kat\u0131l\u0131mc\u0131lardan tam not ald\u0131.<\/p>\n","protected":false},"excerpt":{"rendered":"<p>Toroslar Belediyesi&#8217;nin 3 Ocak Mersin&#8217;in D\u00fc\u015fman \u0130\u015fgalinden Kurtulu\u015fu&#8217;nun y\u0131l d\u00f6n\u00fcm\u00fc dolay\u0131s\u0131yla d\u00fczenledi\u011fi etkinlikler kapsam\u0131nda Yunus Emre K\u00fclt\u00fcr Merkezinde, Mersin Akdeniz B\u00f6lge ve Garnizon Bando Tak\u0131m\u0131 bir g\u00f6steri yapt\u0131. Ard\u0131ndan Toroslar &hellip; <a href=\"https:\/\/akdenizolaygazetesi.com\/?p=15989\" class=\"more-link\">Devam\u0131n\u0131 Oku&#8230;<\/a><\/p>\n","protected":false},"author":2,"featured_media":15990,"comment_status":"open","ping_status":"open","sticky":false,"template":"","format":"standard","meta":[],"categories":[2,3,5],"tags":[],"_links":{"self":[{"href":"https:\/\/akdenizolaygazetesi.com\/index.php?rest_route=\/wp\/v2\/posts\/15989"}],"collection":[{"href":"https:\/\/akdenizolaygazetesi.com\/index.php?rest_route=\/wp\/v2\/posts"}],"about":[{"href":"https:\/\/akdenizolaygazetesi.com\/index.php?rest_route=\/wp\/v2\/types\/post"}],"author":[{"embeddable":true,"href":"https:\/\/akdenizolaygazetesi.com\/index.php?rest_route=\/wp\/v2\/users\/2"}],"replies":[{"embeddable":true,"href":"https:\/\/akdenizolaygazetesi.com\/index.php?rest_route=%2Fwp%2Fv2%2Fcomments&post=15989"}],"version-history":[{"count":1,"href":"https:\/\/akdenizolaygazetesi.com\/index.php?rest_route=\/wp\/v2\/posts\/15989\/revisions"}],"predecessor-version":[{"id":15991,"href":"https:\/\/akdenizolaygazetesi.com\/index.php?rest_route=\/wp\/v2\/posts\/15989\/revisions\/15991"}],"wp:featuredmedia":[{"embeddable":true,"href":"https:\/\/akdenizolaygazetesi.com\/index.php?rest_route=\/wp\/v2\/media\/15990"}],"wp:attachment":[{"href":"https:\/\/akdenizolaygazetesi.com\/index.php?rest_route=%2Fwp%2Fv2%2Fmedia&parent=15989"}],"wp:term":[{"taxonomy":"category","embeddable":true,"href":"https:\/\/akdenizolaygazetesi.com\/index.php?rest_route=%2Fwp%2Fv2%2Fcategories&post=15989"},{"taxonomy":"post_tag","embeddable":true,"href":"https:\/\/akdenizolaygazetesi.com\/index.php?rest_route=%2Fwp%2Fv2%2Ftags&post=15989"}],"curies":[{"name":"wp","href":"https:\/\/api.w.org\/{rel}","templated":true}]}}