{"id":16001,"date":"2022-01-06T11:50:34","date_gmt":"2022-01-06T08:50:34","guid":{"rendered":"http:\/\/akdenizolaygazetesi.com\/?p=16001"},"modified":"2022-01-06T11:50:34","modified_gmt":"2022-01-06T08:50:34","slug":"toroslardan-muhtarlara-buyuk-destek","status":"publish","type":"post","link":"https:\/\/akdenizolaygazetesi.com\/?p=16001","title":{"rendered":"TOROSLAR&#8217;DAN MUHTARLARA B\u00dcY\u00dcK DESTEK"},"content":{"rendered":"<p>Ba\u015fkan Y\u0131lmaz, &#8220;2022 y\u0131l\u0131n\u0131n \u00fclkemize ve t\u00fcm d\u00fcnyaya sa\u011fl\u0131k, huzur, mutluluk ve ba\u015far\u0131 getirmesini diliyorum&#8221; dedi.<\/p>\n<p>Toroslar Belediyesi, 2022 y\u0131l\u0131n\u0131n ilk meclis toplant\u0131s\u0131n\u0131 ger\u00e7ekle\u015ftirdi. Muhtarlara verilen ayni deste\u011fin y\u00fczde 36 oran\u0131nda art\u0131r\u0131lmas\u0131n\u0131n oy birli\u011fiyle kabul edildi\u011fi toplant\u0131da, Mersin Uluslararas\u0131 M\u00fczik Festivaline de 150 bin liral\u0131k katk\u0131 sa\u011flanmas\u0131 kararla\u015ft\u0131r\u0131ld\u0131.<\/p>\n<p>Ocak ay\u0131 toplant\u0131s\u0131, Belediye Ba\u015fkan\u0131 Ats\u0131z Af\u015f\u0131n Y\u0131lmaz ba\u015fkanl\u0131\u011f\u0131nda sayg\u0131 duru\u015fu ve \u0130stiklal Mar\u015f\u0131&#8217;n\u0131n okunmas\u0131yla ba\u015flad\u0131.<\/p>\n<p>Ba\u015fkan Y\u0131lmaz, g\u00fcndem maddelerinin g\u00f6r\u00fc\u015f\u00fclmesine ge\u00e7meden \u00f6nce yapt\u0131\u011f\u0131 konu\u015fmada, meclis \u00fcyelerinin yeni y\u0131l\u0131n\u0131 kutlad\u0131.<\/p>\n<p>Bir ve beraber olman\u0131n \u00f6nemine dikkat \u00e7eken Ba\u015fkan Y\u0131lmaz, &#8220;Ge\u00e7ti\u011fimiz y\u0131llar \u00fclkemiz ve t\u00fcm d\u00fcnya, pandemiye ba\u011fl\u0131 geli\u015fmelerden dolay\u0131 zor s\u00fcre\u00e7lerden ge\u00e7ti. Temennimiz 2022 y\u0131l\u0131n\u0131n ge\u00e7ti\u011fimiz y\u0131llar\u0131n olumsuzluklar\u0131n\u0131 ta\u015f\u0131mamas\u0131d\u0131r. Bunu sa\u011flamak, g\u00fc\u00e7l\u00fc olmak elimizde. Biz bir aileyiz. Bir ve beraber olduk\u00e7a t\u00fcm g\u00fc\u00e7l\u00fckleri birlikte a\u015far\u0131z. Allah birli\u011fimizi, beraberli\u011fimizi daim eylesin&#8221; diye konu\u015ftu.<\/p>\n<p>&#8220;BA\u015eKAN YILMAZ, &#8220;3 OCAK MERS\u0130N&#8217;DE YA\u015eAYAN HERKES\u0130N BAYRAMI, GURURUDUR&#8221;<\/p>\n<p>T\u00fcm kentte co\u015fkuyla kutlanan 3 Ocak Kurtulu\u015f G\u00fcn\u00fc hakk\u0131nda konu\u015fan Ba\u015fkan Y\u0131lmaz, &#8220;3 Ocak Mersin&#8217;in ortak paydas\u0131d\u0131r. Anadolu&#8217;nun her yerinde, i\u015fgal kuvvetlerine kar\u015f\u0131 yerel halk bir araya gelmi\u015f, kahramanl\u0131k destan\u0131 yazarak d\u00fc\u015fman\u0131 yenmi\u015ftir. O a\u00e7\u0131dan 3 Ocak Mersin&#8217;de ya\u015fan herkesin bayram\u0131, gururudur. Bu m\u00fccadelede kan veren, can veren, al\u0131n teri d\u00f6ken t\u00fcm \u015fehit ve gazilerimizi rahmet ve minnetle an\u0131yorum. Ruhlar\u0131 \u015fad olsun&#8221; ifadelerini kulland\u0131.<\/p>\n<p>&#8220;TOROSLAR, GEN\u0130\u015e VE GEL\u0130\u015eEN B\u0130R B\u00d6LGE&#8221;<\/p>\n<p>2021 y\u0131l\u0131nda ger\u00e7ekle\u015ftirdikleri hizmetlere de de\u011finen Ba\u015fkan Y\u0131lmaz, &#8220;Taziye evleri ile ilgili fizibilite \u00e7al\u0131\u015fmalar\u0131m\u0131z\u0131 yapt\u0131k. Yol \u00e7al\u0131\u015fmalar\u0131m\u0131z kapsam\u0131nda da 83 bin ton asfalt, 500 bin metrekare parke ta\u015f\u0131 d\u00f6\u015fedik. 17 g\u00fcnl\u00fck kapanma d\u00f6neminde ve sonras\u0131nda hem\u015fehrilerimizin her derdine \u00e7are olmak i\u00e7in \u00e7al\u0131\u015ft\u0131k, \u00e7al\u0131\u015fmaya devam ediyoruz. Kapanma d\u00f6neminde 60 binin \u00fczerinde \u00e7a\u011fr\u0131 ald\u0131k.  50 binin \u00fczerinde de yard\u0131m kolisi da\u011f\u0131t\u0131m\u0131 ger\u00e7ekle\u015ftirdik. Bu s\u00fcre\u00e7te ekonomimizin bel kemi\u011fi esnaflar\u0131m\u0131za da destek sa\u011flayarak onlara can suyu olmak istedik. Yaylalar\u0131m\u0131zda, \u00e7ift\u00e7ilerimizle birlikte d\u00fczenledi\u011fimiz etkinliklerimizde amac\u0131m\u0131z \u00fcretilen tar\u0131m \u00fcr\u00fcnlerinin ve kentimizin tan\u0131t\u0131m\u0131 yapmak. Topra\u011f\u0131 bereketlendiren \u00e7ift\u00e7ilerimiz bizler i\u00e7in \u00e7ok de\u011ferli. B\u00f6lgemiz geni\u015f. \u00c7al\u0131\u015fmalar\u0131m\u0131za aral\u0131ks\u0131z devam edece\u011fiz.  Sosyal belediyecilik anlay\u0131\u015f\u0131yla \u00e7al\u0131\u015f\u0131yoruz ve bu do\u011frultuda toplumumuzun her kesimi ile ileti\u015fim kurmay\u0131 \u00f6nemsiyoruz&#8221; ifadelerini kulland\u0131.<\/p>\n<p>DENET\u0130M KOM\u0130SYONU \u00dcYELER\u0130 BEL\u0130RLEND\u0130<\/p>\n<p>Ba\u015fkan Y\u0131lmaz&#8217;\u0131n konu\u015fmas\u0131n\u0131n ard\u0131ndan Denetim Komisyonu \u00fcyeli\u011fi se\u00e7imi yap\u0131ld\u0131. Yap\u0131lan oylamada Belediye Meclis \u00dcyeleri Salih \u00d6zbay, Atilla Parlak, Fatma \u00d6zer, Hasan \u00c7a\u011fanay ve Eren T\u00fcrker Denetim Komisyonu \u00fcyesi se\u00e7ildi.<\/p>\n<p>&#8220;MUHTARLIKLARA VER\u0130LEN AYN\u0130 YARDIM DESTE\u011e\u0130 ARTIRILDI&#8221;<\/p>\n<p>Toplant\u0131da belediye s\u0131n\u0131rlar\u0131 i\u00e7erisindeki toplam 67 mahalle muhtarl\u0131\u011f\u0131na verilen ayl\u0131k ayni yard\u0131m\u0131n ge\u00e7ti\u011fimiz y\u0131la g\u00f6re y\u00fczde 36,2 art\u0131r\u0131lmas\u0131na ili\u015fkin teklif g\u00f6r\u00fc\u015f\u00fclerek oy birli\u011fiyle kabul edildi.<\/p>\n<p>Ba\u015fkan Y\u0131lmaz, muhtarl\u0131klar\u0131n hem\u015fehrilerimize daha iyi hizmet edebilmeleri amac\u0131yla verecekleri ayni yard\u0131m\u0131n hay\u0131rl\u0131 olmas\u0131n\u0131 dileyerek; &#8220;Ortak hedefimiz halk\u0131m\u0131za hizmet etmektir. Muhtarl\u0131klar\u0131m\u0131z\u0131n elektrik, su, internet, telefon, yak\u0131t ve akaryak\u0131t gibi benzeri giderlerin kar\u015f\u0131lanmas\u0131 amac\u0131yla belediye olarak yapt\u0131\u011f\u0131m\u0131z ayl\u0131k ayni yard\u0131m\u0131 bu y\u0131l daha da art\u0131rd\u0131k. T\u00fcm muhtarlar\u0131m\u0131za hay\u0131rl\u0131 olsun&#8221; dedi.<\/p>\n<p>&#8220;M\u00dcZ\u0130K FEST\u0130VAL\u0130 KENT\u0130M\u0130Z\u0130N Y\u00dcZ AKI&#8221;<\/p>\n<p>Mersin Uluslararas\u0131 M\u00fczik Festivali&#8217;nin, kentin ulusal ve uluslararas\u0131 alanda tan\u0131t\u0131lmas\u0131nda b\u00fcy\u00fck bir rol \u00fcstlendi\u011fini kaydeden Ba\u015fkan Y\u0131lmaz, &#8220;Mersin Uluslararas\u0131 M\u00fczik Festivali&#8217;nin bu y\u0131l 20. si ger\u00e7ekle\u015ftirilecek.  Bu festival kentimiz i\u00e7in g\u00fczel, y\u00fcz ak\u0131 bir organizasyon. Toroslar Belediyesi olarak bu organizasyona destek vermeyi \u00f6nemsiyoruz&#8221; diye konu\u015ftu.<\/p>\n<p>7-21 May\u0131s 2022 ile 18 Haziran 2022 tarihleri aras\u0131nda ger\u00e7ekle\u015ftirilecek olan &#8220;20. Mersin Uluslararas\u0131 M\u00fczik Festivali&#8221; i\u00e7in belediye b\u00fct\u00e7esinden maddi destek sa\u011flanmas\u0131na ili\u015fkin teklif,  g\u00f6r\u00fc\u015f\u00fclerek oy birli\u011fiyle Plan ve B\u00fct\u00e7e Komisyonuna havale edildi.<\/p>\n<p>Toplant\u0131da, m\u00fclkiyeti Toroslar Belediyesine ait olan Arpa\u00e7sakarlar Mahallesi O33-A-13-C-4-A pafta 5761 ada 17 no&#8217;lu parselin okul yap\u0131lmak \u00fczere \u0130l Milli E\u011fitim M\u00fcd\u00fcrl\u00fc\u011f\u00fcne tahsis edilmesine ili\u015fkin teklif g\u00f6r\u00fc\u015f\u00fclerek, \u0130mar ve Bay\u0131nd\u0131rl\u0131k ile \u00c7evre ve \u015eehircilik Komisyonlar\u0131na sevk edildi.<\/p>\n<p>Tapunun Mersin \u0130li, Toroslar \u0130l\u00e7esi, Horozlu Mahallesi, 133 ada 4 parsel ve 188 ada 1 parsel i\u00e7in haz\u0131rlat\u0131lan 1\/1000 \u00f6l\u00e7ekli uygulama imar plan\u0131 de\u011fi\u015fikli\u011fine ait \u0130mar ve Bay\u0131nd\u0131rl\u0131k Komisyonu ile \u00c7evre ve Sa\u011fl\u0131k Komisyonu Ortak Raporu g\u00f6r\u00fc\u015f\u00fclerek, oy birli\u011fiyle kabul edildi.<\/p>\n<p>830 hektar alanda haz\u0131rlanan &#8220;Mersin \u0130li, Toroslar \u0130l\u00e7esi, 3. Etap 1\/1000 \u00f6l\u00e7ekli Revizyon Uygulama \u0130mar Plan\u0131na&#8221; ili\u015fkin komisyonlar\u0131n ortak raporu g\u00f6r\u00fc\u015f\u00fclerek, \u00e7al\u0131\u015fmalar\u0131n devam etmesi dolay\u0131s\u0131yla t\u00fcm komisyonlara 1 ay ek s\u00fcre verilmesi oy birli\u011fiyle kabul edildi.<br \/>\nBelediye meclisinin 2022 y\u0131l\u0131 i\u00e7in ayl\u0131k tatili, oy birli\u011fiyle A\u011fustos ay\u0131 olarak belirlendi.<\/p>\n<p>Toroslar Belediye Meclisi&#8217;nin \u015eubat Ay\u0131 Meclis Toplant\u0131s\u0131 ise 1 \u015eubat 2022 Sal\u0131 g\u00fcn\u00fc saat 14.00&#8217;de Yunus Emre K\u00fclt\u00fcr Merkezi&#8217;nde yap\u0131lacak.<\/p>\n","protected":false},"excerpt":{"rendered":"<p>Ba\u015fkan Y\u0131lmaz, &#8220;2022 y\u0131l\u0131n\u0131n \u00fclkemize ve t\u00fcm d\u00fcnyaya sa\u011fl\u0131k, huzur, mutluluk ve ba\u015far\u0131 getirmesini diliyorum&#8221; dedi. Toroslar Belediyesi, 2022 y\u0131l\u0131n\u0131n ilk meclis toplant\u0131s\u0131n\u0131 ger\u00e7ekle\u015ftirdi. Muhtarlara verilen ayni deste\u011fin y\u00fczde 36 &hellip; <a href=\"https:\/\/akdenizolaygazetesi.com\/?p=16001\" class=\"more-link\">Devam\u0131n\u0131 Oku&#8230;<\/a><\/p>\n","protected":false},"author":2,"featured_media":16002,"comment_status":"open","ping_status":"open","sticky":false,"template":"","format":"standard","meta":[],"categories":[8,3,5],"tags":[],"_links":{"self":[{"href":"https:\/\/akdenizolaygazetesi.com\/index.php?rest_route=\/wp\/v2\/posts\/16001"}],"collection":[{"href":"https:\/\/akdenizolaygazetesi.com\/index.php?rest_route=\/wp\/v2\/posts"}],"about":[{"href":"https:\/\/akdenizolaygazetesi.com\/index.php?rest_route=\/wp\/v2\/types\/post"}],"author":[{"embeddable":true,"href":"https:\/\/akdenizolaygazetesi.com\/index.php?rest_route=\/wp\/v2\/users\/2"}],"replies":[{"embeddable":true,"href":"https:\/\/akdenizolaygazetesi.com\/index.php?rest_route=%2Fwp%2Fv2%2Fcomments&post=16001"}],"version-history":[{"count":1,"href":"https:\/\/akdenizolaygazetesi.com\/index.php?rest_route=\/wp\/v2\/posts\/16001\/revisions"}],"predecessor-version":[{"id":16003,"href":"https:\/\/akdenizolaygazetesi.com\/index.php?rest_route=\/wp\/v2\/posts\/16001\/revisions\/16003"}],"wp:featuredmedia":[{"embeddable":true,"href":"https:\/\/akdenizolaygazetesi.com\/index.php?rest_route=\/wp\/v2\/media\/16002"}],"wp:attachment":[{"href":"https:\/\/akdenizolaygazetesi.com\/index.php?rest_route=%2Fwp%2Fv2%2Fmedia&parent=16001"}],"wp:term":[{"taxonomy":"category","embeddable":true,"href":"https:\/\/akdenizolaygazetesi.com\/index.php?rest_route=%2Fwp%2Fv2%2Fcategories&post=16001"},{"taxonomy":"post_tag","embeddable":true,"href":"https:\/\/akdenizolaygazetesi.com\/index.php?rest_route=%2Fwp%2Fv2%2Ftags&post=16001"}],"curies":[{"name":"wp","href":"https:\/\/api.w.org\/{rel}","templated":true}]}}