{"id":16007,"date":"2022-01-06T11:55:33","date_gmt":"2022-01-06T08:55:33","guid":{"rendered":"http:\/\/akdenizolaygazetesi.com\/?p=16007"},"modified":"2022-01-06T11:55:33","modified_gmt":"2022-01-06T08:55:33","slug":"tarim-ve-gida-mersin-ekonomisinin-ana-omurgasi","status":"publish","type":"post","link":"https:\/\/akdenizolaygazetesi.com\/?p=16007","title":{"rendered":"\u2018Tar\u0131m ve G\u0131da Mersin Ekonomisinin Ana Omurgas\u0131\u2019"},"content":{"rendered":"<p>Mersin Ticaret Borsas\u0131 Ba\u015fkan\u0131 Abdullah \u00d6zdemir 2021 y\u0131l\u0131n\u0131 de\u011ferlendirdi ve 2022 i\u00e7in beklentilerini ifade etti. <\/p>\n<p>\u00d6zdemir, \u201cSon iki y\u0131ld\u0131r daha \u00f6nce hi\u00e7 ya\u015famad\u0131\u011f\u0131m\u0131z ve gelece\u011fe y\u00f6nelik \u00f6ng\u00f6r\u00fc yapmakta zorland\u0131\u011f\u0131m\u0131z bir s\u00fcre\u00e7 ya\u015famaktay\u0131z. 2021 y\u0131l\u0131nda k\u00fcresel \u00e7apta devam eden salg\u0131n ve ba\u015fta kurakl\u0131k olmak \u00fczere iklim de\u011fi\u015fikli\u011fi, global a\u00e7\u0131dan belirsizlikleri art\u0131rd\u0131.  Tedarik zincirindeki k\u0131r\u0131lmalar ve k\u00fcresel olarak artan enflasyon ortam\u0131 \u00fclke ekonomilerini olumsuz etkiledi. Bu d\u00f6nemde enerjiden emtiaya, hammaddeden lojistik maliyetlere kadar fiyatlar\u0131n artt\u0131\u011f\u0131na \u015fahit olduk. Bu tablo \u00fclkemiz ekonomisine de yans\u0131d\u0131 ve 2021 y\u0131l sonu ekonomik g\u00f6stergelerimiz hedeflerin uza\u011f\u0131nda kald\u0131. Buna kar\u015f\u0131n Devletimiz taraf\u0131ndan uygulanan destekleyici tedbirlerin katk\u0131s\u0131yla y\u0131l\u0131n \u00fc\u00e7\u00fcnc\u00fc \u00e7eyre\u011finde T\u00fcrkiye ekonomisi y\u00fczde 7,4 b\u00fcy\u00fcme kaydetmi\u015ftir. D\u0131\u015f ticaret taraf\u0131nda ise \u00fclkemizin ihracat hacmi 225 milyar dolar seviyesine ula\u015ft\u0131. Mersin ekonomisi a\u00e7\u0131s\u0131ndan incelendi\u011finde, kentimiz T\u0130M verilerine g\u00f6re 2021 y\u0131l\u0131nda ihracat\u0131n\u0131 ge\u00e7en y\u0131l\u0131n ayn\u0131 d\u00f6nemine k\u0131yasla y\u00fczde 28 art\u0131rarak 2,6 milyar dolara ta\u015f\u0131m\u0131\u015ft\u0131r. Ger\u00e7ekle\u015fen bu ihracat\u0131n y\u00fczde 38\u2019ini olu\u015fturan Irak, Rusya, Almanya, Suriye ve M\u0131s\u0131r en \u00f6nemli ihra\u00e7 pazarlar\u0131m\u0131z oldular.\u201d dedi. <\/p>\n<p>\u2018Tar\u0131m ve G\u0131da Mersin Ekonomisinin Ana Omurgas\u0131\u2019<\/p>\n<p>Mersin ekonomisinin ana omurgas\u0131n\u0131 tar\u0131m ve g\u0131da sekt\u00f6r\u00fcn\u00fcn olu\u015fturdu\u011funu s\u00f6yleyen \u00d6zdemir, \u201cKentimizin ihracat\u0131n\u0131n yakla\u015f\u0131k y\u00fczde 70&#8217;lik b\u00f6l\u00fcm\u00fc tar\u0131m ve g\u0131da \u00fcr\u00fcnlerinden gelmektedir. Mersin, 688 milyon dolarl\u0131k ihracat hacmi ile \u00fclkemizin ya\u015f meyve ve sebze ihracat\u0131nda ilk s\u0131rada bulunmaktad\u0131r. 697 milyon dolarl\u0131k ihracat geliri ile de Hububat, bakliyat, ya\u011fl\u0131 tohumlar ve mamulleri ihracat\u0131nda \u00fc\u00e7\u00fcnc\u00fc konumdad\u0131r. Ya\u015f meyve ve sebze sekt\u00f6r\u00fcnde Mersin\u2019e bu g\u00fc\u00e7l\u00fc konumunu kazand\u0131ran en \u00f6nemli \u00fcr\u00fcn grubu narenciyedir. AK\u0130B verilerine g\u00f6re narenciye ihracat\u0131nda birinci s\u0131rada olan kentimiz 365 milyon dolarl\u0131k gelir ile T\u00fcrkiye narenciye ihracat\u0131n\u0131n y\u00fczde 39\u2019unu kar\u015f\u0131lamaktad\u0131r. Hububat, bakliyat, ya\u011fl\u0131 tohumlar ve mamulleri sekt\u00f6r\u00fcnde ise Mersin a\u00e7\u0131s\u0131ndan \u00f6ne \u00e7\u0131kan \u00fcr\u00fcn grubu bakliyatt\u0131r. Kentimiz 390 milyon dolar ihracat ile \u00fclkemiz bakliyat ihracat\u0131n\u0131n y\u00fczde 77\u2019sini ger\u00e7ekle\u015ftirmektedir. Ve narenciyede oldu\u011fu gibi T\u00fcrkiye genelinde ilk s\u0131radad\u0131r.\u201d \u015feklinde konu\u015ftu.<\/p>\n<p>\u2018Temennimiz<br \/>\n\u0130stikrar Ortam\u0131n\u0131n Olu\u015fmas\u0131\u2019<\/p>\n<p>\u00d6zdemir a\u00e7\u0131klmalar\u0131n\u0131 \u015f\u00f6yle tamamlad\u0131;<br \/>\n\u201c2022 Y\u0131l\u0131nda \u00f6ncelikli temennimiz salg\u0131n s\u00fcrecinin sona ermesi, ekonomik a\u00e7\u0131dan belirsizli\u011fin ortadan kalkarak \u00f6ng\u00f6r\u00fclebilirli\u011fin art\u0131p istikrar ortam\u0131na d\u00f6n\u00fc\u015fmesidir. Di\u011fer yandan, arzu etti\u011fimiz bu ortam\u0131n sa\u011flanmas\u0131na y\u00f6nelik Devletimizin \u00f6zellikle son d\u00f6nemde uygulamaya koydu\u011fu yeni politikalar\u0131n hedefine ula\u015fmas\u0131n\u0131 umuyoruz. \u0130\u015f d\u00fcnyas\u0131 olarak her zamankinden daha fazla \u00e7aba g\u00f6stermemiz gereken bu d\u00f6nemde \u00fcretmeye, yat\u0131r\u0131m yapmaya, ihra\u00e7 etmeye ve istihdam sa\u011flamaya devam ederek bu s\u00fcrece katk\u0131 sunmak en \u00f6ncelikli vazifemizdir. Kent ve \u00fclke olarak daha fazla kalk\u0131nd\u0131\u011f\u0131m\u0131z, sa\u011fl\u0131k ve refah seviyemizin artt\u0131\u011f\u0131, birlik ve beraberlik ruhunun h\u00fck\u00fcm s\u00fcrd\u00fc\u011f\u00fc bir y\u0131l ge\u00e7irmemizi diliyorum.\u201d<\/p>\n","protected":false},"excerpt":{"rendered":"<p>Mersin Ticaret Borsas\u0131 Ba\u015fkan\u0131 Abdullah \u00d6zdemir 2021 y\u0131l\u0131n\u0131 de\u011ferlendirdi ve 2022 i\u00e7in beklentilerini ifade etti. \u00d6zdemir, \u201cSon iki y\u0131ld\u0131r daha \u00f6nce hi\u00e7 ya\u015famad\u0131\u011f\u0131m\u0131z ve gelece\u011fe y\u00f6nelik \u00f6ng\u00f6r\u00fc yapmakta zorland\u0131\u011f\u0131m\u0131z bir &hellip; <a href=\"https:\/\/akdenizolaygazetesi.com\/?p=16007\" class=\"more-link\">Devam\u0131n\u0131 Oku&#8230;<\/a><\/p>\n","protected":false},"author":2,"featured_media":16008,"comment_status":"open","ping_status":"open","sticky":false,"template":"","format":"standard","meta":[],"categories":[8,1,3,5],"tags":[],"_links":{"self":[{"href":"https:\/\/akdenizolaygazetesi.com\/index.php?rest_route=\/wp\/v2\/posts\/16007"}],"collection":[{"href":"https:\/\/akdenizolaygazetesi.com\/index.php?rest_route=\/wp\/v2\/posts"}],"about":[{"href":"https:\/\/akdenizolaygazetesi.com\/index.php?rest_route=\/wp\/v2\/types\/post"}],"author":[{"embeddable":true,"href":"https:\/\/akdenizolaygazetesi.com\/index.php?rest_route=\/wp\/v2\/users\/2"}],"replies":[{"embeddable":true,"href":"https:\/\/akdenizolaygazetesi.com\/index.php?rest_route=%2Fwp%2Fv2%2Fcomments&post=16007"}],"version-history":[{"count":1,"href":"https:\/\/akdenizolaygazetesi.com\/index.php?rest_route=\/wp\/v2\/posts\/16007\/revisions"}],"predecessor-version":[{"id":16009,"href":"https:\/\/akdenizolaygazetesi.com\/index.php?rest_route=\/wp\/v2\/posts\/16007\/revisions\/16009"}],"wp:featuredmedia":[{"embeddable":true,"href":"https:\/\/akdenizolaygazetesi.com\/index.php?rest_route=\/wp\/v2\/media\/16008"}],"wp:attachment":[{"href":"https:\/\/akdenizolaygazetesi.com\/index.php?rest_route=%2Fwp%2Fv2%2Fmedia&parent=16007"}],"wp:term":[{"taxonomy":"category","embeddable":true,"href":"https:\/\/akdenizolaygazetesi.com\/index.php?rest_route=%2Fwp%2Fv2%2Fcategories&post=16007"},{"taxonomy":"post_tag","embeddable":true,"href":"https:\/\/akdenizolaygazetesi.com\/index.php?rest_route=%2Fwp%2Fv2%2Ftags&post=16007"}],"curies":[{"name":"wp","href":"https:\/\/api.w.org\/{rel}","templated":true}]}}