{"id":1601,"date":"2020-11-04T18:22:09","date_gmt":"2020-11-04T15:22:09","guid":{"rendered":"http:\/\/mersinekonomipolitikagazetesi.com\/?p=1601"},"modified":"2020-11-04T18:22:09","modified_gmt":"2020-11-04T15:22:09","slug":"prof-dr-sasmaz-2016da-247-milyon-kisi-en-az-bir-kez-uyusturucu-kullanmis","status":"publish","type":"post","link":"https:\/\/akdenizolaygazetesi.com\/?p=1601","title":{"rendered":"Prof. Dr. \u015ea\u015fmaz: &#8220;2016&#8217;da 247 milyon ki\u015fi en az bir kez uyu\u015fturucu kullanm\u0131\u015f&#8221;"},"content":{"rendered":"<p>Prof. Dr. Tayyar \u015ea\u015fmaz, uyu\u015fturucu ticaretinin arkas\u0131nda \u00e7ok b\u00fcy\u00fck illegal \u00f6rg\u00fctlerin oldu\u011funu belirterek, &#8220;1,5 trilyon dolarl\u0131k bir ticaretten bahsediyoruz. 2016 y\u0131l\u0131nda d\u00fcnyada 15-64 ya\u015f aras\u0131nda 247 milyon insan en az bir sefer uyu\u015fturucu madde kullanm\u0131\u015f. D\u00fcnyada 29 milyon uyu\u015fturucu ba\u011f\u0131ml\u0131s\u0131 ve tedavi almas\u0131 gereken insan var&#8221; dedi.<\/p>\n<p><span style=\"font-family: sans-serif; font-size: 14px; line-height: 20px; text-align: justify; background-color: rgb(242, 244, 245);\">Mersin Valili\u011fi koordinasyonunda, Kalk\u0131nma Bakanl\u0131\u011f\u0131 Sosyal Destek Program\u0131 (SODES) kapsam\u0131nda desteklenen ve Mersin \u0130l Sa\u011fl\u0131k M\u00fcd\u00fcrl\u00fc\u011f\u00fc taraf\u0131ndan y\u00fcr\u00fct\u00fclen Hayata G\u00fcl\u00fcmse Projesi&#8217;nin tan\u0131t\u0131m toplant\u0131s\u0131 yap\u0131ld\u0131.\u00a0<\/span><br style=\"box-sizing: border-box; font-family: sans-serif; font-size: 14px; line-height: 20px; text-align: justify; background-color: rgb(242, 244, 245);\" \/><br \/>\n<span style=\"font-family: sans-serif; font-size: 14px; line-height: 20px; text-align: justify; background-color: rgb(242, 244, 245);\">Mersin \u00dcniversitesi (ME\u00dc) U\u011fur Oral K\u00fclt\u00fcr Merkezi&#8217;nde yap\u0131lan toplant\u0131da konu\u015fan ME\u00dc T\u0131p Fak\u00fcltesinden Prof. Dr. Tayyar \u015ea\u015fmaz, uyu\u015fturucu maddelerin bug\u00fcn d\u00fcnyada toplum sa\u011fl\u0131\u011f\u0131n\u0131 etkileyen b\u00fcy\u00fck bir sorun oldu\u011funu s\u00f6yledi. Uyu\u015fturucu ticaretinin arkas\u0131nda \u00e7ok b\u00fcy\u00fck illegal \u00f6rg\u00fctlenmenin oldu\u011funu kaydeden Prof. Dr. \u015ea\u015fmaz, \u201c1,5 trilyon dolarl\u0131k bir ticaretten bahsediyoruz. Bu T\u00fcrkiye b\u00fct\u00e7esinin 2, 3 kat\u0131. Bu sorunla ilgili \u00e7ocuk ve gen\u00e7ler en \u00f6nemli hedef grubumuz. \u00c7\u00fcnk\u00fc orada ba\u015fl\u0131yor, orada devam ediyor.Avrupa ve bat\u0131ya uyu\u015fturucu \u00fclkemizden ge\u00e7mekte. T\u00fcrkiye burada \u00e7ok riskli bir b\u00f6lgede. Uyu\u015fturucu buradan sadece transit ge\u00e7miyordur. 2016 y\u0131l\u0131nda d\u00fcnyada 15-64 ya\u015f aras\u0131nda 247 milyon insan en az bir sefer uyu\u015fturucu madde kullanm\u0131\u015f. Yani d\u00fcnyada her 15-20 ki\u015fiden birisi en az bir kere uyu\u015fturucu madde kullanm\u0131\u015f. Yani uyu\u015fturucu \u00e7ok uza\u011f\u0131m\u0131zda de\u011fil. 29 milyon uyu\u015fturucu ba\u011f\u0131ml\u0131s\u0131 ve tedavi almas\u0131 gereken insan var. Ancak bunun 6\u2019da biri tedavi edilebiliyor, tedaviye ula\u015fabiliyor&#8221; diye konu\u015ftu.\u00a0<\/span><br style=\"box-sizing: border-box; font-family: sans-serif; font-size: 14px; line-height: 20px; text-align: justify; background-color: rgb(242, 244, 245);\" \/><br \/>\n<span style=\"font-family: sans-serif; font-size: 14px; line-height: 20px; text-align: justify; background-color: rgb(242, 244, 245);\">\u0130l Sa\u011fl\u0131k M\u00fcd\u00fcr\u00fc Sinan Bah\u00e7ac\u0131 ise ki\u015finin bedenen, ruhen ve sosyal y\u00f6nden iyilik hali i\u00e7inde olmas\u0131 gerekti\u011fini s\u00f6yledi. Bu 3 konunun birbirinden ayr\u0131lmaz bir par\u00e7a oldu\u011funu belirten Bah\u00e7ac\u0131, &#8220;Bunu birini, di\u011ferinden ay\u0131rmak m\u00fcmk\u00fcn de\u011fildir. Bu duvar\u0131 bir araya getiren \u00e7imento ile kumun bir arada durdu\u011fu gibi durur bunlar. Birinde bir bozukluk meydana geldi\u011fi zaman onu yeniden imar etmek, yeniden tadilat yapmak, yeni bir bina yapmaktan daha zordur. Fark\u0131ndal\u0131k olu\u015fturma \u00e7al\u0131\u015fmalar\u0131 ilk\u00f6\u011fretimden itibaren verilmelidir. Baz\u0131 g\u00f6r\u00fc\u015fler diyor ki aman \u00e7ocuklar\u0131m\u0131za, 18 ya\u015f\u0131n alt\u0131ndakilere bunlar\u0131 akl\u0131na getirmeyin. Yok b\u00f6yle bir \u015fey. 18 ya\u015f\u0131n\u0131n alt\u0131nda olup madde kullanan \u00e7ocuklar, gen\u00e7ler var. O y\u00fczden \u00e7ocuklar\u0131m\u0131z\u0131 da bu konuda e\u011fitmeliyiz. \u00d6ncelikle toplulumuzda bizim ruhsal ve sosyal yap\u0131m\u0131z\u0131 bozan bu madde ba\u011f\u0131ml\u0131l\u0131\u011f\u0131yla ilgili m\u00fccadeleyi olu\u015fturmam\u0131z gerekiyor. Bu proje 2,5 milyon liral\u0131k bir proje. Bu projeyle 150 ki\u015fiye y\u00f6nelik \u00e7al\u0131\u015fma yap\u0131ld\u0131. Onlar\u0131n hayata tutunabilmesi i\u00e7in bu paralar\u0131 harcayaca\u011f\u0131z. Biz \u00f6ncelikle bu y\u0131k\u0131lan, k\u0131r\u0131lan testiyi onarmaya \u00e7al\u0131\u015faca\u011f\u0131z. Bu testiyi k\u0131rmamak i\u00e7in, suyu s\u0131zd\u0131rmamas\u0131 i\u00e7in d\u0131\u015f\u0131na bir z\u0131rh yapmak gerekiyor&#8221; \u015feklinde konu\u015ftu\u00a0<\/span><br style=\"box-sizing: border-box; font-family: sans-serif; font-size: 14px; line-height: 20px; text-align: justify; background-color: rgb(242, 244, 245);\" \/><br \/>\n<br style=\"box-sizing: border-box; font-family: sans-serif; font-size: 14px; line-height: 20px; text-align: justify; background-color: rgb(242, 244, 245);\" \/><br \/>\n<span style=\"font-family: sans-serif; font-size: 14px; line-height: 20px; text-align: justify; background-color: rgb(242, 244, 245);\">&#8220;Kanserden daha zor ve tehlikeli bir durumdur&#8221;\u00a0<\/span><br style=\"box-sizing: border-box; font-family: sans-serif; font-size: 14px; line-height: 20px; text-align: justify; background-color: rgb(242, 244, 245);\" \/><br \/>\n<span style=\"font-family: sans-serif; font-size: 14px; line-height: 20px; text-align: justify; background-color: rgb(242, 244, 245);\">\u0130nsanlara do\u011fu\u015fundan itibaren sahip \u00e7\u0131k\u0131lmas\u0131 gerekti\u011finin alt\u0131n\u0131n \u00e7izen Bah\u00e7ac\u0131, &#8220;Madde ba\u011f\u0131ml\u0131l\u0131\u011f\u0131 nas\u0131l ba\u015fl\u0131yor? &#8216;Al bu madde seni uyu\u015fturacak, seni ba\u011f\u0131ml\u0131 hale getirecek, bunu kullan\u0131rsan ayaklar\u0131n yerden kesilecek&#8217; denilerek ba\u015flat\u0131lm\u0131yor. Arkada\u015f ortam\u0131nda otururken veya \u00f6zel ortamlarda belki \u00e7ay\u0131n\u0131n i\u00e7ine kat\u0131yorlar yada al bir kere i\u00e7 bir \u015fey olmaz denilerek bu maddeler veriliyor. Bu halk sa\u011fl\u0131\u011f\u0131 sorunu dedi\u011fimiz sorunu \u00e7\u00f6zmemiz gerekiyor. Bu projenin en \u00e7ok sevindiren g\u00fczel taraf\u0131 da y\u00fcksek oranda fark\u0131ndal\u0131k olu\u015fturma, bilin\u00e7lendirme olmas\u0131d\u0131r. Daha sonra o 150 ki\u015fiyi yeniden hayata kazand\u0131rma, i\u015fe sokma olaylar\u0131 da ger\u00e7ekle\u015fecek. Ancak beden, ruh ve sosyal yap\u0131y\u0131 birbirinden ay\u0131rmadan, bozmadan bu yap\u0131n\u0131n devam\u0131n\u0131 sa\u011flamal\u0131y\u0131z. Bu y\u00fczden herkesin \u00fczerine d\u00fc\u015fen mutlak bir g\u00f6rev vard\u0131r. Bunun sa\u011fc\u0131l\u0131kla, solculukla, dincilikle, dinsizlikle alakas\u0131 olmayan bir sorundur. Bu insanl\u0131\u011f\u0131n bir sorunudur. Bug\u00fcn kanserden daha zor ve tehlikeli bir durumdur. Kanserin ad\u0131 belli, vir\u00fcs\u00fc belli, ne oldu\u011fu belli, hangi organ\u0131 tuttu\u011fu belli ve onunla ilgili de\u011fi\u015fik m\u00fccadeleler veriliyor. Ancak madde ba\u011f\u0131ml\u0131l\u0131\u011f\u0131nda \u00f6yle bir \u015fey yok. Testi k\u0131r\u0131ld\u0131ktan sonra testiyi tamir etmek i\u00e7in \u00e7ok emek sarf etmek gerekir. \u00c7ok enerji harcamak gerekir ama yine de eski haline getirmemiz m\u00fcmk\u00fcn de\u011fil. Bunun i\u00e7in toplumun her ferdine i\u015f d\u00fc\u015f\u00fcyor ve bu konuya el uzatmak gerekiyor. Bunun \u00fczerinde enerji harcamam\u0131z gerekiyor. Bu projenin ba\u015far\u0131ya ula\u015fabilmesi i\u00e7in herkesten destek bekliyoruz.&#8221; ifadelerini kulland\u0131.\u00a0<\/span><\/p>\n","protected":false},"excerpt":{"rendered":"<p>Prof. Dr. Tayyar \u015ea\u015fmaz, uyu\u015fturucu ticaretinin arkas\u0131nda \u00e7ok b\u00fcy\u00fck illegal \u00f6rg\u00fctlerin oldu\u011funu belirterek, &#8220;1,5 trilyon dolarl\u0131k bir ticaretten bahsediyoruz. 2016 y\u0131l\u0131nda d\u00fcnyada 15-64 ya\u015f aras\u0131nda 247 milyon insan en az &hellip; <a href=\"https:\/\/akdenizolaygazetesi.com\/?p=1601\" class=\"more-link\">Devam\u0131n\u0131 Oku&#8230;<\/a><\/p>\n","protected":false},"author":1,"featured_media":0,"comment_status":"open","ping_status":"open","sticky":false,"template":"","format":"standard","meta":[],"categories":[],"tags":[],"_links":{"self":[{"href":"https:\/\/akdenizolaygazetesi.com\/index.php?rest_route=\/wp\/v2\/posts\/1601"}],"collection":[{"href":"https:\/\/akdenizolaygazetesi.com\/index.php?rest_route=\/wp\/v2\/posts"}],"about":[{"href":"https:\/\/akdenizolaygazetesi.com\/index.php?rest_route=\/wp\/v2\/types\/post"}],"author":[{"embeddable":true,"href":"https:\/\/akdenizolaygazetesi.com\/index.php?rest_route=\/wp\/v2\/users\/1"}],"replies":[{"embeddable":true,"href":"https:\/\/akdenizolaygazetesi.com\/index.php?rest_route=%2Fwp%2Fv2%2Fcomments&post=1601"}],"version-history":[{"count":0,"href":"https:\/\/akdenizolaygazetesi.com\/index.php?rest_route=\/wp\/v2\/posts\/1601\/revisions"}],"wp:attachment":[{"href":"https:\/\/akdenizolaygazetesi.com\/index.php?rest_route=%2Fwp%2Fv2%2Fmedia&parent=1601"}],"wp:term":[{"taxonomy":"category","embeddable":true,"href":"https:\/\/akdenizolaygazetesi.com\/index.php?rest_route=%2Fwp%2Fv2%2Fcategories&post=1601"},{"taxonomy":"post_tag","embeddable":true,"href":"https:\/\/akdenizolaygazetesi.com\/index.php?rest_route=%2Fwp%2Fv2%2Ftags&post=1601"}],"curies":[{"name":"wp","href":"https:\/\/api.w.org\/{rel}","templated":true}]}}