{"id":16010,"date":"2022-01-06T11:57:25","date_gmt":"2022-01-06T08:57:25","guid":{"rendered":"http:\/\/akdenizolaygazetesi.com\/?p=16010"},"modified":"2022-01-06T11:57:25","modified_gmt":"2022-01-06T08:57:25","slug":"kuvayi-milliye-kahramanlari-unutulmadi","status":"publish","type":"post","link":"https:\/\/akdenizolaygazetesi.com\/?p=16010","title":{"rendered":"&#8220;KUVAY\u0130 M\u0130LL\u0130YE KAHRAMANLARI UNUTULMADI&#8221;"},"content":{"rendered":"<p>Toroslar Belediyesi, 3 Ocak Mersin&#8217;in D\u00fc\u015fman \u0130\u015fgalinden Kurtulu\u015fu&#8217;nun 100. y\u0131l d\u00f6n\u00fcm\u00fcnde ger\u00e7ekle\u015ftirdi\u011fi 3 Ocak Zafer Y\u00fcr\u00fcy\u00fc\u015f\u00fc, Kuvayi Milliye Karargah\u0131&#8217;n\u0131n a\u00e7\u0131l\u0131\u015f\u0131 ve bir\u00e7ok etkinlikle y\u0131l d\u00f6n\u00fcm\u00fcne damga vurgu.<\/p>\n<p>7&#8217;den 70&#8217;e herkes, milli birlik ruhuna katk\u0131 sa\u011flad\u0131. Vatanda\u015flar, kent k\u00fclt\u00fcr\u00fc ve kentlilik bilinciyle \u00e7al\u0131\u015fmalar yapan Toroslar Belediye Ba\u015fkan\u0131 Ats\u0131z Af\u015f\u0131n Y\u0131lmaz&#8217;a te\u015fekk\u00fcr ederek; &#8220;Mersinimiz \u00e7ok g\u00fczel bir kent. Sizlerin eme\u011fi ve deste\u011fiyle \u00e7ok daha g\u00fczel oluyor. Bizler de bu birlikteli\u011fe ortak olman\u0131n gururunu ya\u015f\u0131yoruz&#8221; dedi.<\/p>\n<p>&#8220;KUVAY\u0130 M\u0130LL\u0130YE KAHRAMANLARI UNUTULMADI&#8221;<\/p>\n<p>Toroslar Belediyesi, 3 Ocak Zaferi&#8217;nin 100. y\u0131l d\u00f6n\u00fcm\u00fcnde Kuvayi Milliye \u015eehitlerini unutmad\u0131.<\/p>\n<p>4 May\u0131s 1919&#8217;da i\u015fgaliciler taraf\u0131ndan \u015fehit edilen Kuvayi Milliye \u015eehidi \u00dcmm\u00fc Erdem ile i\u015fgal zaman\u0131nda gazi olan \u00dcmm\u00fchan G\u00fcn, \u00c7avu\u015flu Mezarl\u0131\u011f\u0131&#8217;ndaki kabirleri ba\u015f\u0131nda dualarla y\u00e2d edildi.<\/p>\n<p>&#8220;KUVAY\u0130 M\u0130LL\u0130YE KENT\u0130 MERS\u0130N&#8217;E YAKI\u015eAN &#8216;KUVAY\u0130 M\u0130LL\u0130YE KARARG\u00c2HI&#8221; TOROSLAR&#8217;DA&#8221;<\/p>\n<p>Toroslar Belediye Ba\u015fkan\u0131 Ats\u0131z Af\u015f\u0131n Y\u0131lmaz&#8217;\u0131n, kent tarihini ve k\u00fclt\u00fcrel miras\u0131 g\u00fcn y\u00fcz\u00fcne \u00e7\u0131karan projelerinden bir olan &#8220;Kuvayi Milliye Karargah\u0131&#8221;, Mersin&#8217;in D\u00fc\u015fman \u0130\u015fgalinden Kurtulu\u015fu&#8217;nun 100. y\u0131l d\u00f6n\u00fcm\u00fcnde d\u00fczenlenen t\u00f6renle a\u00e7\u0131ld\u0131.<\/p>\n<p>Buluklu Mahallesi&#8217;nde, Milli M\u00fccadele \u00e7al\u0131\u015fmalar\u0131na kararg\u00e2hl\u0131k etmi\u015f, iki kattan olu\u015fan eski konak restore edilerek, milli m\u00fccadelenin destans\u0131 hik\u00e2yesinin ya\u015fayan \u00f6rne\u011fi oldu. \u015eehit ve gazilerin an\u0131s\u0131 bir araya getirildi. Foto\u011fraflar, belgeler ve etnografik eserlerle donat\u0131lan bina, ge\u00e7mi\u015f ile gelecek aras\u0131nda \u00f6nemli bir k\u00f6pr\u00fc g\u00f6revi g\u00f6recek.<\/p>\n<p>Ba\u015fkan Y\u0131lmaz; &#8220;Kuvayi Milliye Karargah\u0131m\u0131z\u0131n; birli\u011fimizin, beraberli\u011fimizin, milli irademizin ve milli \u015fuurumuzun bir sembol\u00fc olarak burada ilelebet kalmas\u0131n\u0131 temenni ediyoruz. Toroslar\u0131m\u0131za, Mersinimize hay\u0131rl\u0131, u\u011furlu olsun&#8221; dedi.<\/p>\n<p>&#8220;Kurtulu\u015f Co\u015fkusu Caddelere S\u0131\u011fmad\u0131&#8221;<\/p>\n<p>Kurtulu\u015f G\u00fcn\u00fc etkinlikleri, Geleneksel 3 Ocak Zafer Y\u00fcr\u00fcy\u00fc\u015f\u00fc ile doru\u011fa \u00e7\u0131kt\u0131. Binlerce Mersinli y\u00fcr\u00fcy\u00fc\u015fte yerini alarak t\u00fcm T\u00fcrkiye&#8217;ye ba\u011f\u0131ms\u0131zl\u0131k a\u015fk\u0131n\u0131 ve Mersin sevdas\u0131n\u0131 g\u00f6sterdi.<\/p>\n<p>Toroslar Belediye binas\u0131 \u00f6n\u00fcnden ba\u015flayarak Kuvayi Milliye Caddesi, Hastane Caddesi, \u0130stiklal Caddesi ve Sakarya Caddesi g\u00fczergah\u0131ndan Cumhuriyet Meydan\u0131&#8217;na kadar s\u00fcren y\u00fcr\u00fcy\u00fc\u015fte Mersinliler, yakla\u015f\u0131k 200 metre uzunlu\u011fundaki dev T\u00fcrk bayra\u011f\u0131n\u0131 birlikte ta\u015f\u0131d\u0131.<\/p>\n<p>K\u0131r\u0131m\u0131z\u0131 beyaza b\u00fcr\u00fcnen korteji izleyen \u00e7evredeki vatanda\u015flar ve esnaflar da alk\u0131\u015flar\u0131yla destek verdi.<\/p>\n<p>&#8220;Yunus Emre K\u00fclt\u00fcr Merkezi Mar\u015flarla \u0130nledi&#8221;<\/p>\n<p>Akdeniz B\u00f6lge ve Garnizon Komutanl\u0131\u011f\u0131 Bando Tak\u0131m\u0131&#8217;n\u0131n, 3 Ocak Kurtulu\u015f G\u00fcn\u00fc dolay\u0131s\u0131yla Yunus Emre K\u00fclt\u00fcr Merkezi&#8217;nde sergiledi\u011fi g\u00f6steri de yo\u011fun ilgi g\u00f6rd\u00fc. Ba\u015fkan Y\u0131lmaz&#8217;\u0131n ev sahipli\u011fi yapt\u0131\u011f\u0131 etkinlikte, Bando Tak\u0131m\u0131, performans\u0131yla, mar\u015flarla milli duygular\u0131 en g\u00fczel \u015fekilde yans\u0131tt\u0131.<\/p>\n<p>&#8220;3 Ocak \u015eiir Yar\u0131\u015fmas\u0131&#8217;nda Dereceye Girenler, \u00d6d\u00fcllerini Ald\u0131&#8221;<\/p>\n<p>Toroslar Belediyesi&#8217;nin, Mersin Yazarlar Derne\u011fi (MEYAD) ile birlikte geleneksel olarak d\u00fczenledi\u011fi &#8220;3 Ocak Mersin&#8217;in Kurtulu\u015fu&#8221; konulu \u015fiir yar\u0131\u015fmas\u0131nda dereceye girenlere \u00f6d\u00fclleri verildi.<\/p>\n<p>T\u00fcrkiye&#8217;nin d\u00f6rt bir yan\u0131ndan 58 eser kat\u0131ld\u0131\u011f\u0131 yar\u0131\u015fmada j\u00fcri \u00fcyelerinin yapt\u0131\u011f\u0131 de\u011ferlendirme sonucunda; &#8220;\u00dc\u00e7 Ocak Destan\u0131&#8221; adl\u0131 \u015fiiri ile Mersin&#8217;den Mustafa Do\u011fan birinci, &#8220;Sahip \u00c7\u0131k Mersin&#8217;e (Vermem Asla)&#8221; adl\u0131 \u015fiiri ile Mersin&#8217;in Mezitli il\u00e7esinden Faruk G\u00f6kbulut ikinci, &#8220;Mersin \u00dc\u00e7 Ocak&#8221; adl\u0131 \u015fiiri ile Mersin&#8217;in Tarsus il\u00e7esinden Nadir Do\u011fanc\u0131 ise \u00fc\u00e7\u00fcnc\u00fc oldu.<\/p>\n<p>Ba\u015fkan Y\u0131lmaz ve protokol \u00fcyeleri taraf\u0131ndan dereceye giren \u015fairlere Yunus Emre K\u00fclt\u00fcr Merkezi&#8217;nde d\u00fczenlenen t\u00f6renle \u00f6d\u00fclleri verildi. Birinciye tam alt\u0131n, ikinciye yar\u0131m alt\u0131n ve \u00fc\u00e7\u00fcnc\u00fcye \u00e7eyrek alt\u0131n\u0131n verildi\u011fi \u015eiir Yar\u0131\u015fmas\u0131nda j\u00fcri \u00fcyelerine de Ba\u015fkan Y\u0131lmaz taraf\u0131ndan te\u015fekk\u00fcr plaketi takdim edildi.<\/p>\n<p>Ba\u015fkan Y\u0131lmaz; &#8220;Cumhuriyetimize, Mersinimize, Kurtulu\u015fumuza Sahip \u00c7\u0131kan T\u00fcm Hem\u015fehrilerimize Te\u015fekk\u00fcr Ederiz&#8221;<\/p>\n<p>\u00d6zellikle yeni nesle tarih \u015fuurunu unutturmamak amac\u0131yla Kurtulu\u015f G\u00fcn\u00fc etkinliklerini \u00f6nemsediklerini belirten Ba\u015fkan Y\u0131lmaz; &#8220;Binlerce Mersinli hem\u015fehrilerimizle bir araya geldi\u011fimiz 3 Ocak Zafer Y\u00fcr\u00fcy\u00fc\u015f\u00fcm\u00fcz ve etkinliklerimiz, bir c\u00fcmleyle anlat\u0131labilecek bir organizasyon de\u011fil. Bu topraklar\u0131 kanlar\u0131yla, canlar\u0131yla vatan yapan atalar\u0131m\u0131z\u0131n an\u0131s\u0131na sahip \u00e7\u0131kmak anlam\u0131nda birlik ve beraberli\u011fimizin en g\u00fczel foto\u011fraf karesini verdi\u011fimiz bir organizasyondur&#8221; diye konu\u015ftu.<\/p>\n<p>Milletvekili \u015eim\u015fek; &#8220;3 Ocak Zafer Y\u00fcr\u00fcy\u00fc\u015f\u00fc Mersin&#8217;in Ortak De\u011feridir&#8221;<\/p>\n<p>MHP Mersin Milletvekili Baki \u015eim\u015fek de 3 Ocak Kurtulu\u015f Bayram\u0131n\u0131 Mersin&#8217;de co\u015fkuya d\u00f6n\u00fc\u015ft\u00fcren Toroslar Belediye Ba\u015fkan\u0131 Ats\u0131z Af\u015f\u0131n Y\u0131lmaz&#8217;a te\u015fekk\u00fcr ederek; &#8220;19 May\u0131s 1919&#8217;da Samsun&#8217;da yak\u0131lan ba\u011f\u0131ms\u0131zl\u0131k ate\u015fi, 27 Aral\u0131k&#8217;ta Tarsus&#8217;ta, 3 Ocak&#8217;ta Mersin&#8217;de, 5 Ocak&#8217;ta Adana&#8217;n\u0131n Kurtulu\u015fu ile \u00c7ukurova&#8217;da zaferle ta\u00e7lanm\u0131\u015ft\u0131r. Ulu \u00d6nderimiz Gazi Mustafa Kemal Atat\u00fcrk&#8217;\u00fcn ve kahraman ecdad\u0131m\u0131z\u0131n sayesinde kentimiz d\u00fc\u015fmandan kurtuldu. Toroslar Belediyemizin d\u00fczenledi\u011fi 3 Ocak Zafer Y\u00fcr\u00fcy\u00fc\u015f\u00fc&#8217;nde,  Mersinimizin t\u00fcm il\u00e7elerinden kat\u0131lan hem\u015ferilerimizle zaferimizin 100. y\u0131l\u0131n\u0131 kutlad\u0131k. T\u00fcm hem\u015fehrilerimizle gurur duyduk. Daha binlerce y\u0131l bu co\u011frafyada h\u00fcr ve ba\u011f\u0131ms\u0131z ya\u015fayaca\u011f\u0131z in\u015fallah&#8221; ifadelerini kulland\u0131.<\/p>\n<p>Milletvekili K\u0131lavuz; &#8220;3 Ocak, Mersinlilerin Onur G\u00fcn\u00fcd\u00fcr&#8221;<\/p>\n<p>3 Ocak tarihinin Mersinlilerin onur g\u00fcn\u00fc oldu\u011funu kaydeden MHP Mersin Milletvekili Olcay K\u0131lavuz da bug\u00fcn\u00fc 3 Ocak Zafer Y\u00fcr\u00fcy\u00fc\u015f\u00fc ve etkinliklerle ayr\u0131 bir heyecana d\u00f6n\u00fc\u015ft\u00fcren Ba\u015fkan Y\u0131lmaz&#8217;\u0131 tebrik etti.<\/p>\n<p>Ulu \u00d6nder Gazi Mustafa Kemal Atat\u00fcrk&#8217;\u00fcn; &#8220;Gidip, Toros Da\u011flar\u0131&#8217;na bak\u0131n\u0131z, e\u011fer orada bir tek y\u00f6r\u00fck \u00e7ad\u0131r\u0131 g\u00f6r\u00fcrseniz ve o \u00e7ad\u0131rda bir duman t\u00fct\u00fcyorsa, \u015funu \u00e7ok iyi biliniz ki bu d\u00fcnyada hi\u00e7bir g\u00fc\u00e7 ve kuvvet asla bizi yenemez&#8221; s\u00f6z\u00fcne at\u0131fta bulunan Milletvekili K\u0131lavuz; &#8220;Bizler gerekti\u011finde can\u0131m\u0131z\u0131 veririz, kan\u0131m\u0131z\u0131 veririz ama onurumuzdan, ba\u011f\u0131ms\u0131zl\u0131\u011f\u0131m\u0131zdan, bayra\u011f\u0131m\u0131zdan, Cumhuriyetimizden asla taviz vermeyiz. 3 Ocak Zafer Y\u00fcr\u00fcy\u00fc\u015f\u00fc&#8217;n\u00fc birlik ve beraberlik i\u00e7inde ger\u00e7ekle\u015ftirdik. Kimin g\u00f6r\u00fc\u015f\u00fc ne olursa olsun, siyaseten fikri ne olursa olsun ortak paydam\u0131z Mersinimizdir. Ulu \u00d6nderimiz Atat\u00fcrk&#8217;\u00fc, kahraman ecdad\u0131m\u0131z\u0131 rahmetle, minnetle an\u0131yoruz. Varl\u0131\u011f\u0131m\u0131z, T\u00fcrk varl\u0131\u011f\u0131na arma\u011fan olsun. Ne mutlu T\u00fcrk\u00fcm diyene!&#8221; \u015feklinde konu\u015ftu.<\/p>\n","protected":false},"excerpt":{"rendered":"<p>Toroslar Belediyesi, 3 Ocak Mersin&#8217;in D\u00fc\u015fman \u0130\u015fgalinden Kurtulu\u015fu&#8217;nun 100. y\u0131l d\u00f6n\u00fcm\u00fcnde ger\u00e7ekle\u015ftirdi\u011fi 3 Ocak Zafer Y\u00fcr\u00fcy\u00fc\u015f\u00fc, Kuvayi Milliye Karargah\u0131&#8217;n\u0131n a\u00e7\u0131l\u0131\u015f\u0131 ve bir\u00e7ok etkinlikle y\u0131l d\u00f6n\u00fcm\u00fcne damga vurgu. 7&#8217;den 70&#8217;e herkes, &hellip; <a href=\"https:\/\/akdenizolaygazetesi.com\/?p=16010\" class=\"more-link\">Devam\u0131n\u0131 Oku&#8230;<\/a><\/p>\n","protected":false},"author":2,"featured_media":16011,"comment_status":"open","ping_status":"open","sticky":false,"template":"","format":"standard","meta":[],"categories":[1,3,5],"tags":[],"_links":{"self":[{"href":"https:\/\/akdenizolaygazetesi.com\/index.php?rest_route=\/wp\/v2\/posts\/16010"}],"collection":[{"href":"https:\/\/akdenizolaygazetesi.com\/index.php?rest_route=\/wp\/v2\/posts"}],"about":[{"href":"https:\/\/akdenizolaygazetesi.com\/index.php?rest_route=\/wp\/v2\/types\/post"}],"author":[{"embeddable":true,"href":"https:\/\/akdenizolaygazetesi.com\/index.php?rest_route=\/wp\/v2\/users\/2"}],"replies":[{"embeddable":true,"href":"https:\/\/akdenizolaygazetesi.com\/index.php?rest_route=%2Fwp%2Fv2%2Fcomments&post=16010"}],"version-history":[{"count":1,"href":"https:\/\/akdenizolaygazetesi.com\/index.php?rest_route=\/wp\/v2\/posts\/16010\/revisions"}],"predecessor-version":[{"id":16012,"href":"https:\/\/akdenizolaygazetesi.com\/index.php?rest_route=\/wp\/v2\/posts\/16010\/revisions\/16012"}],"wp:featuredmedia":[{"embeddable":true,"href":"https:\/\/akdenizolaygazetesi.com\/index.php?rest_route=\/wp\/v2\/media\/16011"}],"wp:attachment":[{"href":"https:\/\/akdenizolaygazetesi.com\/index.php?rest_route=%2Fwp%2Fv2%2Fmedia&parent=16010"}],"wp:term":[{"taxonomy":"category","embeddable":true,"href":"https:\/\/akdenizolaygazetesi.com\/index.php?rest_route=%2Fwp%2Fv2%2Fcategories&post=16010"},{"taxonomy":"post_tag","embeddable":true,"href":"https:\/\/akdenizolaygazetesi.com\/index.php?rest_route=%2Fwp%2Fv2%2Ftags&post=16010"}],"curies":[{"name":"wp","href":"https:\/\/api.w.org\/{rel}","templated":true}]}}