{"id":16019,"date":"2022-01-07T12:11:09","date_gmt":"2022-01-07T09:11:09","guid":{"rendered":"http:\/\/akdenizolaygazetesi.com\/?p=16019"},"modified":"2022-01-07T12:11:09","modified_gmt":"2022-01-07T09:11:09","slug":"baskan-yilmaz-saglik-onceligimiz-2","status":"publish","type":"post","link":"https:\/\/akdenizolaygazetesi.com\/?p=16019","title":{"rendered":"BA\u015eKAN YILMAZ, &#8220;SA\u011eLIK \u00d6NCEL\u0130\u011e\u0130M\u0130Z&#8221;"},"content":{"rendered":"<p>Toroslar Belediyesi, Covid-19 tedbirleri kapsam\u0131nda, il\u00e7ede bulunan camilerde dezenfeksiyon \u00e7al\u0131\u015fmalar\u0131n\u0131 aral\u0131ks\u0131z s\u00fcrd\u00fcr\u00fcyor.<\/p>\n<p>Belediye Temizlik \u0130\u015fleri M\u00fcd\u00fcrl\u00fc\u011f\u00fc ekipleri taraf\u0131ndan, cami ve Kuran Kurslar\u0131nda y\u00fcr\u00fct\u00fclen hijyen ve dezenfeksiyon \u00e7al\u0131\u015fmalar\u0131yla vatanda\u015flar\u0131n ibadetlerini hijyenik bir ortamda yerine getirmeleri sa\u011flan\u0131yor.<\/p>\n<p>Ekipler, camilerin i\u00e7 ve d\u0131\u015f mekanlar\u0131 ile avlular\u0131nda temizlik ve dezenfekte \u00e7al\u0131\u015fmalar\u0131n\u0131 titizlikle y\u00fcr\u00fct\u00fcyor. \u00d6zellikle Cuma namaz\u0131 \u00f6ncesinde yap\u0131lan dezenfekte i\u015flemi, vatanda\u015ftan tam not al\u0131yor.<\/p>\n<p>BA\u015eKAN YILMAZ, &#8220;SA\u011eLIK \u00d6NCEL\u0130\u011e\u0130M\u0130Z&#8221;<\/p>\n<p>Vatanda\u015flar\u0131n sa\u011fl\u0131kl\u0131 bir ortamda ibadetlerini yerine getirebilmeleri i\u00e7in gereken tedbirleri ald\u0131klar\u0131n\u0131 s\u00f6yleyen Toroslar Belediye Ba\u015fkan\u0131 Ats\u0131z Af\u015f\u0131n Y\u0131lmaz, &#8220;Sa\u011fl\u0131k her zaman \u00f6nceli\u011fimiz. \u0130l\u00e7emizdeki t\u00fcm camilerde dezenfeksiyon \u00e7al\u0131\u015fmalar\u0131m\u0131za devam edece\u011fiz. Vatanda\u015flar\u0131m\u0131zdan da maske, mesafe ve hijyen kurallar\u0131na \u00f6nemle dikkat etmelerini istiyoruz. Bu salg\u0131n\u0131 ancak ald\u0131\u011f\u0131m\u0131z tedbir ve \u00f6nlemlerle yenebiliriz&#8221; diye konu\u015ftu.<\/p>\n","protected":false},"excerpt":{"rendered":"<p>Toroslar Belediyesi, Covid-19 tedbirleri kapsam\u0131nda, il\u00e7ede bulunan camilerde dezenfeksiyon \u00e7al\u0131\u015fmalar\u0131n\u0131 aral\u0131ks\u0131z s\u00fcrd\u00fcr\u00fcyor. Belediye Temizlik \u0130\u015fleri M\u00fcd\u00fcrl\u00fc\u011f\u00fc ekipleri taraf\u0131ndan, cami ve Kuran Kurslar\u0131nda y\u00fcr\u00fct\u00fclen hijyen ve dezenfeksiyon \u00e7al\u0131\u015fmalar\u0131yla vatanda\u015flar\u0131n ibadetlerini hijyenik &hellip; <a href=\"https:\/\/akdenizolaygazetesi.com\/?p=16019\" class=\"more-link\">Devam\u0131n\u0131 Oku&#8230;<\/a><\/p>\n","protected":false},"author":2,"featured_media":16020,"comment_status":"open","ping_status":"open","sticky":false,"template":"","format":"standard","meta":[],"categories":[3],"tags":[],"_links":{"self":[{"href":"https:\/\/akdenizolaygazetesi.com\/index.php?rest_route=\/wp\/v2\/posts\/16019"}],"collection":[{"href":"https:\/\/akdenizolaygazetesi.com\/index.php?rest_route=\/wp\/v2\/posts"}],"about":[{"href":"https:\/\/akdenizolaygazetesi.com\/index.php?rest_route=\/wp\/v2\/types\/post"}],"author":[{"embeddable":true,"href":"https:\/\/akdenizolaygazetesi.com\/index.php?rest_route=\/wp\/v2\/users\/2"}],"replies":[{"embeddable":true,"href":"https:\/\/akdenizolaygazetesi.com\/index.php?rest_route=%2Fwp%2Fv2%2Fcomments&post=16019"}],"version-history":[{"count":1,"href":"https:\/\/akdenizolaygazetesi.com\/index.php?rest_route=\/wp\/v2\/posts\/16019\/revisions"}],"predecessor-version":[{"id":16021,"href":"https:\/\/akdenizolaygazetesi.com\/index.php?rest_route=\/wp\/v2\/posts\/16019\/revisions\/16021"}],"wp:featuredmedia":[{"embeddable":true,"href":"https:\/\/akdenizolaygazetesi.com\/index.php?rest_route=\/wp\/v2\/media\/16020"}],"wp:attachment":[{"href":"https:\/\/akdenizolaygazetesi.com\/index.php?rest_route=%2Fwp%2Fv2%2Fmedia&parent=16019"}],"wp:term":[{"taxonomy":"category","embeddable":true,"href":"https:\/\/akdenizolaygazetesi.com\/index.php?rest_route=%2Fwp%2Fv2%2Fcategories&post=16019"},{"taxonomy":"post_tag","embeddable":true,"href":"https:\/\/akdenizolaygazetesi.com\/index.php?rest_route=%2Fwp%2Fv2%2Ftags&post=16019"}],"curies":[{"name":"wp","href":"https:\/\/api.w.org\/{rel}","templated":true}]}}