{"id":1602,"date":"2020-11-04T18:22:09","date_gmt":"2020-11-04T15:22:09","guid":{"rendered":"http:\/\/mersinekonomipolitikagazetesi.com\/?p=1602"},"modified":"2020-11-04T18:22:09","modified_gmt":"2020-11-04T15:22:09","slug":"tarihi-mersin-deniz-feneri-yine-unutuldu","status":"publish","type":"post","link":"https:\/\/akdenizolaygazetesi.com\/?p=1602","title":{"rendered":"TAR\u0130H\u0130 MERS\u0130N DEN\u0130Z FENER\u0130 Y\u0130NE UNUTULDU!"},"content":{"rendered":"<p>Mersin sahilinde eskinden g\u00fczel deniz manzaras\u0131na e\u015flik eden Tarihi Mersin Deniz Fener\u2019i, \u015fimdilerde \u00f6n\u00fcne tel \u00e7ekilerek kapat\u0131lm\u0131\u015f ve \u00e7evresi \u00e7irkin manzara olu\u015fmu\u015f \u015fekilde kaderine terk edilmi\u015f durumda.<\/p>\n<div>\n<div>\n<div>\n<div>\n<div>\n<div>\n<div>\n<div>\n<div>\n<div>\n<div>\n<div id=\":4\">\n<div id=\":2\">\n<div>\n<div role=\"main\">\n<table cellpadding=\"0\" role=\"presentation\" style=\"width:1630px;\">\n<tbody>\n<tr>\n<td>\n<div>\n<div>\n<div>\n<div role=\"list\">\n<div role=\"listitem\" style=\"clear:both;\" tabindex=\"-1\">\n<div>\n<div>\n<div id=\":x1\">\n<div data-legacy-message-id=\"1625d0e5f1a03b32\" data-message-id=\"1625d0e5f1a03b32\">\n<div style=\"margin-left:44px;\">\n<div id=\":1cm\">\n<div id=\":179\">\n<div dir=\"auto\">\n<blockquote type=\"cite\">\n<div dir=\"ltr\">\n<p><span style=\"font-size:16px;\">1865 y\u0131l\u0131nda yap\u0131lan Mersin Deniz Feneri \u00f6nceleri sahil kenar\u0131nda bulunurken, sahil giderek doldurulunca Fener art\u0131k sahilden uzakla\u015fm\u0131\u015f oldu. Sahilden uzakla\u015fan Mersin Deniz Feneri denizden y\u00fcksekli\u011fi 14 metre olmas\u0131na ra\u011fmen \u00f6n\u00fcn\u00fcn ve \u00e7evresinin i\u015fgalinden, a\u011fa\u00e7lar\u0131n ve \u00e7evresinin bak\u0131ms\u0131zl\u0131\u011f\u0131ndan dolay\u0131 \u00f6nemini yitirmi\u015f bir g\u00f6r\u00fcnt\u00fc haline gelmi\u015f.<\/span><\/p>\n<\/p><\/div>\n<\/blockquote>\n<blockquote type=\"cite\">\n<div dir=\"ltr\">\n<p>\u00a0<\/p>\n<p><span style=\"font-size:16px;\">Daha \u00f6nce i\u015flevini yitirmi\u015f olan Fener gazya\u011f\u0131 ile \u00e7al\u0131\u015f\u0131p bir y\u00fczy\u0131l hizmet veren Tarihi Mersin Deniz Feneri\u2019nde, daha sonra \u0130sve\u00e7 mal\u0131 AGA marka asetilen gazl\u0131 \u00e7akarl\u0131 sisteme ge\u00e7ildi. 1975 y\u0131l\u0131nda ise elektrikli donan\u0131m eklendi.<\/span><\/p>\n<\/p><\/div>\n<\/blockquote>\n<div>\u00a0<\/div>\n<p>\t\t\t<span style=\"font-size:16px;\">\u00d6NEMS\u0130Z VE DE\u011eERS\u0130Z M\u0130?<\/span><\/p>\n<blockquote type=\"cite\">\n<div dir=\"ltr\">\n<p>\u00a0<\/p>\n<p><span style=\"font-size:16px;\">220 Volt, 1000 Watt g\u00fcc\u00fcndeki ampul\u00fc ve kristal aynas\u0131 ile 16 mile kadar etkinlik sa\u011flayan Fener, \u015fimdi ise yetkililerin ilgisizlik ve \u00f6nemsememesi nedeniyle de\u011ferini ve \u00f6nemini yitirmi\u015f bir \u00a0durumda hizmet vermeye devam ediyor.<\/span><\/p>\n<\/p><\/div>\n<\/blockquote>\n<p>\t\t\t<span style=\"font-size:16px;\">Yetkililere, yurt i\u00e7indeki ve yurt d\u0131\u015f\u0131ndaki deniz fenerlerine nas\u0131l de\u011fer verildi\u011fini, nas\u0131l korunup tan\u0131t\u0131m\u0131n\u0131n yap\u0131ld\u0131\u011f\u0131n\u0131 hat\u0131rlatan vatanda\u015f da: \u201cTarihi Mersin Deniz Fener\u2019i yetkili kurumlar ve \u00f6zellikle de turizmciler taraf\u0131ndan unutuldu mu? Mersinli y\u00f6neticiler kendi tarihi yerlerine b\u00f6yle mi sahip \u00e7\u0131k\u0131yor!\u201d \u015feklinde sorularla tepkilerini dile getiriyor.<\/span><\/div>\n<\/p><\/div>\n<\/p><\/div>\n<\/p><\/div>\n<\/p><\/div>\n<\/p><\/div>\n<\/p><\/div>\n<\/p><\/div>\n<\/p><\/div>\n<\/p><\/div>\n<\/p><\/div>\n<\/p><\/div>\n<\/p><\/div>\n<\/td>\n<\/tr>\n<\/tbody>\n<\/table>\n<div style=\"clear:both;\">\u00a0<\/div>\n<\/div>\n<\/div>\n<\/div>\n<\/div>\n<\/div>\n<\/div>\n<\/div>\n<\/div>\n<\/div>\n<\/div>\n<\/div>\n<\/div>\n<\/div>\n<\/div>\n<\/div>\n","protected":false},"excerpt":{"rendered":"<p>Mersin sahilinde eskinden g\u00fczel deniz manzaras\u0131na e\u015flik eden Tarihi Mersin Deniz Fener\u2019i, \u015fimdilerde \u00f6n\u00fcne tel \u00e7ekilerek kapat\u0131lm\u0131\u015f ve \u00e7evresi \u00e7irkin manzara olu\u015fmu\u015f \u015fekilde kaderine terk edilmi\u015f durumda. 1865 y\u0131l\u0131nda yap\u0131lan &hellip; <a href=\"https:\/\/akdenizolaygazetesi.com\/?p=1602\" class=\"more-link\">Devam\u0131n\u0131 Oku&#8230;<\/a><\/p>\n","protected":false},"author":1,"featured_media":0,"comment_status":"open","ping_status":"open","sticky":false,"template":"","format":"standard","meta":[],"categories":[],"tags":[],"_links":{"self":[{"href":"https:\/\/akdenizolaygazetesi.com\/index.php?rest_route=\/wp\/v2\/posts\/1602"}],"collection":[{"href":"https:\/\/akdenizolaygazetesi.com\/index.php?rest_route=\/wp\/v2\/posts"}],"about":[{"href":"https:\/\/akdenizolaygazetesi.com\/index.php?rest_route=\/wp\/v2\/types\/post"}],"author":[{"embeddable":true,"href":"https:\/\/akdenizolaygazetesi.com\/index.php?rest_route=\/wp\/v2\/users\/1"}],"replies":[{"embeddable":true,"href":"https:\/\/akdenizolaygazetesi.com\/index.php?rest_route=%2Fwp%2Fv2%2Fcomments&post=1602"}],"version-history":[{"count":0,"href":"https:\/\/akdenizolaygazetesi.com\/index.php?rest_route=\/wp\/v2\/posts\/1602\/revisions"}],"wp:attachment":[{"href":"https:\/\/akdenizolaygazetesi.com\/index.php?rest_route=%2Fwp%2Fv2%2Fmedia&parent=1602"}],"wp:term":[{"taxonomy":"category","embeddable":true,"href":"https:\/\/akdenizolaygazetesi.com\/index.php?rest_route=%2Fwp%2Fv2%2Fcategories&post=1602"},{"taxonomy":"post_tag","embeddable":true,"href":"https:\/\/akdenizolaygazetesi.com\/index.php?rest_route=%2Fwp%2Fv2%2Ftags&post=1602"}],"curies":[{"name":"wp","href":"https:\/\/api.w.org\/{rel}","templated":true}]}}