{"id":1603,"date":"2020-11-04T18:22:09","date_gmt":"2020-11-04T15:22:09","guid":{"rendered":"http:\/\/mersinekonomipolitikagazetesi.com\/?p=1603"},"modified":"2020-11-04T18:22:09","modified_gmt":"2020-11-04T15:22:09","slug":"tarsusta-firtina-etkili-oldu","status":"publish","type":"post","link":"https:\/\/akdenizolaygazetesi.com\/?p=1603","title":{"rendered":"Tarsus\u2019ta f\u0131rt\u0131na etkili oldu"},"content":{"rendered":"<p>Mersin\u2019in Tarsus il\u00e7esinde etkili olan \u015fiddetli f\u0131rt\u0131na baz\u0131 a\u011fa\u00e7lar\u0131 yerinden s\u00f6kt\u00fc, \u00fczerine a\u011fa\u00e7 devrilen \u00e7ok say\u0131da ara\u00e7 ise hasar g\u00f6rd\u00fc.<\/p>\n<p><span style=\"font-size:16px;\"><span style=\"font-family: sans-serif; line-height: 20px; text-align: justify; background-color: rgb(242, 244, 245);\">Mersin ve il\u00e7elerinde d\u00fcn sabah saatlerinde etkili olmaya ba\u015flayan f\u0131rt\u0131na hayat\u0131 olumsuz etkiledi. G\u00fcney y\u00f6nden esen kuvvetli r\u00fczgar nedeniyle a\u011fa\u00e7lar y\u0131k\u0131l\u0131rken, \u015fiddetli f\u0131rt\u0131na \u00e7ok say\u0131da ev, ara\u00e7 ve i\u015fyerine zarar verdi. Ya\u015fanan olumsuzluklar Mersin B\u00fcy\u00fck\u015fehir Belediyesi ekipleri taraf\u0131ndan giderildi.\u00a0<\/span><br style=\"box-sizing: border-box; font-family: sans-serif; font-size: 14px; line-height: 20px; text-align: justify; background-color: rgb(242, 244, 245);\" \/><br \/>\n<span style=\"font-family: sans-serif; line-height: 20px; text-align: justify; background-color: rgb(242, 244, 245);\">\u015eiddetli f\u0131rt\u0131na \u00f6zellikle Tarsus\u2019un Ye\u015filtepe ve An\u0131t mahalleleri ile Ali Mente\u015fo\u011flu Caddesi, Hal Yolu, \u00c7ardak Kav\u015fa\u011f\u0131, Alparslan T\u00fcrke\u015f Bulvar\u0131, Devlet Bah\u00e7eli Mesire Alan\u0131, Langen Bulvar\u0131, D-400 Karayolu, Girne Mahallesi ve Atat\u00fcrk Gen\u00e7lik Park\u0131 gibi b\u00f6lgelerde etkili oldu.\u00a0<\/span><br style=\"box-sizing: border-box; font-family: sans-serif; font-size: 14px; line-height: 20px; text-align: justify; background-color: rgb(242, 244, 245);\" \/><br \/>\n<span style=\"font-family: sans-serif; line-height: 20px; text-align: justify; background-color: rgb(242, 244, 245);\">Mersin B\u00fcy\u00fck\u015fehir Belediyesi ekipleri Tarsus genelindeki y\u0131k\u0131lan ve tehlike arz eden a\u011fa\u00e7lar\u0131 tek tek temizledi. Ekipler t\u00fcm g\u00fcn hava \u015fartlar\u0131 normale d\u00f6nene kadar \u00e7al\u0131\u015fmalar\u0131n\u0131 s\u00fcrd\u00fcrd\u00fc.\u00a0<\/span><\/span><\/p>\n","protected":false},"excerpt":{"rendered":"<p>Mersin\u2019in Tarsus il\u00e7esinde etkili olan \u015fiddetli f\u0131rt\u0131na baz\u0131 a\u011fa\u00e7lar\u0131 yerinden s\u00f6kt\u00fc, \u00fczerine a\u011fa\u00e7 devrilen \u00e7ok say\u0131da ara\u00e7 ise hasar g\u00f6rd\u00fc. Mersin ve il\u00e7elerinde d\u00fcn sabah saatlerinde etkili olmaya ba\u015flayan f\u0131rt\u0131na &hellip; <a href=\"https:\/\/akdenizolaygazetesi.com\/?p=1603\" class=\"more-link\">Devam\u0131n\u0131 Oku&#8230;<\/a><\/p>\n","protected":false},"author":1,"featured_media":0,"comment_status":"open","ping_status":"open","sticky":false,"template":"","format":"standard","meta":[],"categories":[],"tags":[],"_links":{"self":[{"href":"https:\/\/akdenizolaygazetesi.com\/index.php?rest_route=\/wp\/v2\/posts\/1603"}],"collection":[{"href":"https:\/\/akdenizolaygazetesi.com\/index.php?rest_route=\/wp\/v2\/posts"}],"about":[{"href":"https:\/\/akdenizolaygazetesi.com\/index.php?rest_route=\/wp\/v2\/types\/post"}],"author":[{"embeddable":true,"href":"https:\/\/akdenizolaygazetesi.com\/index.php?rest_route=\/wp\/v2\/users\/1"}],"replies":[{"embeddable":true,"href":"https:\/\/akdenizolaygazetesi.com\/index.php?rest_route=%2Fwp%2Fv2%2Fcomments&post=1603"}],"version-history":[{"count":0,"href":"https:\/\/akdenizolaygazetesi.com\/index.php?rest_route=\/wp\/v2\/posts\/1603\/revisions"}],"wp:attachment":[{"href":"https:\/\/akdenizolaygazetesi.com\/index.php?rest_route=%2Fwp%2Fv2%2Fmedia&parent=1603"}],"wp:term":[{"taxonomy":"category","embeddable":true,"href":"https:\/\/akdenizolaygazetesi.com\/index.php?rest_route=%2Fwp%2Fv2%2Fcategories&post=1603"},{"taxonomy":"post_tag","embeddable":true,"href":"https:\/\/akdenizolaygazetesi.com\/index.php?rest_route=%2Fwp%2Fv2%2Ftags&post=1603"}],"curies":[{"name":"wp","href":"https:\/\/api.w.org\/{rel}","templated":true}]}}