{"id":16039,"date":"2022-01-09T11:35:49","date_gmt":"2022-01-09T08:35:49","guid":{"rendered":"http:\/\/akdenizolaygazetesi.com\/?p=16039"},"modified":"2022-01-09T11:35:49","modified_gmt":"2022-01-09T08:35:49","slug":"mersine-her-turlu-hizmeti-yapiyoruz-yapmaya-da-devam-edecegiz","status":"publish","type":"post","link":"https:\/\/akdenizolaygazetesi.com\/?p=16039","title":{"rendered":"&#8220;MERS\u0130N&#8217;E HER T\u00dcRL\u00dc H\u0130ZMET\u0130 YAPIYORUZ, YAPMAYA DA DEVAM EDECE\u011e\u0130Z&#8221;"},"content":{"rendered":"<p>Mersin B\u00fcy\u00fck\u015fehir Belediye Ba\u015fkan\u0131 Vahap Se\u00e7er \u00f6nc\u00fcl\u00fc\u011f\u00fcnde kent merkezinde trafi\u011fi rahatlatmak ad\u0131na yap\u0131m\u0131 k\u0131sa s\u00fcrede tamamlanan Sevgi Katl\u0131 Kav\u015fa\u011f\u0131&#8217;n\u0131n ard\u0131ndan G\u00f6\u00e7men&#8217;de katl\u0131 kav\u015fak yap\u0131m \u00e7al\u0131\u015fmalar\u0131 ba\u015flat\u0131ld\u0131. Ba\u015fkan Se\u00e7er, G\u00f6\u00e7men&#8217;deki katl\u0131 kav\u015fak \u00e7al\u0131\u015fmas\u0131n\u0131n ilk g\u00fcn\u00fcnde sahay\u0131 ziyaret ederek, incelemelerde bulundu. 2024 y\u0131l\u0131na kadar \u015fimdiye dek yap\u0131m\u0131 tamamlananlara birlikte toplam 5 katl\u0131 kav\u015fak projesini bitirmeyi hedeflediklerini s\u00f6yleyen Ba\u015fkan Se\u00e7er, &#8220;Mersin&#8217;e her t\u00fcrl\u00fc hizmeti yap\u0131yoruz, yapmaya devam edece\u011fiz&#8221; dedi.<br \/>\n&#8220;755 metre uzunlu\u011funda do\u011fu-bat\u0131 aks\u0131nda bir katl\u0131 kav\u015fak&#8221;<br \/>\nMersin Hali civar\u0131ndan bir arac\u0131n 2. \u00c7evre Yolu&#8217;na girdi\u011fi zaman Mezitli&#8217;ye kadar kesintisiz gitmesini istediklerini s\u00f6yleyen Ba\u015fkan Se\u00e7er, yap\u0131m\u0131na ba\u015flanan G\u00f6\u00e7men&#8217;deki katl\u0131 kav\u015fak projesinin detaylar\u0131 hakk\u0131nda \u015fu bilgileri verdi:<br \/>\n&#8220;755 metre uzunlu\u011funda do\u011fu-bat\u0131 aks\u0131nda bir katl\u0131 kav\u015fak. Bu katl\u0131 kav\u015fa\u011f\u0131n bir \u00f6zelli\u011fi; e\u011fimi de son derece az. Di\u011fer katl\u0131 kav\u015faklarda y\u00fczde 8&#8217;lere varan e\u011fim olmas\u0131na ra\u011fmen burada y\u00fczde 3 ile bunu kurtar\u0131yoruz. \u00c7ok az bir e\u011fimle ara\u00e7lar batacak ve 750 metre sonra \u00e7\u0131kacak. Enine de 450 metre yani kuzey-g\u00fcney aks\u0131nda bir g\u00fczergah olacak. Katl\u0131 kav\u015fa\u011f\u0131n \u00fcst zemini de son derece iyi hesapland\u0131. Teknik olarak herhangi bir t\u0131kanmaya, trafi\u011fin aksamas\u0131na sebebiyet vermeyecek, ara\u00e7lar\u0131n daha rahat bir seyir yapmas\u0131n\u0131 sa\u011flayacak \u00f6nlemleri ald\u0131k. Sevgi Katl\u0131 Kav\u015fa\u011f\u0131&#8217;nda bu tip s\u0131k\u0131nt\u0131lar olmu\u015ftu daha sonra onlar\u0131 da a\u015ft\u0131k.&#8221;<br \/>\n\u00c7al\u0131\u015fmalar aral\u0131ks\u0131z devam edecek<br \/>\nG\u00f6\u00e7men&#8217;deki katl\u0131 kav\u015fak \u00e7al\u0131\u015fmas\u0131n\u0131n ard\u0131ndan 34. Cadde ile 2. \u00c7evre Yolu&#8217;nun kesi\u015fti\u011fi noktada h\u0131zla \u00e7al\u0131\u015fma yapmak istediklerini ifade eden Se\u00e7er, \u015f\u00f6yle devam etti:<br \/>\n&#8220;Yani eski K\u0130PA Kav\u015fa\u011f\u0131 olarak an\u0131lan \u015fimdi Sayapark Al\u0131\u015fveri\u015f Merkezi&#8217;nin oldu\u011fu b\u00f6lge. Orada bir proje ve bir meydan \u00e7al\u0131\u015fmam\u0131z var. Orada \u00e7ift proje \u00e7al\u0131\u015f\u0131yoruz. Hatta bir 3&#8217;\u00fcnc\u00fc \u00f6nemli ve de\u011ferli proje de tramvay projesi. Metronun temel atma t\u00f6reninde bunu a\u00e7\u0131klam\u0131\u015ft\u0131m; ba\u015flang\u0131\u00e7 noktas\u0131n\u0131n da metro istasyonunun oldu\u011fu Eczac\u0131l\u0131k Fak\u00fcltesi&#8217;nin k\u00f6\u015fesinde, PTT \u015eubesi&#8217;nin oldu\u011fu b\u00f6l\u00fcmde metronun bir istasyonu olacak. Oradan tramvaya ba\u011flant\u0131 verece\u011fiz. \u0130\u015fte bizim orada yapaca\u011f\u0131m\u0131z k\u00f6pr\u00fcl\u00fc katl\u0131 kav\u015fak da bu entegrasyon i\u00e7erisinde olacak. Yani oradan tramvay ge\u00e7ecek. 34. Cadde boyunca kuzeye gidecek, oradan \u00fcniversite hastanesine, \u00fcniversiteye ve \u00dcniversite Caddesi&#8217;ne 11 kilometrelik ring atacak. Bizim amac\u0131m\u0131z buradan \u00e7\u0131k\u0131p onu ger\u00e7ekle\u015ftirmekti. Ancak \u015fu anda net karar veremedik. Neden? Bir yandan da metro in\u015faat\u0131na ba\u015flad\u0131k. Oradaki istasyon imalatlar\u0131yla, bizim katl\u0131 kav\u015fak imalat\u0131n\u0131n zaman olarak uyumlu olmas\u0131 laz\u0131m. Onu ayarlamaya \u00e7al\u0131\u015f\u0131yoruz. E\u011fer bir bo\u015fluk olacak olursa zaman yitirmeme ad\u0131na \u015fu an Hal Katl\u0131 Kav\u015fa\u011f\u0131 projesi haz\u0131r. Her an girebiliriz. Elimizde duruyor. E\u011fer bir s\u00fcre sorunu ya da zaman kayb\u0131 sorunu ya\u015fayaca\u011f\u0131m\u0131z\u0131 d\u00fc\u015f\u00fcn\u00fcrsek Hal Katl\u0131 Kav\u015fa\u011f\u0131&#8217;n\u0131 ger\u00e7ekle\u015ftirece\u011fiz.&#8221;<br \/>\n&#8220;Biz Mersin&#8217;e her t\u00fcrl\u00fc hizmeti yap\u0131yoruz, yapmaya devam edece\u011fiz&#8221;<br \/>\n\u015eimdiye kadar yap\u0131m\u0131 bitenlerle birlikte 2024 y\u0131l\u0131na kadar toplam 5 katl\u0131 kav\u015fa\u011f\u0131 tamamlamay\u0131 hedeflerini belirten Ba\u015fkan Se\u00e7er, &#8220;Bunlar netle\u015fmi\u015f durumda. Zaten ikisi tamamland\u0131. Biri yar\u0131m devral\u0131nm\u0131\u015ft\u0131. Ancak \u00f6nemli olan bir nokta daha var ki Akbelen Mezarl\u0131\u011f\u0131&#8217;n\u0131n alt b\u00f6lgesindeki kav\u015fak son derece sorun yarat\u0131yor, trafi\u011fi engelliyor. Karayollar\u0131&#8217;n\u0131n uhdesinde. Bir an \u00f6nce bitirilmesi hususunda Karayollar\u0131&#8217;yla g\u00f6r\u00fc\u015fmelerimiz devam ediyor. Farkl\u0131 geli\u015fmeler olabilir, bir \u015fey diyemiyoruz \u015fu anda ama buradan yurtta\u015flar\u0131ma herhangi bir ola\u011fan\u00fcst\u00fc geli\u015fme olmazsa 5 katl\u0131 kav\u015fa\u011f\u0131 2019-2024 y\u0131llar\u0131 aras\u0131nda tamamlayaca\u011f\u0131m\u0131z\u0131n s\u00f6z\u00fcn\u00fc verebiliriz&#8221; dedi.<br \/>\nBa\u015fkan Se\u00e7er, B\u00fcy\u00fck\u015fehir Belediyesi olarak \u00e7al\u0131\u015fmalar\u0131 h\u0131zl\u0131 bir \u015fekilde y\u00fcr\u00fctt\u00fcklerini belirterek, &#8220;Biliyorsunuz Sevgi Katl\u0131 Kav\u015fa\u011f\u0131&#8217;n\u0131 87 g\u00fcnde tamamlad\u0131k. Biz de ba\u015flanan i\u015f bitiyor. Yeter ki bir aksilik olmas\u0131n. Bir engelleme olmas\u0131n. Biz hizmet vermek i\u00e7in u\u011fra\u015f veriyoruz. Vatanda\u015flar\u0131m\u0131z\u0131n bu konuyu takip etmesini istiyoruz. Biz hizmet yapmak istiyoruz, yeter ki \u00f6n\u00fcm\u00fcze engel konmas\u0131n. Ekonomik bir kriz ya\u015fan\u0131yor, bir krizi de yeter ki bize Cumhur \u0130ttifak\u0131 ya\u015fatmas\u0131n. Gerisi kolay. Biz Mersin&#8217;e her t\u00fcrl\u00fc hizmeti yap\u0131yoruz, yapmaya devam edece\u011fiz. Gecemizi g\u00fcnd\u00fcz\u00fcm\u00fcze bug\u00fcne kadar nas\u0131l katt\u0131ysak bundan sonra da devam edece\u011fiz&#8221; diye konu\u015ftu.<br \/>\nG\u00f6\u00e7men Katl\u0131 Kav\u015fa\u011f\u0131&#8217;n\u0131n bir ba\u015fka \u00f6zelli\u011finin de bisiklet yollar\u0131yla entegrasyonu oldu\u011funa dikkat \u00e7eken Ba\u015fkan Se\u00e7er, bundan sonraki yeni imalatlarda da bisiklet yollar\u0131na \u00f6zen g\u00f6stereceklerini kaydetti.<\/p>\n","protected":false},"excerpt":{"rendered":"<p>Mersin B\u00fcy\u00fck\u015fehir Belediye Ba\u015fkan\u0131 Vahap Se\u00e7er \u00f6nc\u00fcl\u00fc\u011f\u00fcnde kent merkezinde trafi\u011fi rahatlatmak ad\u0131na yap\u0131m\u0131 k\u0131sa s\u00fcrede tamamlanan Sevgi Katl\u0131 Kav\u015fa\u011f\u0131&#8217;n\u0131n ard\u0131ndan G\u00f6\u00e7men&#8217;de katl\u0131 kav\u015fak yap\u0131m \u00e7al\u0131\u015fmalar\u0131 ba\u015flat\u0131ld\u0131. Ba\u015fkan Se\u00e7er, G\u00f6\u00e7men&#8217;deki katl\u0131 &hellip; <a href=\"https:\/\/akdenizolaygazetesi.com\/?p=16039\" class=\"more-link\">Devam\u0131n\u0131 Oku&#8230;<\/a><\/p>\n","protected":false},"author":2,"featured_media":16040,"comment_status":"open","ping_status":"open","sticky":false,"template":"","format":"standard","meta":[],"categories":[2,3,5],"tags":[],"_links":{"self":[{"href":"https:\/\/akdenizolaygazetesi.com\/index.php?rest_route=\/wp\/v2\/posts\/16039"}],"collection":[{"href":"https:\/\/akdenizolaygazetesi.com\/index.php?rest_route=\/wp\/v2\/posts"}],"about":[{"href":"https:\/\/akdenizolaygazetesi.com\/index.php?rest_route=\/wp\/v2\/types\/post"}],"author":[{"embeddable":true,"href":"https:\/\/akdenizolaygazetesi.com\/index.php?rest_route=\/wp\/v2\/users\/2"}],"replies":[{"embeddable":true,"href":"https:\/\/akdenizolaygazetesi.com\/index.php?rest_route=%2Fwp%2Fv2%2Fcomments&post=16039"}],"version-history":[{"count":1,"href":"https:\/\/akdenizolaygazetesi.com\/index.php?rest_route=\/wp\/v2\/posts\/16039\/revisions"}],"predecessor-version":[{"id":16041,"href":"https:\/\/akdenizolaygazetesi.com\/index.php?rest_route=\/wp\/v2\/posts\/16039\/revisions\/16041"}],"wp:featuredmedia":[{"embeddable":true,"href":"https:\/\/akdenizolaygazetesi.com\/index.php?rest_route=\/wp\/v2\/media\/16040"}],"wp:attachment":[{"href":"https:\/\/akdenizolaygazetesi.com\/index.php?rest_route=%2Fwp%2Fv2%2Fmedia&parent=16039"}],"wp:term":[{"taxonomy":"category","embeddable":true,"href":"https:\/\/akdenizolaygazetesi.com\/index.php?rest_route=%2Fwp%2Fv2%2Fcategories&post=16039"},{"taxonomy":"post_tag","embeddable":true,"href":"https:\/\/akdenizolaygazetesi.com\/index.php?rest_route=%2Fwp%2Fv2%2Ftags&post=16039"}],"curies":[{"name":"wp","href":"https:\/\/api.w.org\/{rel}","templated":true}]}}