{"id":16042,"date":"2022-01-09T11:37:24","date_gmt":"2022-01-09T08:37:24","guid":{"rendered":"http:\/\/akdenizolaygazetesi.com\/?p=16042"},"modified":"2022-01-09T11:37:24","modified_gmt":"2022-01-09T08:37:24","slug":"meral-secer-kooperatifimizi-ataturkun-mirasina-sahip-cikarak-yurutmeye-calisiyoruz","status":"publish","type":"post","link":"https:\/\/akdenizolaygazetesi.com\/?p=16042","title":{"rendered":"MERAL SE\u00c7ER: &#8220;KOOPERAT\u0130F\u0130M\u0130Z\u0130 ATAT\u00dcRK&#8217;\u00dcN M\u0130RASINA SAH\u0130P \u00c7IKARAK Y\u00dcR\u00dcTMEYE \u00c7ALI\u015eIYORUZ&#8221;"},"content":{"rendered":"<p>Mersin&#8217;in 100. kurtulu\u015f y\u0131l d\u00f6n\u00fcm\u00fcnde Mersin B\u00fcy\u00fck\u015fehir Belediyesi&#8217;nin kurdu\u011fu Etkinlik Alan\u0131&#8217;nda &#8220;Kooperatif\u00e7ilik&#8221; s\u00f6yle\u015fisi ger\u00e7ekle\u015ftirildi. S\u00f6yle\u015fide Mersinden Kad\u0131n Kooperatifi Ba\u015fkan\u0131 Meral Se\u00e7er ve \u0130zmir K\u00f6y-Koop Ba\u015fkan\u0131 Nept\u00fcn Soyer konu\u015fmac\u0131 olarak yer ald\u0131. Mersinden Kad\u0131n Kooperatifi Ba\u015fkan\u0131 Meral Se\u00e7er, kooperatif\u00e7ilikte e\u011fitimin \u00f6nemine dikkat \u00e7ekerek,  &#8220;Yerel y\u00f6netimlerin, kooperatifleri e\u011fitim konular\u0131nda desteklemesi gerekti\u011fini d\u00fc\u015f\u00fcn\u00fcyorum. Bir \u00fcr\u00fcn\u00fcn \u00fcretilip, yerel y\u00f6netime veya kurumlara vermekle s\u00fcrd\u00fcr\u00fclebilir olmayaca\u011f\u0131n\u0131n da bilinmesi gerekti\u011fini d\u00fc\u015f\u00fcn\u00fcyorum&#8221; dedi. Nept\u00fcn Soyer ise &#8220;K\u00fc\u00e7\u00fck \u00fcreticinin hayatta kalmas\u0131 i\u00e7in birle\u015fmek ve kooperatifle\u015fmek zorunday\u0131z&#8221; diye konu\u015ftu.<br \/>\n&#8220;Kooperatifimizi Atat\u00fcrk&#8217;\u00fcn miras\u0131na sahip \u00e7\u0131karak y\u00fcr\u00fctmeye \u00e7al\u0131\u015f\u0131yoruz&#8221;<br \/>\nMeral Se\u00e7er ve Nept\u00fcn Soyer, Mersin B\u00fcy\u00fck\u015fehir Belediye Ba\u015fkan\u0131 Vahap Se\u00e7er&#8217;i makam\u0131nda ziyaret ettikten sonra Etkinlik Alan\u0131&#8217;ndaki s\u00f6yle\u015fide vatanda\u015flarla bulu\u015ftu. Moderat\u00f6rl\u00fc\u011f\u00fcn\u00fc Duygu Canova&#8217;n\u0131n yapt\u0131\u011f\u0131 s\u00f6yle\u015fiye, Mezitli Belediye Ba\u015fkan\u0131 Ne\u015fet Tarhan e\u015fi Sembol Tarhan ile birlikte kat\u0131ld\u0131.<br \/>\nMersinden Kad\u0131n Kooperatifi Ba\u015fkan\u0131 Meral Se\u00e7er, kooperatif\u00e7ili\u011fin tohumlar\u0131n\u0131n at\u0131ld\u0131\u011f\u0131 d\u00f6nemleri hat\u0131rlatarak, &#8220;Mustafa Kemal Atat\u00fcrk, g\u00fc\u00e7lerin birle\u015ftirilmesi mant\u0131\u011f\u0131yla Tekir olarak ge\u00e7en Silifke Gazi \u00c7iftli\u011fi&#8217;nde ilk Tar\u0131m Kredi Kooperatifi&#8217;ni kuruyor. Birle\u015ftik\u00e7e daha g\u00fc\u00e7lenilece\u011fini ve her alanda geli\u015filece\u011fini \u00f6ng\u00f6r\u00fcyordu. O d\u00f6nemde kooperatifle\u015fmeyi ekonomik ve sosyal geli\u015fmenin bir arac\u0131 olarak g\u00f6r\u00fcyordu. Me\u015falenin yak\u0131ld\u0131\u011f\u0131 kentin Mersin olmas\u0131ndan ve burada kooperatifleri kurup bunlar\u0131 geli\u015ftirmekten, Atat\u00fcrk&#8217;\u00fcn miras\u0131na sahip \u00e7\u0131kmaktan dolay\u0131 kendimizle gurur duyuyoruz, \u00e7ok mutlu oluyoruz&#8221; dedi. Gazi \u00c7iftli\u011fi&#8217;ndeki kad\u0131nlarda o ruhu g\u00f6rd\u00fcklerini de s\u00f6zlerine ekleyen Se\u00e7er, &#8220;Kooperatifimizi Atat\u00fcrk&#8217;\u00fcn miras\u0131na sahip \u00e7\u0131karak y\u00fcr\u00fctmeye \u00e7al\u0131\u015f\u0131yoruz&#8221; diye konu\u015ftu.<br \/>\n&#8220;Kooperatifimizin kurulu\u015fundan bu zamana kadar kad\u0131nlar\u0131m\u0131zdaki de\u011fi\u015fimi g\u00f6rd\u00fck&#8221;<br \/>\nMersinden Kad\u0131n Kooperatifi&#8217;nin ilk amac\u0131n\u0131n kooperatifle\u015fmenin artmas\u0131, kentin tan\u0131t\u0131lmas\u0131 ve kad\u0131nlar\u0131n hem sosyal hem de ekonomik olarak g\u00fc\u00e7lenmesi oldu\u011funu vurgulayan Meral Se\u00e7er, &#8220;Bu konuda neler yapmam\u0131z gerekti\u011fini g\u00f6rmek i\u00e7in \u00f6nce Mersin B\u00fcy\u00fck\u015fehir Belediyesi Kad\u0131n ve Aile Hizmetleri G\u00f6n\u00fcll\u00fcl\u00fck Birimi ile beraber kentimizin 13 il\u00e7esini gezdik. Buradaki kad\u0131nlar\u0131m\u0131z neler yap\u0131yor, nelerle u\u011fra\u015f\u0131yor, neler istiyorlar, bunlar\u0131 tespit ettikten sonra bir kooperatif kurulmas\u0131 gerekti\u011fine inand\u0131k ve kooperatifimizi kurduk, faaliyetlerimize ba\u015flad\u0131k&#8221; dedi. Mersinden Kad\u0131n Kooperatifi&#8217;nin kurulu\u015funun 2&#8217;nci y\u0131l\u0131n\u0131 tamamlad\u0131klar\u0131n\u0131 vurgulayan Se\u00e7er, &#8220;O zamandan bu zamana kad\u0131nlar\u0131m\u0131zdaki de\u011fi\u015fimi g\u00f6rd\u00fck. Sadece kad\u0131nlar\u0131m\u0131zda de\u011fil, erkeklerimizde de de\u011fi\u015fimleri g\u00f6rd\u00fck. Daha \u00f6nce kad\u0131nlar\u0131n \u00fcretmesini veya soka\u011fa \u00e7\u0131kmas\u0131n\u0131 istemeyen farkl\u0131 zihniyetlerde de\u011fi\u015fimlerin oldu\u011funu g\u00f6rmek bizi mutlu etti&#8221; ifadelerine yer verdi.<br \/>\n&#8220;Kad\u0131n\u0131n g\u00fc\u00e7l\u00fc olmas\u0131, kendini g\u00fcvende hissetmesi i\u00e7in \u00fcretmesi gerekiyor&#8221;<br \/>\nKooperatif olarak yapt\u0131klar\u0131 faaliyetleri g\u00f6steren bir tan\u0131t\u0131m filminin de izletildi\u011fi s\u00f6yle\u015fide, kooperatiflerin s\u00fcrd\u00fcr\u00fclebilirli\u011fi konusunda da \u00f6nemli de\u011ferlendirmeler yapan Meral Se\u00e7er, &#8220;Sadece yerel y\u00f6netimler de\u011fil, kooperatiflerin desteklenmesi di\u011fer kurumlar taraf\u0131ndan da yap\u0131lmas\u0131 gereken bir durum. \u00c7\u00fcnk\u00fc baz\u0131 ko\u015fullar o kurumlar i\u00e7in de uygun oluyor&#8221; dedi. Son y\u0131llarda T\u00fcrkiye&#8217;de kad\u0131n kooperatiflerinin say\u0131s\u0131n\u0131n artt\u0131\u011f\u0131na da dikkat \u00e7eken Se\u00e7er, \u015funlar\u0131 s\u00f6yledi:<br \/>\n&#8220;Yerel y\u00f6netimlerin, kooperatifleri e\u011fitim konular\u0131nda desteklemesi gerekti\u011fini d\u00fc\u015f\u00fcn\u00fcyorum. Bir \u00fcr\u00fcn\u00fcn \u00fcretilip, yerel y\u00f6netime veya kurumlara vermekle s\u00fcrd\u00fcr\u00fclebilir olmayaca\u011f\u0131n\u0131n da bilinmesi gerekti\u011fini d\u00fc\u015f\u00fcn\u00fcyorum. Dolay\u0131s\u0131yla yerel y\u00f6netimlerin, kooperatifin s\u00fcrd\u00fcr\u00fclebilir olmas\u0131 ve o piyasada rekabet g\u00fcc\u00fcne eri\u015febilmesi i\u00e7in gereken e\u011fitimi vermesi gerekiyor. Onlarla s\u00fcrekli i\u015f birli\u011fi halinde olmas\u0131 gerekiyor. Yapt\u0131\u011f\u0131 projelere de uygun ko\u015fullarda olan kooperatifleri \u00e7ekmesi gerekiyor.&#8221;<br \/>\nMeral Se\u00e7er, kooperatifle\u015fme s\u00fcrecinde iradenin \u00f6nemine vurgu yaparak, &#8220;Her kooperatifin daima kendi ayaklar\u0131 \u00fczerinde durabilmesi ve o g\u00fcc\u00fc hissetmesi gerekiyor. Onu hissetti\u011fi takdirde kooperatifin kurulmaya karar verilmesi gerekti\u011fini d\u00fc\u015f\u00fcn\u00fcyorum&#8221; dedi.<br \/>\n&#8220;Kad\u0131n\u0131n g\u00fc\u00e7l\u00fc olmas\u0131, kendini g\u00fcvende hissetmesi i\u00e7in \u00fcretmesi gerekiyor&#8221;<br \/>\nMeral Se\u00e7er, kad\u0131nlar\u0131n kooperatif \u00e7at\u0131s\u0131 alt\u0131nda bir araya gelerek g\u00fc\u00e7lerini, emeklerini, fikirlerini ve g\u00f6n\u00fcllerini de bir araya getirdiklerini vurgulad\u0131. \u00d6nceki y\u0131l 305 kad\u0131nla birlikte \u00e7al\u0131\u015ft\u0131klar\u0131n\u0131, bu y\u0131l ise &#8220;Evimiz At\u00f6lye&#8221; projesi ile birlikte bu say\u0131n\u0131n 1000&#8217;e yakla\u015ft\u0131\u011f\u0131n\u0131 belirten Se\u00e7er, &#8220;Kad\u0131n\u0131n g\u00fc\u00e7l\u00fc olmas\u0131, kendini g\u00fcvende hissetmesi i\u00e7in \u00fcretmesi gerekiyor. \u00dcrettik\u00e7e ve sosyalle\u015ftik\u00e7e toplumda daha g\u00fc\u00e7l\u00fc olaca\u011f\u0131n\u0131 g\u00f6steriyor. Biz bunu deneyimlerimizle de g\u00f6rd\u00fck. Bundan dolay\u0131 kooperatifle\u015fme ve bu \u00e7at\u0131 alt\u0131nda bir araya gelme do\u011fru bir yol&#8221; diye konu\u015ftu.<br \/>\n&#8220;K\u00fc\u00e7\u00fck \u00fcreticinin hayatta kalmas\u0131 i\u00e7in birle\u015fmek ve kooperatifle\u015fmek zorunday\u0131z&#8221;<br \/>\n\u0130zmir K\u00f6y-Koop Ba\u015fkan\u0131 Nept\u00fcn Soyer ise &#8220;K\u00fc\u00e7\u00fck \u00fcreticinin hayatta kalmas\u0131 i\u00e7in birle\u015fmek ve kooperatifle\u015fmek zorunday\u0131z. Elbette \u00f6zelle\u015fecek, elbette sanayile\u015fecek ama k\u00fc\u00e7\u00fck \u00fcreticinin \u00fcst\u00fcne basarak bu memleketin medeniyete ula\u015fmas\u0131 m\u00fcmk\u00fcn de\u011fil&#8221; diyerek, kooperatif\u00e7ili\u011fi tan\u0131mlad\u0131. Kooperatifin kurucu ortaklar\u0131ndan Mustafa Ba\u015fer&#8217;in anlat\u0131m\u0131yla &#8216;Birlik&#8217; adl\u0131 belgeselin izletildi\u011fi s\u00f6yle\u015fide konu\u015fmas\u0131n\u0131 s\u00fcrd\u00fcren Soyer, &#8220;Bizi doyuran k\u00fc\u00e7\u00fck \u00fcreticiler. Bu bir \u00fclkenin politikas\u0131d\u0131r. Asl\u0131nda Mustafa Kemal Atat\u00fcrk i\u00e7in kooperatif\u00e7ilik hi\u00e7bir zaman ama\u00e7 olmam\u0131\u015f. Kooperatif\u00e7ilik memleketteki geli\u015fme ve medeniyet i\u00e7in bir ara\u00e7 olarak kullan\u0131lm\u0131\u015f&#8221; diye konu\u015ftu.<br \/>\n&#8220;\u00dclkenin yap\u0131s\u0131na bakt\u0131\u011f\u0131n\u0131zda bu k\u00fc\u00e7\u00fck g\u00fc\u00e7s\u00fczler art\u0131k az de\u011fil&#8221;<br \/>\nK\u00fc\u00e7\u00fck \u00fcreticinin \u00fcst\u00fcne basarak bir memlekette y\u00fckselmenin m\u00fcmk\u00fcn olmayaca\u011f\u0131n\u0131n alt\u0131n\u0131 \u00e7izen Soyer, \u015funlar\u0131 s\u00f6yledi:<br \/>\n&#8220;\u00dclkenin yap\u0131s\u0131na bakt\u0131\u011f\u0131n\u0131zda da bu k\u00fc\u00e7\u00fck g\u00fc\u00e7s\u00fczler art\u0131k az de\u011fil. Bizim bu birle\u015fmemizle tekrar kamunun kendine gelmesi laz\u0131m. Dolay\u0131s\u0131yla burada kamu olarak Mersin B\u00fcy\u00fck\u015fehir Belediyesi&#8217;nin yapt\u0131\u011f\u0131 her \u015fey Cumhuriyet d\u00f6neminde Mustafa Kemal Atat\u00fcrk&#8217;\u00fcn att\u0131\u011f\u0131 temeller asl\u0131nda. Tekrar onlar\u0131 hayata kazand\u0131rmaya \u00e7al\u0131\u015f\u0131yoruz. \u0130zmir&#8217;de de bu b\u00f6yle. Siz kamudan ayr\u0131 bir \u015fey yapamazs\u0131n\u0131z. Kooperatifleri de koruyan asl\u0131nda kamudur. 4734 say\u0131l\u0131 bir yasa var. Yasa &#8216;kamu do\u011frudan ihaleye girmeden \u00fcreticiden \u00fcr\u00fcn alabilir&#8217; der. \u015eu an memlekette kamu olarak sadece bunu yapan yerel y\u00f6netimler. H\u00e2lbuki Valilik de kamudur, Milli E\u011fitim M\u00fcd\u00fcrl\u00fc\u011f\u00fc de kamudur, \u0130l Tar\u0131m M\u00fcd\u00fcrl\u00fckleri de kamudur. Bunlar\u0131n hepsi do\u011frudan ihaleye \u00e7\u0131kmadan k\u00fc\u00e7\u00fck \u00fcreticiyi destekleyebilir. Bu bir kader de\u011fil, bu bir tercih. Bunu tercih ettikleri i\u00e7in de \u015fu anda kooperatif\u00e7ilik bizde geli\u015fmiyor.&#8221;<br \/>\n&#8220;Tar\u0131m\u0131 kad\u0131n bulmu\u015ftur, kad\u0131n \u00e7o\u011faltm\u0131\u015ft\u0131r&#8221;<br \/>\nTar\u0131mda kad\u0131n\u0131n rol\u00fcne dikkat \u00e7eken Soyer, &#8220;Tar\u0131m\u0131 kad\u0131n bulmu\u015ftur, kad\u0131n \u00e7o\u011faltm\u0131\u015ft\u0131r. K\u00f6ylerde de \u00e7aputu a\u011f\u0131l\u0131n bir taraf\u0131na s\u0131k\u0131\u015ft\u0131ran, o tohumu \u00e7o\u011faltan kad\u0131nd\u0131r. Tar\u0131m\u0131n s\u00fcrd\u00fcr\u00fclebilirli\u011fini sa\u011flayan da kad\u0131nd\u0131r&#8221; ifadelerine yer verdi. \u0130zmir&#8217;de y\u00fczde 30-35&#8217;lere varan topra\u011f\u0131 i\u015fleyen insan n\u00fcfusu oldu\u011funu da belirten Soyer, &#8220;Marifet k\u0131rsaldaki ya\u015fam\u0131n devam ettirebilmesi. Kendi ya\u011f\u0131m\u0131zda kavruluyoruz, birbirimizi tan\u0131yoruz, ge\u00e7mi\u015fimizi biliyoruz, gelece\u011fimize sahip \u00e7\u0131k\u0131yoruz. \u0130zmir&#8217;in marifeti bence bu. K\u0131rsal hala ayakta ve Mersin&#8217;i de \u00f6yle g\u00f6r\u00fcyorum&#8221; diye konu\u015ftu.<br \/>\nS\u00f6yle\u015finin sonunda kat\u0131l\u0131mc\u0131lar Meral Se\u00e7er ve Nept\u00fcn Soyer&#8217;e sorular\u0131n\u0131 y\u00f6nelterek, merak ettikleri konular\u0131n yan\u0131t\u0131n\u0131 ald\u0131.<\/p>\n","protected":false},"excerpt":{"rendered":"<p>Mersin&#8217;in 100. kurtulu\u015f y\u0131l d\u00f6n\u00fcm\u00fcnde Mersin B\u00fcy\u00fck\u015fehir Belediyesi&#8217;nin kurdu\u011fu Etkinlik Alan\u0131&#8217;nda &#8220;Kooperatif\u00e7ilik&#8221; s\u00f6yle\u015fisi ger\u00e7ekle\u015ftirildi. S\u00f6yle\u015fide Mersinden Kad\u0131n Kooperatifi Ba\u015fkan\u0131 Meral Se\u00e7er ve \u0130zmir K\u00f6y-Koop Ba\u015fkan\u0131 Nept\u00fcn Soyer konu\u015fmac\u0131 olarak yer &hellip; <a href=\"https:\/\/akdenizolaygazetesi.com\/?p=16042\" class=\"more-link\">Devam\u0131n\u0131 Oku&#8230;<\/a><\/p>\n","protected":false},"author":2,"featured_media":16043,"comment_status":"open","ping_status":"open","sticky":false,"template":"","format":"standard","meta":[],"categories":[2,3,5],"tags":[],"_links":{"self":[{"href":"https:\/\/akdenizolaygazetesi.com\/index.php?rest_route=\/wp\/v2\/posts\/16042"}],"collection":[{"href":"https:\/\/akdenizolaygazetesi.com\/index.php?rest_route=\/wp\/v2\/posts"}],"about":[{"href":"https:\/\/akdenizolaygazetesi.com\/index.php?rest_route=\/wp\/v2\/types\/post"}],"author":[{"embeddable":true,"href":"https:\/\/akdenizolaygazetesi.com\/index.php?rest_route=\/wp\/v2\/users\/2"}],"replies":[{"embeddable":true,"href":"https:\/\/akdenizolaygazetesi.com\/index.php?rest_route=%2Fwp%2Fv2%2Fcomments&post=16042"}],"version-history":[{"count":1,"href":"https:\/\/akdenizolaygazetesi.com\/index.php?rest_route=\/wp\/v2\/posts\/16042\/revisions"}],"predecessor-version":[{"id":16044,"href":"https:\/\/akdenizolaygazetesi.com\/index.php?rest_route=\/wp\/v2\/posts\/16042\/revisions\/16044"}],"wp:featuredmedia":[{"embeddable":true,"href":"https:\/\/akdenizolaygazetesi.com\/index.php?rest_route=\/wp\/v2\/media\/16043"}],"wp:attachment":[{"href":"https:\/\/akdenizolaygazetesi.com\/index.php?rest_route=%2Fwp%2Fv2%2Fmedia&parent=16042"}],"wp:term":[{"taxonomy":"category","embeddable":true,"href":"https:\/\/akdenizolaygazetesi.com\/index.php?rest_route=%2Fwp%2Fv2%2Fcategories&post=16042"},{"taxonomy":"post_tag","embeddable":true,"href":"https:\/\/akdenizolaygazetesi.com\/index.php?rest_route=%2Fwp%2Fv2%2Ftags&post=16042"}],"curies":[{"name":"wp","href":"https:\/\/api.w.org\/{rel}","templated":true}]}}