{"id":16045,"date":"2022-01-09T11:39:16","date_gmt":"2022-01-09T08:39:16","guid":{"rendered":"http:\/\/akdenizolaygazetesi.com\/?p=16045"},"modified":"2022-01-09T11:39:16","modified_gmt":"2022-01-09T08:39:16","slug":"buyuksehirden-kaynar-herkese-yarar","status":"publish","type":"post","link":"https:\/\/akdenizolaygazetesi.com\/?p=16045","title":{"rendered":"B\u00dcY\u00dcK\u015eEH\u0130R&#8217;DEN KAYNAR, HERKESE YARAR"},"content":{"rendered":"<p>Mersin B\u00fcy\u00fck\u015fehir Belediyesi Sosyal Hizmetler Dairesi yeni bir hizmet ba\u015flatt\u0131. So\u011fuk k\u0131\u015f g\u00fcnlerinde &#8220;B\u00fcy\u00fck\u015fehir&#8217;den Kaynar Herkese Yarar&#8221; slogan\u0131yla ba\u015flayan hizmet kapsam\u0131nda haftan\u0131n 6 g\u00fcn\u00fc 6 farkl\u0131 noktada vatanda\u015flara kaynar ikram ediliyor.<br \/>\nB\u00fcy\u00fck\u015fehir&#8217;den vatanda\u015flara k\u0131\u015f mevsiminde hem &#8216;\u00e7orba&#8217; hem &#8216;kaynar&#8217;<br \/>\nB\u00fcy\u00fck\u015fehir Belediyesi&#8217;nin 2019 y\u0131l\u0131nda kentin dezavantajl\u0131 ve i\u015flek noktalar\u0131nda ba\u015flatt\u0131\u011f\u0131 &#8220;1 Ekmek 1 \u00c7orba&#8221; hizmeti k\u0131\u015f aylar\u0131nda devam ederken; 2022 y\u0131l\u0131nda ise k\u0131\u015f aylar\u0131nda s\u00fcrecek yeni bir hizmet daha hayata ge\u00e7irildi. Kaynar ikram\u0131 dezavantajl\u0131 mahallelerin yan\u0131 s\u0131ra Yeni\u015fehir, Mezitli, Tarsus, Akdeniz ve Toroslar il\u00e7elerinin i\u015flek noktalar\u0131nda sunularak, her kesimden vatanda\u015f\u0131n i\u00e7ini \u0131s\u0131t\u0131yor.<br \/>\nKentin i\u015flek noktalar\u0131nda herkese ula\u015f\u0131yor<br \/>\nHaftan\u0131n 6 g\u00fcn\u00fc 15.30-17.00 saatleri aras\u0131nda sunulan hizmet; Pazartesi g\u00fcn\u00fc Tarsus&#8217;ta PTT yan\u0131nda, Sal\u0131 g\u00fcn\u00fc Mezitli&#8217;de bankalar \u00f6n\u00fcnde, \u00c7ar\u015famba g\u00fcn\u00fc Toroslar&#8217;da Kuvayi Milliye Caddesi&#8217;nde, Per\u015fembe g\u00fcn\u00fc Akdeniz&#8217;de Yo\u011furt Pazar\u0131&#8217;nda, Cuma g\u00fcn\u00fc Yeni\u015fehir&#8217;de Alanya Soka\u011f\u0131&#8217;nda, Cumartesi g\u00fcn\u00fc ise Tarsus&#8217;ta K\u00fclt\u00fcr Park \u00f6n\u00fcnde devam ediyor.<br \/>\n&#8220;\u0130\u00e7erisinde \u015fifal\u0131 malzemeler bulunuyor&#8221;<br \/>\nB\u00fcy\u00fck\u015fehir Belediyesi Sosyal Hizmetler Dairesi&#8217;ne ba\u011fl\u0131 A\u015fhane&#8217;de g\u00f6rev yapan G\u0131da M\u00fchendisi Bilge K\u00fc\u00e7\u00fckkuba\u015f, yeni ba\u015flayan hizmetle ilgili \u015fu bilgileri payla\u015ft\u0131:<br \/>\n&#8220;K\u0131\u015f aylar\u0131nda ba\u011f\u0131\u015f\u0131kl\u0131\u011f\u0131m\u0131z d\u00fc\u015f\u00fcyor. \u00d6zellikle de bu pandemi d\u00f6neminde hastal\u0131klardan korunmalar\u0131 i\u00e7in vatanda\u015flar\u0131m\u0131za bir nebze olsa \u015fifa olmak i\u00e7in kaynar da\u011f\u0131t\u0131m\u0131 hizmetine ba\u015flad\u0131k. Kaynar Mersin&#8217;e \u00f6zg\u00fc bir i\u00e7ecek. \u0130\u00e7inde zerde\u00e7al, zencefil, havl\u0131can k\u00f6k\u00fc, tar\u00e7\u0131n, karabiber gibi \u015fifal\u0131 malzemeler bulunuyor. Bu malzemeleri uzun bir s\u00fcre kaynat\u0131yoruz. \u0130yice \u00f6zde\u015fle\u015ftirdikten sonra \u00fczerini cevizle s\u00fcsleyip ikram ediyoruz.&#8221;<br \/>\n&#8220;Bu kaynar Mersin&#8217;in temeli&#8221;<br \/>\nKaynar\u0131n tad\u0131n\u0131 \u00e7ok g\u00fczel buldu\u011funu s\u00f6yleyen Nurcan Sanar, &#8220;Bu kaynar Mersin&#8217;in temeli. Mersin&#8217;in yerlisi olan bu kaynar\u0131 bilir. Yerlisi olmayan bilmez. Biz lohusalarda k\u0131\u015f g\u00fcnleri yapar\u0131z kaynar\u0131. Belediyeye \u00e7ok te\u015fekk\u00fcr ederim, b\u00f6yle bir \u015fey d\u00fc\u015f\u00fcn\u00fcp de halka tan\u0131tt\u0131\u011f\u0131 i\u00e7in&#8221; dedi.<br \/>\n\u0130lk defa kaynar i\u00e7ti\u011fini belirten Sedat Altun, &#8220;Belediye sayesinde ke\u015ffedebildim. Ger\u00e7ekten tad\u0131 da muazzam derecede g\u00fczeldi. \u0130yi gelece\u011fini d\u00fc\u015f\u00fcnd\u00fc\u011f\u00fcm i\u00e7in i\u00e7tim&#8221; diye konu\u015ftu.<br \/>\nMehmet Aksoy, &#8220;\u00c7ok memnunuz bu k\u0131\u015f ay\u0131nda bunu da\u011f\u0131tt\u0131klar\u0131 i\u00e7in. \u00c7ok g\u00fczel tad\u0131. Te\u015fekk\u00fcr ediyoruz&#8221; derken, \u0130brahim Ayd\u0131n ise &#8220;Belediyemizin da\u011f\u0131tt\u0131\u011f\u0131 bu \u015fifal\u0131 \u00fcr\u00fcn i\u00e7in \u00e7ok te\u015fekk\u00fcr ediyorum. K\u0131\u015f g\u00fcn\u00fcnde gayet iyi geldi&#8221; ifadelerini kulland\u0131.<\/p>\n","protected":false},"excerpt":{"rendered":"<p>Mersin B\u00fcy\u00fck\u015fehir Belediyesi Sosyal Hizmetler Dairesi yeni bir hizmet ba\u015flatt\u0131. So\u011fuk k\u0131\u015f g\u00fcnlerinde &#8220;B\u00fcy\u00fck\u015fehir&#8217;den Kaynar Herkese Yarar&#8221; slogan\u0131yla ba\u015flayan hizmet kapsam\u0131nda haftan\u0131n 6 g\u00fcn\u00fc 6 farkl\u0131 noktada vatanda\u015flara kaynar ikram &hellip; <a href=\"https:\/\/akdenizolaygazetesi.com\/?p=16045\" class=\"more-link\">Devam\u0131n\u0131 Oku&#8230;<\/a><\/p>\n","protected":false},"author":2,"featured_media":16046,"comment_status":"open","ping_status":"open","sticky":false,"template":"","format":"standard","meta":[],"categories":[1,2,3,5],"tags":[],"_links":{"self":[{"href":"https:\/\/akdenizolaygazetesi.com\/index.php?rest_route=\/wp\/v2\/posts\/16045"}],"collection":[{"href":"https:\/\/akdenizolaygazetesi.com\/index.php?rest_route=\/wp\/v2\/posts"}],"about":[{"href":"https:\/\/akdenizolaygazetesi.com\/index.php?rest_route=\/wp\/v2\/types\/post"}],"author":[{"embeddable":true,"href":"https:\/\/akdenizolaygazetesi.com\/index.php?rest_route=\/wp\/v2\/users\/2"}],"replies":[{"embeddable":true,"href":"https:\/\/akdenizolaygazetesi.com\/index.php?rest_route=%2Fwp%2Fv2%2Fcomments&post=16045"}],"version-history":[{"count":1,"href":"https:\/\/akdenizolaygazetesi.com\/index.php?rest_route=\/wp\/v2\/posts\/16045\/revisions"}],"predecessor-version":[{"id":16047,"href":"https:\/\/akdenizolaygazetesi.com\/index.php?rest_route=\/wp\/v2\/posts\/16045\/revisions\/16047"}],"wp:featuredmedia":[{"embeddable":true,"href":"https:\/\/akdenizolaygazetesi.com\/index.php?rest_route=\/wp\/v2\/media\/16046"}],"wp:attachment":[{"href":"https:\/\/akdenizolaygazetesi.com\/index.php?rest_route=%2Fwp%2Fv2%2Fmedia&parent=16045"}],"wp:term":[{"taxonomy":"category","embeddable":true,"href":"https:\/\/akdenizolaygazetesi.com\/index.php?rest_route=%2Fwp%2Fv2%2Fcategories&post=16045"},{"taxonomy":"post_tag","embeddable":true,"href":"https:\/\/akdenizolaygazetesi.com\/index.php?rest_route=%2Fwp%2Fv2%2Ftags&post=16045"}],"curies":[{"name":"wp","href":"https:\/\/api.w.org\/{rel}","templated":true}]}}