{"id":16048,"date":"2022-01-09T11:41:05","date_gmt":"2022-01-09T08:41:05","guid":{"rendered":"http:\/\/akdenizolaygazetesi.com\/?p=16048"},"modified":"2022-01-09T11:41:05","modified_gmt":"2022-01-09T08:41:05","slug":"basin-mensuplarimiza-destek-olmaya-devam-edecegiz","status":"publish","type":"post","link":"https:\/\/akdenizolaygazetesi.com\/?p=16048","title":{"rendered":"&#8216;Bas\u0131n mensuplar\u0131m\u0131za destek olmaya devam edece\u011fiz&#8217;"},"content":{"rendered":"<p>Toroslar Belediye Ba\u015fkan\u0131 Ats\u0131z Af\u015f\u0131n Y\u0131lmaz, 10 Ocak \u00c7al\u0131\u015fan Gazeteciler G\u00fcn\u00fc dolay\u0131s\u0131yla bir kutlama mesaj\u0131 yay\u0131nlad\u0131.<\/p>\n<p>&#8220;Halk\u0131n sesini tarafs\u0131zca duyuran t\u00fcm bas\u0131n mensuplar\u0131m\u0131za emekleri i\u00e7in te\u015fekk\u00fcr ederiz&#8221; diyen Ba\u015fkan Y\u0131lmaz; &#8220;10 Ocak, de\u011ferli gazetecilerimizin \u00e7al\u0131\u015fma ko\u015fullar\u0131n\u0131n konu\u015fuldu\u011fu ve bu mesle\u011fin zorluklar\u0131n\u0131n hat\u0131rland\u0131\u011f\u0131 \u00f6nemli bir g\u00fcnd\u00fcr. Do\u011fru ve objektif bilgiye daha k\u0131sa s\u00fcrede ula\u015fma ihtiyac\u0131n\u0131n artm\u0131\u015f olmas\u0131, bas\u0131n\u0131n sorumlulu\u011funu da art\u0131rm\u0131\u015ft\u0131r. Bas\u0131n mensuplar\u0131m\u0131z; \u00fclkemizin, ilimizin, il\u00e7emizin sosyal, k\u00fclt\u00fcrel ve ekonomik geli\u015fmesine \u00f6nemli katk\u0131lar sa\u011flamaktad\u0131r. Biz de Toroslar Belediyesi olarak her zaman oldu\u011fu gibi meslek ilkeleri ve de\u011ferlerini \u00f6n planda tutarak kamuoyunu do\u011fru bilgilendiren, mesai mefhumu g\u00f6zetmeksizin fedakarca \u00e7al\u0131\u015fan bas\u0131n mensuplar\u0131m\u0131za destek olmaya devam edece\u011fiz&#8221; dedi.<\/p>\n<p>Ba\u015fkan Y\u0131lmaz; &#8220;Kentimizin kalk\u0131nmas\u0131 ve daha g\u00fczel yar\u0131nlara ula\u015fmas\u0131 noktas\u0131nda birlikte y\u00fcr\u00fcd\u00fc\u011f\u00fcm\u00fcz Mersinimizin de\u011ferli bas\u0131n mensuplar\u0131 ba\u015fta olmak \u00fczere t\u00fcm bas\u0131n camias\u0131n\u0131n \u00c7al\u0131\u015fan Gazeteciler G\u00fcn\u00fc&#8217;n\u00fc kutluyor, sa\u011fl\u0131k, huzur ve ba\u015far\u0131lar diliyorum. Ebediyete intikal eden bas\u0131n mensuplar\u0131n\u0131 da rahmetle an\u0131yorum&#8221; ifadelerini kulland\u0131.<\/p>\n","protected":false},"excerpt":{"rendered":"<p>Toroslar Belediye Ba\u015fkan\u0131 Ats\u0131z Af\u015f\u0131n Y\u0131lmaz, 10 Ocak \u00c7al\u0131\u015fan Gazeteciler G\u00fcn\u00fc dolay\u0131s\u0131yla bir kutlama mesaj\u0131 yay\u0131nlad\u0131. &#8220;Halk\u0131n sesini tarafs\u0131zca duyuran t\u00fcm bas\u0131n mensuplar\u0131m\u0131za emekleri i\u00e7in te\u015fekk\u00fcr ederiz&#8221; diyen Ba\u015fkan Y\u0131lmaz; &hellip; <a href=\"https:\/\/akdenizolaygazetesi.com\/?p=16048\" class=\"more-link\">Devam\u0131n\u0131 Oku&#8230;<\/a><\/p>\n","protected":false},"author":2,"featured_media":16049,"comment_status":"open","ping_status":"open","sticky":false,"template":"","format":"standard","meta":[],"categories":[2,3,5],"tags":[],"_links":{"self":[{"href":"https:\/\/akdenizolaygazetesi.com\/index.php?rest_route=\/wp\/v2\/posts\/16048"}],"collection":[{"href":"https:\/\/akdenizolaygazetesi.com\/index.php?rest_route=\/wp\/v2\/posts"}],"about":[{"href":"https:\/\/akdenizolaygazetesi.com\/index.php?rest_route=\/wp\/v2\/types\/post"}],"author":[{"embeddable":true,"href":"https:\/\/akdenizolaygazetesi.com\/index.php?rest_route=\/wp\/v2\/users\/2"}],"replies":[{"embeddable":true,"href":"https:\/\/akdenizolaygazetesi.com\/index.php?rest_route=%2Fwp%2Fv2%2Fcomments&post=16048"}],"version-history":[{"count":1,"href":"https:\/\/akdenizolaygazetesi.com\/index.php?rest_route=\/wp\/v2\/posts\/16048\/revisions"}],"predecessor-version":[{"id":16050,"href":"https:\/\/akdenizolaygazetesi.com\/index.php?rest_route=\/wp\/v2\/posts\/16048\/revisions\/16050"}],"wp:featuredmedia":[{"embeddable":true,"href":"https:\/\/akdenizolaygazetesi.com\/index.php?rest_route=\/wp\/v2\/media\/16049"}],"wp:attachment":[{"href":"https:\/\/akdenizolaygazetesi.com\/index.php?rest_route=%2Fwp%2Fv2%2Fmedia&parent=16048"}],"wp:term":[{"taxonomy":"category","embeddable":true,"href":"https:\/\/akdenizolaygazetesi.com\/index.php?rest_route=%2Fwp%2Fv2%2Fcategories&post=16048"},{"taxonomy":"post_tag","embeddable":true,"href":"https:\/\/akdenizolaygazetesi.com\/index.php?rest_route=%2Fwp%2Fv2%2Ftags&post=16048"}],"curies":[{"name":"wp","href":"https:\/\/api.w.org\/{rel}","templated":true}]}}