{"id":1605,"date":"2020-11-04T18:22:09","date_gmt":"2020-11-04T15:22:09","guid":{"rendered":"http:\/\/mersinekonomipolitikagazetesi.com\/?p=1605"},"modified":"2020-11-04T18:22:09","modified_gmt":"2020-11-04T15:22:09","slug":"mersinde-siir-kokan-bir-gece","status":"publish","type":"post","link":"https:\/\/akdenizolaygazetesi.com\/?p=1605","title":{"rendered":"MERS\u0130N\u2019DE \u015e\u0130\u0130R KOKAN B\u0130R GECE"},"content":{"rendered":"<p>Mersin Kongre ve Sergi Saray\u0131\u2019nda d\u00fczenlenen \u201c21 Mart D\u00fcnya \u015eiir G\u00fcn\u00fc\u201d etkinli\u011finde bir\u00e7ok ki\u015fi kat\u0131l\u0131m g\u00f6sterirken ve Mersin B\u00fcy\u00fck\u015fehir Belediyesi Ba\u015fkan Vekili Hikmet Ko\u00e7 da yer alarak dinleyicilere \u015fiir okudu.<\/p>\n<blockquote type=\"cite\">\n<div dir=\"ltr\">\n<p><span style=\"font-size:16px;\">Mersin Kongre Sergi Saray\u2019\u0131nda \u201c21 Mart D\u00fcnya \u015eiir G\u00fcn\u00fc\u201d\u00a0 nedeniyle Mersin B\u00fcy\u00fck\u015fehir Belediyesi \u015eiir Kul\u00fcb\u00fc etkinlik d\u00fczenledi.\u00a0<\/span><\/p>\n<p><span style=\"font-size:16px;\">Kongre ve Sergi Saray\u0131\u2019nda d\u00fczenlenen etkinli\u011fe, Mersin B\u00fcy\u00fck\u015fehir Belediyesi Ba\u015fkan Vekili Hikmet Ko\u00e7 ve \u00e7ok say\u0131da Mersinli \u015fiir sever kat\u0131ld\u0131.<\/span><\/p>\n<p>\u00a0<\/p>\n<p><span style=\"font-size:16px;\">Mersin B\u00fcy\u00fck\u015fehir Belediyesi Ba\u015fkan Vekili Hikmet Ko\u00e7 da \u015fair R\u0131za Polat Akkoyunlu\u2019nun \u2018Elveda\u2019 isimli \u015fiirini dinleyiciler i\u00e7in okudu.<\/span><\/p>\n<p>\u00a0<\/p>\n<p><span style=\"font-size:16px;\">T\u00dcRK\u0130YE\u2019YE MAL OLMU\u015e \u015e\u0130\u0130RLER OKUNDU<\/span><\/p>\n<p>\u00a0<\/p>\n<p><span style=\"font-size:16px;\">D\u00fcnya \u015eiir G\u00fcn\u00fc etkinli\u011finde, T\u00fcrkiye\u2019ye nam salm\u0131\u015f \u015fiirler Mersin B\u00fcy\u00fck\u015fehir Belediyesi \u015eiir Kul\u00fcb\u00fc, Mersin Yazarlar Derne\u011fi, Mersin \u015eairler ve Yazarlar Derne\u011fi, Tarsus \u015eairler ve Yazarlar Derne\u011fi ile \u0130\u00e7el Sanat Kul\u00fcb\u00fc \u00fcyeleri taraf\u0131ndan Abdurrahim Karako\u00e7\u2019un \u2018Yemin\u2019 ve \u2018Unutursun Mihriban\u0131m\u2019,\u00a0 Naz\u0131m Hikmet Ran\u2019\u0131n \u2018Ya\u015famaya Dair\u2019, Yunus Emre\u2019nin \u2018Veda\u2019, Attila \u0130lhan\u2019\u0131n \u2018Ben Sana Mecburum\u2019, Abdulvahab Kocaman\u2019\u0131n \u2018Vatan Destan\u0131\u2019, Cemal Safi\u2019nin \u2018Tek Hece A\u015fk\u2019, \u00dcmit Ya\u015far O\u011fuzcan\u2019\u0131n \u2018G\u00f6zlerimde G\u00f6zlerin\u2019, Cahit S\u0131tk\u0131 Taranc\u0131\u2019n\u0131n \u2018Desem Ki\u2019, Ahmet Muhip D\u0131ranas\u2019\u0131n \u2018Serenad\u2019, B\u00fclent Yavuz Bakiler\u2019in \u2018\u015ea\u015f\u0131rd\u0131m Kald\u0131m \u0130\u015fte\u2019, Arif Nihat Asya\u2019n\u0131n \u2018Bir Bayrak R\u00fczg\u00e2r Bekliyor\u2019, Bahattin Karako\u00e7\u2019un \u2018Ihlamurlar \u00c7i\u00e7ek A\u00e7t\u0131\u011f\u0131 Zaman\u2019, Ataol Behramo\u011flu\u2019nun \u2018A\u015fk \u0130ki Ki\u015filiktir\u2019, Karacao\u011flan\u2019\u0131n \u2018\u0130ncecikten Bir Kar Ya\u011far\u2019, \u00d6mer L\u00fctfi Mete\u2019nin \u2018G\u00fcrc\u00fc\u2019 ve Mersin B\u00fcy\u00fck\u015fehir Belediye Ba\u015fkan\u0131 Burhanettin Kocamaz\u2019\u0131n da Selam G\u00f6t\u00fcr adl\u0131 \u015fiirleri seslendirildi.<\/span><\/p>\n<div>\n<div aria-label=\"Geni\u015fletilen i\u00e7eri\u011fi gizleyin\" data-tooltip=\"Geni\u015fletilen i\u00e7eri\u011fi gizleyin\" id=\":vp\" role=\"button\" style=\"clear:both;\" tabindex=\"0\"><span style=\"font-size:16px;\"><img src=\"https:\/\/ssl.gstatic.com\/ui\/v1\/icons\/mail\/images\/cleardot.gif\" style=\"height:8px;width:20px;\" \/><\/span><\/div>\n<\/div>\n<div>\n<p><span style=\"font-size:16px;\">Ayr\u0131ca Mersinli \u015fair Sabahattin Akg\u00fcl de kendi \u015fiirlerini Mersinli \u015fiir severler i\u00e7in okudu.<\/span><\/p>\n<p>\u00a0<\/p>\n<p><span style=\"font-size:16px;\">Halk ozan\u0131 A\u015f\u0131k Veysel \u015eat\u0131ro\u011flu\u2019nun \u00f6l\u00fcm y\u0131l d\u00f6n\u00fcm\u00fcn\u00fc de anmak amac\u0131yla \u2018Anlatmam Derdimi Dertsiz \u0130nsana\u2019 isimli t\u00fcrk\u00fc de dinleyiciler ile payla\u015f\u0131ld\u0131.<\/span><\/p>\n<p><span style=\"font-size:16px;\">Okunan \u015fiirlerin ard\u0131ndan gecenin sonunda, \u0130\u00e7el Sanat Kul\u00fcb\u00fc Koro \u00dcyesi Sultan Ko\u00e7, Haydar Haydar isimli t\u00fcrk\u00fcy\u00fc okudu<\/span><\/p>\n<p><span style=\"font-size:16px;\">Ard\u0131ndan B\u00fcy\u00fck\u015fehir Belediyesi Ba\u015fkan Vekili Ko\u00e7 taraf\u0131ndan etkinlik sonunda \u015fiir okuyanlara belge takdimi yapt\u0131.<\/span><\/p>\n<\/div>\n<\/div>\n<\/blockquote>\n","protected":false},"excerpt":{"rendered":"<p>Mersin Kongre ve Sergi Saray\u0131\u2019nda d\u00fczenlenen \u201c21 Mart D\u00fcnya \u015eiir G\u00fcn\u00fc\u201d etkinli\u011finde bir\u00e7ok ki\u015fi kat\u0131l\u0131m g\u00f6sterirken ve Mersin B\u00fcy\u00fck\u015fehir Belediyesi Ba\u015fkan Vekili Hikmet Ko\u00e7 da yer alarak dinleyicilere \u015fiir okudu. &hellip; <a href=\"https:\/\/akdenizolaygazetesi.com\/?p=1605\" class=\"more-link\">Devam\u0131n\u0131 Oku&#8230;<\/a><\/p>\n","protected":false},"author":1,"featured_media":0,"comment_status":"open","ping_status":"open","sticky":false,"template":"","format":"standard","meta":[],"categories":[],"tags":[],"_links":{"self":[{"href":"https:\/\/akdenizolaygazetesi.com\/index.php?rest_route=\/wp\/v2\/posts\/1605"}],"collection":[{"href":"https:\/\/akdenizolaygazetesi.com\/index.php?rest_route=\/wp\/v2\/posts"}],"about":[{"href":"https:\/\/akdenizolaygazetesi.com\/index.php?rest_route=\/wp\/v2\/types\/post"}],"author":[{"embeddable":true,"href":"https:\/\/akdenizolaygazetesi.com\/index.php?rest_route=\/wp\/v2\/users\/1"}],"replies":[{"embeddable":true,"href":"https:\/\/akdenizolaygazetesi.com\/index.php?rest_route=%2Fwp%2Fv2%2Fcomments&post=1605"}],"version-history":[{"count":0,"href":"https:\/\/akdenizolaygazetesi.com\/index.php?rest_route=\/wp\/v2\/posts\/1605\/revisions"}],"wp:attachment":[{"href":"https:\/\/akdenizolaygazetesi.com\/index.php?rest_route=%2Fwp%2Fv2%2Fmedia&parent=1605"}],"wp:term":[{"taxonomy":"category","embeddable":true,"href":"https:\/\/akdenizolaygazetesi.com\/index.php?rest_route=%2Fwp%2Fv2%2Fcategories&post=1605"},{"taxonomy":"post_tag","embeddable":true,"href":"https:\/\/akdenizolaygazetesi.com\/index.php?rest_route=%2Fwp%2Fv2%2Ftags&post=1605"}],"curies":[{"name":"wp","href":"https:\/\/api.w.org\/{rel}","templated":true}]}}